{"id":34783,"date":"2025-04-24T08:37:38","date_gmt":"2025-04-24T06:37:38","guid":{"rendered":"https:\/\/www.iceagetv.com\/radiosite\/?p=34783"},"modified":"2025-04-24T08:37:42","modified_gmt":"2025-04-24T06:37:42","slug":"le-jeune-homme-qui-affirme-avoir-16-ans-auteur-de-lagression-dun-rabbin-a-orleans-en-mars-dernier-a-ete-condamne-cette-nuit-par-le-tribunal-pour-enfants-a-16-mois-de-prison-avec-maintien-en-de","status":"publish","type":"post","link":"https:\/\/www.iceagetv.com\/radiosite\/le-jeune-homme-qui-affirme-avoir-16-ans-auteur-de-lagression-dun-rabbin-a-orleans-en-mars-dernier-a-ete-condamne-cette-nuit-par-le-tribunal-pour-enfants-a-16-mois-de-prison-avec-maintien-en-de\/","title":{"rendered":"Le jeune homme, qui affirme avoir 16 ans, auteur de l&rsquo;agression d&rsquo;un rabbin \u00e0 Orl\u00e9ans en mars dernier, a \u00e9t\u00e9 condamn\u00e9 cette nuit par le tribunal pour enfants \u00e0 16 mois de prison, avec maintien en d\u00e9tention."},"content":{"rendered":"\n<p class=\"\">Le jeune homme, qui affirme avoir 16 ans, auteur de l&rsquo;agression d&rsquo;un rabbin d&rsquo;Orl\u00e9ans en mars dernier, a \u00e9t\u00e9 condamn\u00e9 cette nuit par le tribunal pour enfants \u00e0 16 mois de prison, avec maintien en d\u00e9tention. Il aura fallu huit heures d&rsquo;audience \u00e0 huis-clos pour que le tribunal pour enfants d&rsquo;Orl\u00e9ans juge, ce mercredi, le jeune homme de 16 ans qui avait agress\u00e9 en pleine rue le rabbin d&rsquo;Orl\u00e9ans, le 22 mars dernier. Apr\u00e8s lui avoir demand\u00e9 s&rsquo;il \u00e9tait juif, il l&rsquo;avait insult\u00e9, crach\u00e9 au visage puis frapp\u00e9 \u00e0 coups de pieds et de poing, avant de prendre la fuite.<\/p>\n\n\n\n<p class=\"\">L&rsquo;homme avait \u00e9t\u00e9 interpell\u00e9 peu apr\u00e8s ; lors de sa garde \u00e0 vue, il avait pr\u00e9tendu \u00eatre de nationalit\u00e9 palestinienne, avant finalement de reconna\u00eetre qu&rsquo;il \u00e9tait de nationalit\u00e9 marocaine, mineur isol\u00e9 arriv\u00e9 depuis peu en France.<\/p>\n\n\n\n<p class=\"\">Lors de son arriv\u00e9e au palais de justice cet apr\u00e8s-midi, le rabbin&nbsp;Ari\u00e9 Engelberg&nbsp;avait expliqu\u00e9 qu&rsquo;il venait \u00ab\u00a0la t\u00eate haute\u00a0\u00bb : \u00ab\u00a0c&rsquo;est ce que j&rsquo;ai fait lors de l&rsquo;agression en me d\u00e9fendant, et c&rsquo;est ce que je continuerai \u00e0 faire, pour toute la communaut\u00e9 juive et pour la soci\u00e9t\u00e9 fran\u00e7aise toute enti\u00e8re car, dans une d\u00e9mocratie, on n&rsquo;a pas le droit de se faire agresser en raison de sa religion, quelle qu&rsquo;elle soit.\u00a0\u00bb<\/p>\n\n\n\n<p class=\"\">Le jeune homme a \u00e9t\u00e9 condamn\u00e9 au total \u00e0 16 mois de prison ferme : dans le d\u00e9tail, 12 mois pour l&rsquo;agression proprement dite, qualifi\u00e9e de \u00ab\u00a0violences volontaires commises en raison de l&rsquo;appartenance de la victime \u00e0 une religion\u00a0\u00bb ; 2 mois pour avoir refus\u00e9 de se soumettre aux pr\u00e9l\u00e8vements biologiques lors de sa garde \u00e0 vue ; et 2 mois pour usage de stup\u00e9fiants (2 grammes de r\u00e9sine de cannabis avaient \u00e9t\u00e9 retrouv\u00e9s sur lui). Il lui est aussi interdit de para\u00eetre dans le Loiret pendant cinq ans et d&rsquo;entrer en contact avec la victime pendant trois ans.<\/p>\n","protected":false},"excerpt":{"rendered":"<p>Le jeune homme, qui affirme avoir 16 ans, auteur de l&rsquo;agression d&rsquo;un rabbin d&rsquo;Orl\u00e9ans en mars dernier, a \u00e9t\u00e9 condamn\u00e9 cette nuit par le tribunal pour enfants \u00e0 16 mois de prison, avec maintien en d\u00e9tention. Il aura fallu huit heures d&rsquo;audience \u00e0 huis-clos pour que le tribunal pour enfants d&rsquo;Orl\u00e9ans juge, ce mercredi, le [&hellip;]<\/p>\n","protected":false},"author":2,"featured_media":34784,"comment_status":"open","ping_status":"open","sticky":false,"template":"","format":"standard","meta":{"_jetpack_memberships_contains_paid_content":false,"footnotes":"","jetpack_publicize_message":"","jetpack_publicize_feature_enabled":true,"jetpack_social_post_already_shared":true,"jetpack_social_options":{"image_generator_settings":{"template":"highway","enabled":true,"token":"eyJpbWciOiJodHRwczpcL1wvd3d3LmljZWFnZXR2LmNvbVwvcmFkaW9zaXRlXC93cC1jb250ZW50XC91cGxvYWRzXC8yMDI1XC8wNFwvVU1rcUF0djMuanBnIiwidHh0IjoiTGUgamV1bmUgaG9tbWUsIHF1aSBhZmZpcm1lIGF2b2lyIDE2IGFucywgYXV0ZXVyIGRlIGwmIzgyMTc7YWdyZXNzaW9uIGQmIzgyMTc7dW4gcmFiYmluIFx1MDBlMCBPcmxcdTAwZTlhbnMgZW4gbWFycyBkZXJuaWVyLCBhIFx1MDBlOXRcdTAwZTkgY29uZGFtblx1MDBlOSBjZXR0ZSBudWl0IHBhciBsZSB0cmlidW5hbCBwb3VyIGVuZmFudHMgXHUwMGUwIDE2IG1vaXMgZGUgcHJpc29uLCBhdmVjIG1haW50aWVuIGVuIGRcdTAwZTl0ZW50aW9uLiIsInRlbXBsYXRlIjoiaGlnaHdheSIsImJsb2dfaWQiOjExMTAxNjQ2MX0.Zgr87o8nsNY9C--2_lUqUSLkeEZu1xLCviC2cf9LeKsMQ"},"version":2},"_wpas_customize_per_network":false},"categories":[405],"tags":[],"class_list":["post-34783","post","type-post","status-publish","format-standard","has-post-thumbnail","hentry","category-actu-france-monde"],"jetpack_publicize_connections":[],"jetpack_featured_media_url":"https:\/\/i0.wp.com\/www.iceagetv.com\/radiosite\/wp-content\/uploads\/2025\/04\/UMkqAtv3.jpg?fit=679%2C293&ssl=1","jetpack_sharing_enabled":true,"_links":{"self":[{"href":"https:\/\/www.iceagetv.com\/radiosite\/wp-json\/wp\/v2\/posts\/34783","targetHints":{"allow":["GET"]}}],"collection":[{"href":"https:\/\/www.iceagetv.com\/radiosite\/wp-json\/wp\/v2\/posts"}],"about":[{"href":"https:\/\/www.iceagetv.com\/radiosite\/wp-json\/wp\/v2\/types\/post"}],"author":[{"embeddable":true,"href":"https:\/\/www.iceagetv.com\/radiosite\/wp-json\/wp\/v2\/users\/2"}],"replies":[{"embeddable":true,"href":"https:\/\/www.iceagetv.com\/radiosite\/wp-json\/wp\/v2\/comments?post=34783"}],"version-history":[{"count":1,"href":"https:\/\/www.iceagetv.com\/radiosite\/wp-json\/wp\/v2\/posts\/34783\/revisions"}],"predecessor-version":[{"id":34785,"href":"https:\/\/www.iceagetv.com\/radiosite\/wp-json\/wp\/v2\/posts\/34783\/revisions\/34785"}],"wp:featuredmedia":[{"embeddable":true,"href":"https:\/\/www.iceagetv.com\/radiosite\/wp-json\/wp\/v2\/media\/34784"}],"wp:attachment":[{"href":"https:\/\/www.iceagetv.com\/radiosite\/wp-json\/wp\/v2\/media?parent=34783"}],"wp:term":[{"taxonomy":"category","embeddable":true,"href":"https:\/\/www.iceagetv.com\/radiosite\/wp-json\/wp\/v2\/categories?post=34783"},{"taxonomy":"post_tag","embeddable":true,"href":"https:\/\/www.iceagetv.com\/radiosite\/wp-json\/wp\/v2\/tags?post=34783"}],"curies":[{"name":"wp","href":"https:\/\/api.w.org\/{rel}","templated":true}]}}