{"id":34789,"date":"2025-04-24T09:32:10","date_gmt":"2025-04-24T07:32:10","guid":{"rendered":"https:\/\/www.iceagetv.com\/radiosite\/?p=34789"},"modified":"2025-04-24T09:32:15","modified_gmt":"2025-04-24T07:32:15","slug":"bouches-du-rhone-deux-prisons-visees-par-des-tirs-de-mortiers-et-des-incendies-cette-nuit","status":"publish","type":"post","link":"https:\/\/www.iceagetv.com\/radiosite\/bouches-du-rhone-deux-prisons-visees-par-des-tirs-de-mortiers-et-des-incendies-cette-nuit\/","title":{"rendered":"Bouches-du-Rh\u00f4ne: deux prisons vis\u00e9es par des tirs de mortiers et des incendies cette nuit"},"content":{"rendered":"\n<p class=\"\">Deux prisons ont \u00e9t\u00e9 prises pour cibles dans la nuit de mercredi \u00e0 jeudi 24 avril dans les Bouches-du-Rh\u00f4ne. Les auteurs des faits sont en fuite.<\/p>\n\n\n\n<p class=\"\">Nouvelles&nbsp;<a href=\"https:\/\/www.bfmtv.com\/police-justice\/prisons-attaquees-le-gouvernement-veut-que-l-etat-puisse-porter-plainte-en-lieu-et-place-de-l-agent_AV-202504230734.html\">attaques contre les prisons&nbsp;<\/a>dans les Bouches-du-Rh\u00f4ne. La maison d&rsquo;arr\u00eat d&rsquo;Aix-Luynes a \u00e9t\u00e9 la cible de mortiers d&rsquo;artifice dans la nuit de mercredi 23 \u00e0 jeudi 24 avril, a appris BFMTV aupr\u00e8s d&rsquo;une source polici\u00e8re.<\/p>\n\n\n\n<p class=\"\">Peu apr\u00e8s minuit, le personnel de l&rsquo;\u00e9tablissement a signal\u00e9 des tirs sur le batiment en provenance du parking situ\u00e9 \u00e0 proximit\u00e9. Aucun bless\u00e9 ni d\u00e9g\u00e2t n&rsquo;est \u00e0 signaler. Les auteurs des faits sont en fuite.Le centre pour mineurs de Marseille vis\u00e9<\/p>\n\n\n\n<p class=\"\">La m\u00eame nuit, le personnel de la prison pour mineurs La Valentine situ\u00e9e \u00e0 Marseille a signal\u00e9 deux d\u00e9parts de feu sans gravit\u00e9 pr\u00e8s du b\u00e2timent. Le premier avait comme origine une boite de fus\u00e9es ainsi que deux b\u00e2tons d\u2019artifice. Le second \u00e9tait un feu de broussailles.\u00a065 faits\u00a0\u00bb d&rsquo;agressions ou d\u00e9gradations ont \u00e9t\u00e9 commis depuis 10 jours contre des centres p\u00e9nitentiaires et leurs agents sur tout le territoire, a indiqu\u00e9 mercredi le ministre de l&rsquo;Int\u00e9rieur Bruno Retailleau. Le Premier ministre Fran\u00e7ois Bayrou a d\u00e9nonc\u00e9 des attaques \u00ab\u00a0intol\u00e9rables\u00a0\u00bb qui montrent que les mesures carc\u00e9rales \u00ab\u00a0plus s\u00e9v\u00e8res\u00a0\u00bb annonc\u00e9es pour les narcotrafiquants les plus dangereux \u00ab\u00a0touchent juste\u00a0\u00bb<\/p>\n","protected":false},"excerpt":{"rendered":"<p>Deux prisons ont \u00e9t\u00e9 prises pour cibles dans la nuit de mercredi \u00e0 jeudi 24 avril dans les Bouches-du-Rh\u00f4ne. Les auteurs des faits sont en fuite. Nouvelles&nbsp;attaques contre les prisons&nbsp;dans les Bouches-du-Rh\u00f4ne. La maison d&rsquo;arr\u00eat d&rsquo;Aix-Luynes a \u00e9t\u00e9 la cible de mortiers d&rsquo;artifice dans la nuit de mercredi 23 \u00e0 jeudi 24 avril, a appris [&hellip;]<\/p>\n","protected":false},"author":2,"featured_media":34790,"comment_status":"open","ping_status":"open","sticky":false,"template":"","format":"standard","meta":{"_jetpack_memberships_contains_paid_content":false,"footnotes":"","jetpack_publicize_message":"","jetpack_publicize_feature_enabled":true,"jetpack_social_post_already_shared":true,"jetpack_social_options":{"image_generator_settings":{"template":"highway","enabled":true,"token":"eyJpbWciOiJodHRwczpcL1wvd3d3LmljZWFnZXR2LmNvbVwvcmFkaW9zaXRlXC93cC1jb250ZW50XC91cGxvYWRzXC8yMDI1XC8wNFwvcHJpc29uLWQtYWl4LWx1eW5lcy1lbi1tYWktMjAyMy0xNjI5MzE1LmpwZyIsInR4dCI6IkJvdWNoZXMtZHUtUmhcdTAwZjRuZTogZGV1eCBwcmlzb25zIHZpc1x1MDBlOWVzIHBhciBkZXMgdGlycyBkZSBtb3J0aWVycyBldCBkZXMgaW5jZW5kaWVzIGNldHRlIG51aXQiLCJ0ZW1wbGF0ZSI6ImhpZ2h3YXkiLCJibG9nX2lkIjoxMTEwMTY0NjF9.ERNNOhzNupaTFWTR_9-7T-F3BG2afNpLBG1WEFwQgfEMQ"},"version":2},"_wpas_customize_per_network":false},"categories":[405],"tags":[],"class_list":["post-34789","post","type-post","status-publish","format-standard","has-post-thumbnail","hentry","category-actu-france-monde"],"jetpack_publicize_connections":[],"jetpack_featured_media_url":"https:\/\/i0.wp.com\/www.iceagetv.com\/radiosite\/wp-content\/uploads\/2025\/04\/prison-d-aix-luynes-en-mai-2023-1629315.jpg?fit=800%2C450&ssl=1","jetpack_sharing_enabled":true,"_links":{"self":[{"href":"https:\/\/www.iceagetv.com\/radiosite\/wp-json\/wp\/v2\/posts\/34789","targetHints":{"allow":["GET"]}}],"collection":[{"href":"https:\/\/www.iceagetv.com\/radiosite\/wp-json\/wp\/v2\/posts"}],"about":[{"href":"https:\/\/www.iceagetv.com\/radiosite\/wp-json\/wp\/v2\/types\/post"}],"author":[{"embeddable":true,"href":"https:\/\/www.iceagetv.com\/radiosite\/wp-json\/wp\/v2\/users\/2"}],"replies":[{"embeddable":true,"href":"https:\/\/www.iceagetv.com\/radiosite\/wp-json\/wp\/v2\/comments?post=34789"}],"version-history":[{"count":1,"href":"https:\/\/www.iceagetv.com\/radiosite\/wp-json\/wp\/v2\/posts\/34789\/revisions"}],"predecessor-version":[{"id":34791,"href":"https:\/\/www.iceagetv.com\/radiosite\/wp-json\/wp\/v2\/posts\/34789\/revisions\/34791"}],"wp:featuredmedia":[{"embeddable":true,"href":"https:\/\/www.iceagetv.com\/radiosite\/wp-json\/wp\/v2\/media\/34790"}],"wp:attachment":[{"href":"https:\/\/www.iceagetv.com\/radiosite\/wp-json\/wp\/v2\/media?parent=34789"}],"wp:term":[{"taxonomy":"category","embeddable":true,"href":"https:\/\/www.iceagetv.com\/radiosite\/wp-json\/wp\/v2\/categories?post=34789"},{"taxonomy":"post_tag","embeddable":true,"href":"https:\/\/www.iceagetv.com\/radiosite\/wp-json\/wp\/v2\/tags?post=34789"}],"curies":[{"name":"wp","href":"https:\/\/api.w.org\/{rel}","templated":true}]}}