{"id":34795,"date":"2025-04-24T13:46:28","date_gmt":"2025-04-24T11:46:28","guid":{"rendered":"https:\/\/www.iceagetv.com\/radiosite\/?p=34795"},"modified":"2025-04-24T13:46:32","modified_gmt":"2025-04-24T11:46:32","slug":"frontiere-fermee-diplomates-expulses-menaces-la-situation-entre-linde-et-le-pakistan-se-tend-apres-lattentat-au-cachemire","status":"publish","type":"post","link":"https:\/\/www.iceagetv.com\/radiosite\/frontiere-fermee-diplomates-expulses-menaces-la-situation-entre-linde-et-le-pakistan-se-tend-apres-lattentat-au-cachemire\/","title":{"rendered":"Fronti\u00e8re ferm\u00e9e, diplomates expuls\u00e9s, menaces&#8230; La situation entre l\u2019Inde et le Pakistan se tend apr\u00e8s l\u2019attentat au Cachemire"},"content":{"rendered":"\n<p class=\"\"><strong>LE POINT SUR LA SITUATION\u00a0&#8211; Apr\u00e8s l\u2019attaque tuant 25 touristes dans la ville de Pahalgam, attribu\u00e9e par l\u2019Inde \u00e0 des islamistes soutenus par le Pakistan, le Comit\u00e9 de la s\u00e9curit\u00e9 nationale pakistanais s\u2019est r\u00e9uni ce jeudi pour d\u00e9cider d\u2019une r\u00e9ponse aux mesures diplomatiques in\u00e9dites de l\u2019Inde.<\/strong>L\u2019Inde ordonne aux citoyens pakistanais de quitter le territoire d\u2019ici au 29 avril. De son c\u00f4t\u00e9, le Pakistan a annonc\u00e9 ce jeudi qu\u2019il prendrait des\u00a0<em>\u00abmesures fermes\u00bb<\/em>\u00a0contre toute\u00a0<em>\u00abmenace indienne\u00bb,<\/em>\u00a0d\u00e9clarant au m\u00eame moment fermer sa fronti\u00e8re et son espace a\u00e9rien \u00e0 New Delhi, tout en d\u00e9clarant\u00a0<em>\u00ab<\/em><a href=\"http:\/\/www.lefigaro.fr\/flash-actu\/le-soudan-declare-15-diplomates-emiratis-persona-non-grata-20231210\" target=\"_blank\" rel=\"noreferrer noopener\"><em>persona non grata<\/em><\/a>\u00a0<em>\u00bb<\/em>\u00a0plusieurs diplomates indiens.\u00a0Le premier ministre indien a promis la traque de ces terroristes\u00a0<em>\u00abjusqu\u2019au bout de la terre\u00bb<\/em>. Le\u00a0<em>Figaro\u00a0<\/em>fait le point sur la situation.L\u2019Inde ordonne aux Pakistanais de quitter le territoire<\/p>\n\n\n\n<p class=\"\">L\u2019Inde a ordonn\u00e9 jeudi \u00e0 tous les citoyens du\u00a0<a href=\"http:\/\/www.lefigaro.fr\/international\/l-escalade-meurtriere-entre-le-pakistan-et-l-afghanistan-20250319\" target=\"_blank\" rel=\"noreferrer noopener\">Pakistan<\/a>, \u00e0 l\u2019exception des diplomates, de quitter son territoire d\u2019ici au 29 avril, en repr\u00e9sailles \u00e0 l\u2019attentat qu\u2019elle impute \u00e0 son voisin et qui a caus\u00e9 la mort de 26 civils dans sa partie du Cachemire.<em>Tous les citoyens pakistanais actuellement en Inde doivent quitter l\u2019Inde avant l\u2019expiration de leurs visas\u00bb<\/em>, fix\u00e9e au 27 avril pour les visas ordinaires et au 29 avril pour les visas m\u00e9dicaux, a indiqu\u00e9 le minist\u00e8re des Affaires \u00e9trang\u00e8res indien.<\/p>\n\n\n\n<h2 class=\"wp-block-heading\" id=\"un-detournement-des-eaux-de-l-indus-par-l-inde-serait-un-acte-de-guerre-dit-le-pakistan\"><strong>Un d\u00e9tournement des eaux de l\u2019Indus par l\u2019Inde serait un \u00abacte de guerre\u00bb, dit le Pakistan<\/strong><\/h2>\n\n\n\n<p class=\"\">Le Pakistan a annonc\u00e9 ce jeudi qu\u2019il prendrait des&nbsp;<em>\u00abmesures fermes\u00bb<\/em>&nbsp;contre toute&nbsp;<em>\u00abmenace indienne\u00bb<\/em>, assurant notamment que toute tentative par son voisin de r\u00e9duire son approvisionnement en eau du fleuve Indus serait consid\u00e9r\u00e9e comme un&nbsp;<em>\u00abacte de guerre\u00bb<\/em>.<\/p>\n\n\n\n<p class=\"\">Ce mercredi, New Delhi a dit d\u00e9noncer le Trait\u00e9 sur les eaux de l\u2019Indus, ratifi\u00e9 en 1960 et jamais remis en question malgr\u00e9 trois guerres entre les deux voisins, au lendemain d\u2019une fusillade meurtri\u00e8re au Cachemire dont elle tient le Pakistan responsable.<\/p>\n\n\n\n<h2 class=\"wp-block-heading\" id=\"le-pakistan-dit-expulser-des-diplomates-indiens-fermer-sa-frontiere-et-son-espace-aerien-a-son-voisin\"><strong>Le Pakistan dit expulser des diplomates indiens, fermer sa fronti\u00e8re et son espace a\u00e9rien \u00e0 son voisin<\/strong><\/h2>\n\n\n\n<p class=\"\">Le Pakistan a annonc\u00e9 ce jeudi fermer sa fronti\u00e8re et son espace a\u00e9rien \u00e0 New Delhi, tout en d\u00e9clarant&nbsp;<em>\u00ab<\/em><a href=\"http:\/\/www.lefigaro.fr\/flash-actu\/le-soudan-declare-15-diplomates-emiratis-persona-non-grata-20231210\" target=\"_blank\" rel=\"noreferrer noopener\"><em>persona non grata<\/em><\/a>&nbsp;<em>\u00bb<\/em>&nbsp;plusieurs diplomates indiens et en annulant les visas de ressortissants indiens.<\/p>\n\n\n\n<p class=\"\">Ces mesures prises \u00e0 l\u2019issue d\u2019une rare r\u00e9union des plus hauts dirigeants civils et militaires du Pakistan r\u00e9pondent \u00e0 des d\u00e9cisions similaires prises par leur voisin et rival historique la veille.Modi veut punir les terroristes<\/p>\n\n\n\n<p class=\"\">Le premier ministre indien&nbsp;<a href=\"http:\/\/www.lefigaro.fr\/international\/en-visite-au-sri-lanka-narendra-modi-conclut-des-accords-de-defense-et-sur-l-energie-20250405\" target=\"_blank\" rel=\"noreferrer noopener\">Narendra Modi<\/a>&nbsp;a promis ce jeudi que son pays traquerait les auteurs de l&rsquo;attentat qui a tu\u00e9 26 civils mardi dans la r\u00e9gion du Cachemire indien&nbsp;<em>\u00abjusqu&rsquo;au bout de la terre\u00bb<\/em>.&nbsp;<em>\u00abJe le dis au monde entier: l&rsquo;Inde identifiera, poursuivra et punira les terroristes et ceux qui les soutiennent. Nous les poursuivrons jusqu&rsquo;au bout de la terre\u00bb<\/em>, a d\u00e9clar\u00e9 M. Modi lors d&rsquo;un discours public prononc\u00e9 dans l&rsquo;\u00c9tat du Bihar (nord-est).<\/p>\n\n\n\n<h2 class=\"wp-block-heading\" id=\"25-touristes-tues-et-un-ressortissant-nepalais\">25 touristes tu\u00e9s et un ressortissant n\u00e9palais<\/h2>\n\n\n\n<p class=\"\">Mardi apr\u00e8s-midi, plusieurs tireurs ont ouvert le feu sur des touristes dans la ville de Pahalgam,&nbsp;<a href=\"http:\/\/www.lefigaro.fr\/international\/attaque-contre-des-touristes-en-inde-26-hommes-tues-dans-le-cachemire-20250423\" target=\"_blank\" rel=\"noreferrer noopener\">tuant 25 Indiens et un ressortissant n\u00e9palais.&nbsp;<\/a>Cette attaque, attribu\u00e9e par l&rsquo;Inde \u00e0 des islamistes soutenus par le Pakistan, est la plus meurtri\u00e8re visant des civils men\u00e9e depuis 2000 dans ce territoire indien \u00e0 majorit\u00e9 musulmane. La fusillade n&rsquo;avait toujours pas \u00e9t\u00e9 revendiqu\u00e9e jeudi.<\/p>\n\n\n\n<h2 class=\"wp-block-heading\" id=\"represailles-diplomatiques\">Repr\u00e9sailles diplomatiques<\/h2>\n\n\n\n<p class=\"\">Le gouvernement ultranationaliste hindou de New Delhi a annonc\u00e9 une s\u00e9rie de mesures de repr\u00e9sailles diplomatiques contre Islamabad, qui a ni\u00e9 toute implication dans l&rsquo;attentat.&nbsp;<em>\u00abJe le dis sans \u00e9quivoque: ceux qui ont men\u00e9 cette attaque et ceux qui l&rsquo;ont mise au point en paieront le prix au-del\u00e0 de leur imagination\u00bb<\/em>, a poursuivi jeudi le chef du gouvernement indien, qui s&rsquo;exprimait pour la premi\u00e8re fois publiquement depuis l&rsquo;attaque.&nbsp;<em>\u00abIl est temps de r\u00e9duire en cendre le peu de territoire encore contr\u00f4l\u00e9 par ces terroristes\u00bb<\/em>, a insist\u00e9 Narenda Modi,&nbsp;<em>\u00abla force et la volont\u00e9 des 1,4 milliard d&rsquo;Indiens que nous sommes brisera la colonne vert\u00e9brale de ces terroristes\u00bb<\/em>.&nbsp;<em>\u00abLe terrorisme ne restera pas impuni\u00bb<\/em>, a conclu en anglais le premier ministre indien.&nbsp;<em>\u00abTous les efforts seront faits pour que justice soit faite\u00bb<\/em>.<\/p>\n\n\n\n<p class=\"\">Le Cachemire a \u00e9t\u00e9 partag\u00e9 entre l&rsquo;Inde et le Pakistan en 1947, lorsque ces deux pays ont acc\u00e9d\u00e9 \u00e0 l&rsquo;ind\u00e9pendance. Ils continuent depuis \u00e0 r\u00e9clamer la souverainet\u00e9 de l&rsquo;ensemble du territoire. Depuis 1989, les combats entre une insurrection s\u00e9paratiste et les troupes indiennes ont fait des dizaines de milliers de morts.<\/p>\n","protected":false},"excerpt":{"rendered":"<p>LE POINT SUR LA SITUATION\u00a0&#8211; Apr\u00e8s l\u2019attaque tuant 25 touristes dans la ville de Pahalgam, attribu\u00e9e par l\u2019Inde \u00e0 des islamistes soutenus par le Pakistan, le Comit\u00e9 de la s\u00e9curit\u00e9 nationale pakistanais s\u2019est r\u00e9uni ce jeudi pour d\u00e9cider d\u2019une r\u00e9ponse aux mesures diplomatiques in\u00e9dites de l\u2019Inde.L\u2019Inde ordonne aux citoyens pakistanais de quitter le territoire d\u2019ici [&hellip;]<\/p>\n","protected":false},"author":2,"featured_media":34796,"comment_status":"open","ping_status":"open","sticky":false,"template":"","format":"standard","meta":{"_jetpack_memberships_contains_paid_content":false,"footnotes":"","jetpack_publicize_message":"","jetpack_publicize_feature_enabled":true,"jetpack_social_post_already_shared":true,"jetpack_social_options":{"image_generator_settings":{"template":"highway","enabled":true,"token":"eyJpbWciOiJodHRwczpcL1wvd3d3LmljZWFnZXR2LmNvbVwvcmFkaW9zaXRlXC93cC1jb250ZW50XC91cGxvYWRzXC8yMDI1XC8wNFwvR25Fb3BSeTIuanBnIiwidHh0IjoiRnJvbnRpXHUwMGU4cmUgZmVybVx1MDBlOWUsIGRpcGxvbWF0ZXMgZXhwdWxzXHUwMGU5cywgbWVuYWNlcyYjODIzMDsgTGEgc2l0dWF0aW9uIGVudHJlIGxcdTIwMTlJbmRlIGV0IGxlIFBha2lzdGFuIHNlIHRlbmQgYXByXHUwMGU4cyBsXHUyMDE5YXR0ZW50YXQgYXUgQ2FjaGVtaXJlIiwidGVtcGxhdGUiOiJoaWdod2F5IiwiYmxvZ19pZCI6MTExMDE2NDYxfQ.0xj62J74COPYEVbt37Kc-u6B-86xXQ-_re_DHKBCsmMMQ"},"version":2},"_wpas_customize_per_network":false},"categories":[405],"tags":[],"class_list":["post-34795","post","type-post","status-publish","format-standard","has-post-thumbnail","hentry","category-actu-france-monde"],"jetpack_publicize_connections":[],"jetpack_featured_media_url":"https:\/\/i0.wp.com\/www.iceagetv.com\/radiosite\/wp-content\/uploads\/2025\/04\/GnEopRy2.jpg?fit=680%2C357&ssl=1","jetpack_sharing_enabled":true,"_links":{"self":[{"href":"https:\/\/www.iceagetv.com\/radiosite\/wp-json\/wp\/v2\/posts\/34795","targetHints":{"allow":["GET"]}}],"collection":[{"href":"https:\/\/www.iceagetv.com\/radiosite\/wp-json\/wp\/v2\/posts"}],"about":[{"href":"https:\/\/www.iceagetv.com\/radiosite\/wp-json\/wp\/v2\/types\/post"}],"author":[{"embeddable":true,"href":"https:\/\/www.iceagetv.com\/radiosite\/wp-json\/wp\/v2\/users\/2"}],"replies":[{"embeddable":true,"href":"https:\/\/www.iceagetv.com\/radiosite\/wp-json\/wp\/v2\/comments?post=34795"}],"version-history":[{"count":1,"href":"https:\/\/www.iceagetv.com\/radiosite\/wp-json\/wp\/v2\/posts\/34795\/revisions"}],"predecessor-version":[{"id":34797,"href":"https:\/\/www.iceagetv.com\/radiosite\/wp-json\/wp\/v2\/posts\/34795\/revisions\/34797"}],"wp:featuredmedia":[{"embeddable":true,"href":"https:\/\/www.iceagetv.com\/radiosite\/wp-json\/wp\/v2\/media\/34796"}],"wp:attachment":[{"href":"https:\/\/www.iceagetv.com\/radiosite\/wp-json\/wp\/v2\/media?parent=34795"}],"wp:term":[{"taxonomy":"category","embeddable":true,"href":"https:\/\/www.iceagetv.com\/radiosite\/wp-json\/wp\/v2\/categories?post=34795"},{"taxonomy":"post_tag","embeddable":true,"href":"https:\/\/www.iceagetv.com\/radiosite\/wp-json\/wp\/v2\/tags?post=34795"}],"curies":[{"name":"wp","href":"https:\/\/api.w.org\/{rel}","templated":true}]}}