{"id":34800,"date":"2025-04-24T16:17:29","date_gmt":"2025-04-24T14:17:29","guid":{"rendered":"https:\/\/www.iceagetv.com\/radiosite\/?p=34800"},"modified":"2025-04-24T16:17:33","modified_gmt":"2025-04-24T14:17:33","slug":"nantes-justin-15-ans-habille-en-noir-et-casque-sur-la-tete-a-poignarde-plusieurs-eleves-dans-son-lycee-un-mort-un-blesse-grave-et-2-blesses-bruno-retailleau-et-elisabeth-borne-se-renden","status":"publish","type":"post","link":"https:\/\/www.iceagetv.com\/radiosite\/nantes-justin-15-ans-habille-en-noir-et-casque-sur-la-tete-a-poignarde-plusieurs-eleves-dans-son-lycee-un-mort-un-blesse-grave-et-2-blesses-bruno-retailleau-et-elisabeth-borne-se-renden\/","title":{"rendered":"\u00a0Nantes: Justin, 15 ans, habill\u00e9 en noir et casque sur la t\u00eate, a poignard\u00e9 plusieurs \u00e9l\u00e8ves dans son lyc\u00e9e &#8211; Un mort, un bless\u00e9 grave et 2 bless\u00e9s &#8211; Bruno Retailleau et Elisabeth Borne se rendent sur place"},"content":{"rendered":"\n<p class=\"\">Gabriel Attal, ancien Premier Ministre et ex-Ministre de l&rsquo;Education, r\u00e9agit sur X: \u00ab\u00a0L\u2019attaque au couteau au lyc\u00e9e Notre Dame de Toutes Aides est un drame et un choc.<\/p>\n\n\n\n<p class=\"\">Une adolescente a \u00e9t\u00e9 tu\u00e9e. Plusieurs de ses camarades ont \u00e9t\u00e9 gri\u00e8vement bless\u00e9s. Toutes mes pens\u00e9es vont vers eux, leurs proches, leurs professeurs. Reconnaissance infinie pour le courage des personnels qui se sont interpos\u00e9s et pour le professionnalisme des forces de l\u2019ordre. Aujourd\u2019hui, c\u2019est toute la communaut\u00e9 \u00e9ducative qui est en deuil et la France qui est meurtrie.\u00a0\u00bbSelon le Parisien,&nbsp;Justin P. a \u00e9t\u00e9 stopp\u00e9 par \u00ab le responsable informatique de l&rsquo;\u00e9tablissement \u00bb, qui a expliqu\u00e9 aux enqu\u00eateurs \u00ab avoir voulu s&rsquo;interposer lorsque l&rsquo;auteur mettait des coups de couteau \u00e0 la jeune fille d\u00e9c\u00e9d\u00e9e \u00bb.&nbsp;<\/p>\n\n\n\n<p class=\"\">L&rsquo;adolescent a ensuite \u00ab cours\u00e9 le responsable informatique jusqu&rsquo;au rez-de-chauss\u00e9e \u00bb, selon son t\u00e9moignage, avant de l\u00e2cher ses couteaux, de se rendre et d&rsquo;\u00eatre ma\u00eetris\u00e9 au sol.\u00a0Le Parisien indique qu&rsquo;\u00e0 leur arriv\u00e9e,&nbsp;les forces de l&rsquo;ordre ont trouv\u00e9 l&rsquo;adolescent qui pr\u00e9sentait \u00ab une l\u00e9g\u00e8re plaie saignante au front et \u00e0 la main gauche \u00bb.<\/p>\n\n\n\n<p class=\"\">Equip\u00e9 d&rsquo;un \u00ab gant \u00e0 la main droite \u00bb, il \u00e9tait \u00ab v\u00eatu d&rsquo;un pantalon noir \u00bb et \u00ab de chaussures de s\u00e9curit\u00e9 \u00bb, indiquent nos confr\u00e8res.<\/p>\n\n\n\n<p class=\"\">Et d&rsquo;ajouter qu&rsquo;\u00e0 c\u00f4t\u00e9 de lui, les enqu\u00eateurs ont d\u00e9couvert \u00ab un casque noir, des lunettes teint\u00e9es noires et un cagoule \u00bb, mais deux couteaux, \u00ab un couteau de chasse dont la lame est ensanglant\u00e9e \u00bb et un \u00ab couteau \u00e0 lame pliable qui est referm\u00e9 \u00bb.\u00a0<strong>Ce que l&rsquo;on sait \u00e0 ce stade:<\/strong><\/p>\n\n\n\n<p class=\"\">Une lyc\u00e9enne a \u00e9t\u00e9 tu\u00e9e et trois autres ont \u00e9t\u00e9 bless\u00e9s \u00e0 coups de couteau jeudi \u00e0 la mi-journ\u00e9e dans le coll\u00e8ge-lyc\u00e9e priv\u00e9 Notre-Dame de Toutes-Aides, \u00e0 Nantes, par un \u00e9l\u00e8ve interpell\u00e9 peu apr\u00e8s les faits, a appris l&rsquo;AFP de source proche du dossier.<\/p>\n\n\n\n<p class=\"\">Les faits se sont d\u00e9roul\u00e9s vers 12H30. Un \u00e9l\u00e8ve arm\u00e9 d&rsquo;un couteau s&rsquo;est attaqu\u00e9 \u00e0 quatre de ses camarades, avant d&rsquo;\u00eatre ma\u00eetris\u00e9 par le corps enseignant et interpell\u00e9, selon les tout premiers \u00e9l\u00e9ments de l&rsquo;enqu\u00eate.<\/p>\n\n\n\n<p class=\"\">Sur X, la ministre de l&rsquo;Education Elisabeth Borne et le ministre de l&rsquo;Int\u00e9rieur Bruno Retailleau ont annonc\u00e9 qu&rsquo;ils se rendraient sur les lieux du drame dans les prochaines heures.<\/p>\n\n\n\n<p class=\"\">\u00ab\u00a0Une agression au couteau a eu lieu ce midi au sein d\u2019un \u00e9tablissement scolaire priv\u00e9 de Nantes. Je me rends sur place avec Bruno Retailleau pour exprimer toute ma solidarit\u00e9 aux victimes et mon soutien \u00e0 la communaut\u00e9 \u00e9ducative\u00a0\u00bb, a \u00e9crit Mme Borne.<\/p>\n\n\n\n<p class=\"\">Une conf\u00e9rence de presse du procureur de la R\u00e9publique de Nantes est pr\u00e9vue \u00e0 19H00.<\/p>\n\n\n\n<p class=\"\">Sur place, la rue menant \u00e0 l&rsquo;\u00e9tablissement est boucl\u00e9e par un p\u00e9rim\u00e8tre de s\u00e9curit\u00e9 surveill\u00e9 par de nombreux policiers et des militaires de Vigipirate, a constat\u00e9 l&rsquo;AFP sur place.<\/p>\n\n\n\n<p class=\"\">Des parents inquiets se massent \u00e9galement aux abords du lyc\u00e9e.<\/p>\n\n\n\n<p class=\"\">Ludivine, 48 ans, a dit avoir appris que sa fille est dans la classe de Seconde concern\u00e9e par l&rsquo;attaque. \u00ab\u00a0Moi qui suis une m\u00e8re anxieuse et qui ne la laisse pas sortir seule, je ne pensais pas qu&rsquo;il lui arriverait quelque chose dans son lyc\u00e9e\u00a0\u00bb, a-t-elle dit \u00e0 l&rsquo;AFP, qualifiant l&rsquo;\u00e9tablissement de \u00ab\u00a0calme et correct \u00e0 tous les niveaux\u00a0\u00bb.<\/p>\n\n\n\n<p class=\"\">Une coll\u00e9gienne, que l&rsquo;AFP a pu joindre, a livr\u00e9 un premier t\u00e9moignage.<\/p>\n\n\n\n<p class=\"\">\u00ab\u00a0J\u2019\u00e9tais au self avec mes amies et on nous a dit qu\u2019un lyc\u00e9en avait poignard\u00e9 des \u00e9l\u00e8ves de seconde dans plusieurs classes. On nous a demand\u00e9s de ne pas sortir du self pendant une vingtaine de minutes puis on nous a confin\u00e9s dans un gymnase. Ca fait longtemps qu\u2019on est l\u00e0, mais on a pu appeler nos parents et les rassurer. Dans un autre gymnase, il y a les 4e et 5e, les secondes ne sont pas avec nous\u00a0\u00bb, a d\u00e9clar\u00e9 \u00e0 l\u2019AFP une coll\u00e9gienne de 3e.<\/p>\n\n\n\n<p class=\"\">\u00ab\u00a0Le lyc\u00e9en, les gens le connaissaient comme d\u00e9pressif, il disait qu\u2019il adorait Hitler. Il a envoy\u00e9 un mail de 13 pages \u00e0 tout le monde pour expliquer tous ses probl\u00e8mes \u00e0 midi\u00a0\u00bb, a-t-elle ajout\u00e9.<\/p>\n\n\n\n<p class=\"\">La direction du coll\u00e8ge a adress\u00e9 un message aux parents d&rsquo;\u00e9l\u00e8ves que l&rsquo;AFP a pu consulter.<\/p>\n\n\n\n<p class=\"\">\u00ab\u00a0Je tiens \u00e0 vous informer d&rsquo;un \u00e9v\u00e9nement majeur, une attaque au couteau s&rsquo;est produite ce jour sur le temps du midi, entra\u00eenant le d\u00e9clenchement du Plan Particulier de Mise en S\u00fbret\u00e9 (PPMS) et le confinement imm\u00e9diat des \u00e9l\u00e8ves au sein de l&rsquo;\u00e9tablissement\u00a0\u00bb.<\/p>\n\n\n\n<p class=\"\">\u00ab\u00a0En coordination avec les autorit\u00e9s pr\u00e9sentes (services de police), nous organisons la sortie progressive des \u00e9l\u00e8ves \u00e0 partir de 15h30 selon un protocole strict\u00a0\u00bb, a-t-il ajout\u00e9.<\/p>\n\n\n\n<p class=\"\">Notre-Dame de Toutes-Aides est un \u00e9tablissement scolaire priv\u00e9 sous contrat situ\u00e9 dans l\u2019est de Nantes qui accueille environ 2.000 \u00e9l\u00e8ves, de l\u2019\u00e9cole maternelle au lyc\u00e9e, d&rsquo;apr\u00e8s son site internet.<\/p>\n\n\n\n<p class=\"\">La r\u00e9p\u00e9tition de drames dans ou autour d&rsquo;\u00e9tablissements scolaires impliquant ces derniers mois des adolescents avec des couteaux a conduit le gouvernent \u00e0 vouloir s\u2019attaquer \u00e0 ce ph\u00e9nom\u00e8ne.<\/p>\n\n\n\n<p class=\"\">La ministre de l\u2019Education nationale a annonc\u00e9 son intention de durcir les r\u00e8gles concernant les \u00e9l\u00e8ves pris en possession d&rsquo;une arme blanche dans un \u00e9tablissement scolaire. Ils passeront \u00e0 l&rsquo;avenir syst\u00e9matiquement en conseil de discipline.<\/p>\n\n\n\n<p class=\"\">Dans un t\u00e9l\u00e9gramme adress\u00e9 fin mars aux pr\u00e9fets et recteurs d&rsquo;acad\u00e9mies, les ministres de l\u2019Education nationale et de l\u2019Int\u00e9rieur ont appel\u00e9 \u00e0 mener \u00ab\u00a0des contr\u00f4les al\u00e9atoires aux abords des \u00e9tablissements scolaires\u00a0\u00bb d&rsquo;ici \u00e0 \u00ab\u00a0la fin de l&rsquo;ann\u00e9e scolaire\u00a0\u00bb.<\/p>\n","protected":false},"excerpt":{"rendered":"<p>Gabriel Attal, ancien Premier Ministre et ex-Ministre de l&rsquo;Education, r\u00e9agit sur X: \u00ab\u00a0L\u2019attaque au couteau au lyc\u00e9e Notre Dame de Toutes Aides est un drame et un choc. Une adolescente a \u00e9t\u00e9 tu\u00e9e. Plusieurs de ses camarades ont \u00e9t\u00e9 gri\u00e8vement bless\u00e9s. Toutes mes pens\u00e9es vont vers eux, leurs proches, leurs professeurs. Reconnaissance infinie pour le [&hellip;]<\/p>\n","protected":false},"author":2,"featured_media":34801,"comment_status":"open","ping_status":"open","sticky":false,"template":"","format":"standard","meta":{"_jetpack_memberships_contains_paid_content":false,"footnotes":"","jetpack_publicize_message":"","jetpack_publicize_feature_enabled":true,"jetpack_social_post_already_shared":true,"jetpack_social_options":{"image_generator_settings":{"template":"highway","enabled":true,"token":"eyJpbWciOiJodHRwczpcL1wvd3d3LmljZWFnZXR2LmNvbVwvcmFkaW9zaXRlXC93cC1jb250ZW50XC91cGxvYWRzXC8yMDI1XC8wNFwvQ3hqZUk5NnIuanBnIiwidHh0IjoiXHUwMGEwTmFudGVzOiBKdXN0aW4sIDE1IGFucywgaGFiaWxsXHUwMGU5IGVuIG5vaXIgZXQgY2FzcXVlIHN1ciBsYSB0XHUwMGVhdGUsIGEgcG9pZ25hcmRcdTAwZTkgcGx1c2lldXJzIFx1MDBlOWxcdTAwZTh2ZXMgZGFucyBzb24gbHljXHUwMGU5ZSAmIzgyMTE7IFVuIG1vcnQsIHVuIGJsZXNzXHUwMGU5IGdyYXZlIGV0IDIgYmxlc3NcdTAwZTlzICYjODIxMTsgQnJ1bm8gUmV0YWlsbGVhdSBldCBFbGlzYWJldGggQm9ybmUgc2UgcmVuZGVudCBzdXIgcGxhY2UiLCJ0ZW1wbGF0ZSI6ImhpZ2h3YXkiLCJibG9nX2lkIjoxMTEwMTY0NjF9.5D6SAMF9Aww8Ik-CNcxjokJPCtp1nSDLT36Gt02tGw8MQ"},"version":2},"_wpas_customize_per_network":false},"categories":[405],"tags":[],"class_list":["post-34800","post","type-post","status-publish","format-standard","has-post-thumbnail","hentry","category-actu-france-monde"],"jetpack_publicize_connections":[],"jetpack_featured_media_url":"https:\/\/i0.wp.com\/www.iceagetv.com\/radiosite\/wp-content\/uploads\/2025\/04\/CxjeI96r.jpg?fit=679%2C293&ssl=1","jetpack_sharing_enabled":true,"_links":{"self":[{"href":"https:\/\/www.iceagetv.com\/radiosite\/wp-json\/wp\/v2\/posts\/34800","targetHints":{"allow":["GET"]}}],"collection":[{"href":"https:\/\/www.iceagetv.com\/radiosite\/wp-json\/wp\/v2\/posts"}],"about":[{"href":"https:\/\/www.iceagetv.com\/radiosite\/wp-json\/wp\/v2\/types\/post"}],"author":[{"embeddable":true,"href":"https:\/\/www.iceagetv.com\/radiosite\/wp-json\/wp\/v2\/users\/2"}],"replies":[{"embeddable":true,"href":"https:\/\/www.iceagetv.com\/radiosite\/wp-json\/wp\/v2\/comments?post=34800"}],"version-history":[{"count":1,"href":"https:\/\/www.iceagetv.com\/radiosite\/wp-json\/wp\/v2\/posts\/34800\/revisions"}],"predecessor-version":[{"id":34802,"href":"https:\/\/www.iceagetv.com\/radiosite\/wp-json\/wp\/v2\/posts\/34800\/revisions\/34802"}],"wp:featuredmedia":[{"embeddable":true,"href":"https:\/\/www.iceagetv.com\/radiosite\/wp-json\/wp\/v2\/media\/34801"}],"wp:attachment":[{"href":"https:\/\/www.iceagetv.com\/radiosite\/wp-json\/wp\/v2\/media?parent=34800"}],"wp:term":[{"taxonomy":"category","embeddable":true,"href":"https:\/\/www.iceagetv.com\/radiosite\/wp-json\/wp\/v2\/categories?post=34800"},{"taxonomy":"post_tag","embeddable":true,"href":"https:\/\/www.iceagetv.com\/radiosite\/wp-json\/wp\/v2\/tags?post=34800"}],"curies":[{"name":"wp","href":"https:\/\/api.w.org\/{rel}","templated":true}]}}