{"id":34805,"date":"2025-04-25T08:27:52","date_gmt":"2025-04-25T06:27:52","guid":{"rendered":"https:\/\/www.iceagetv.com\/radiosite\/?p=34805"},"modified":"2025-04-25T08:27:56","modified_gmt":"2025-04-25T06:27:56","slug":"attaque-au-couteau-dans-un-lycee-a-nantes-le-suspect-hospitalise-en-psychiatrie","status":"publish","type":"post","link":"https:\/\/www.iceagetv.com\/radiosite\/attaque-au-couteau-dans-un-lycee-a-nantes-le-suspect-hospitalise-en-psychiatrie\/","title":{"rendered":"Attaque au couteau dans un lyc\u00e9e \u00e0 Nantes : le suspect hospitalis\u00e9 en psychiatrie"},"content":{"rendered":"\n<p class=\"\">Le lyc\u00e9en de 15 ans auteur pr\u00e9sum\u00e9 d&rsquo;une attaque au couteau \u00e0 Nantes (Loire-Atlantique), dans son \u00e9tablissement scolaire, a \u00e9t\u00e9 hospitalis\u00e9 d&rsquo;office en psychiatrique ce jeudi soir. Sa garde \u00e0 vue a \u00e9t\u00e9 lev\u00e9e.Justin P.,\u00a0<a href=\"https:\/\/actu17.fr\/faits-divers\/attaque-au-couteau-dans-un-lycee-de-nantes-au-moins-trois-blesses-dont-deux-dans-un-etat-grave.html\" target=\"_blank\" rel=\"noreferrer noopener\">l&rsquo;adolescent de 15 ans qui a poignard\u00e9 plusieurs \u00e9l\u00e8ves<\/a>\u00a0dans le lyc\u00e9e de Notre-Dame-de-Toutes-Aides \u00e0 Nantes (Loire-Atlantique), tuant une jeune fille, a \u00e9t\u00e9 hospitalis\u00e9 d&rsquo;office en psychiatrie ce jeudi soir. Sa garde \u00e0 vue a par cons\u00e9quent \u00e9t\u00e9 lev\u00e9e.<em>\u00ab\u00a0Le psychiatre ayant proc\u00e9d\u00e9 \u00e0 l\u2019examen du mis en cause a conclu \u00e0 l\u2019incompatibilit\u00e9 de son \u00e9tat de sant\u00e9 avec la mesure de garde \u00e0 vue en cours\u00a0\u00bb<\/em>, indique le procureur de la R\u00e9publique de Nantes, Antoine Leroy, confirmant une information&nbsp;<a href=\"https:\/\/www.lepoint.fr\/societe\/attaque-mortelle-a-nantes-le-suspect-justin-p-hospitalise-en-psychiatrie-24-04-2025-2588134_23.php\" target=\"_blank\" rel=\"noreferrer noopener\"><em>du Point<\/em><\/a>.<\/p>\n\n\n\n<p class=\"\">Le suspect, scolaris\u00e9 dans l&rsquo;\u00e9tablissement, a envoy\u00e9 un manifeste de 13 pages \u00e0 tous les \u00e9l\u00e8ves par e-mail, peu avant de passer \u00e0 l&rsquo;acte. Dans ce texte intitul\u00e9 \u00ab\u00a0L&rsquo;action immunitaire. La r\u00e9volte est d\u00e9j\u00e0 la plus grande victoire que nous puissions atteindre\u00a0\u00bb, il \u00e9voque une vision tr\u00e8s sombre de la soci\u00e9t\u00e9. Le document est d\u00e9compos\u00e9 en trois chapitres, \u00e9voquant \u00ab\u00a0un \u00e9cocide globalis\u00e9\u00a0\u00bb, \u00ab\u00a0une violence syst\u00e9mique et une ali\u00e9nation sociale\u00a0\u00bb et \u00ab\u00a0le conditionnement social totalitaire\u00a0\u00bb.<\/p>\n\n\n\n<h2 class=\"wp-block-heading\">Arm\u00e9 de deux couteaux, l&rsquo;un de chasse<\/h2>\n\n\n\n<p class=\"\">Justin P. \u00e9tait arm\u00e9 de deux couteau, dont l&rsquo;un de chasse, et d&rsquo;une arme de type airsoft, au moment de l&rsquo;attaque. Il a dissimul\u00e9 son visage au moment des faits et a \u00e9t\u00e9 ma\u00eetris\u00e9 par un membre du personnel de l&rsquo;\u00e9tablissement scolaire, avait d&rsquo;\u00eatre interpell\u00e9 par les policiers qui sont rapidement arriv\u00e9s sur les lieux. L&rsquo;ensemble des \u00e9l\u00e8ves a \u00e9t\u00e9 confi\u00e9e au moment des faits.Une \u00e9l\u00e8ve de 15 ans a \u00e9t\u00e9 tu\u00e9e dans l&rsquo;attaque, tandis qu&rsquo;un lyc\u00e9en a \u00e9t\u00e9 gri\u00e8vement bless\u00e9. Ce dernier a \u00e9t\u00e9 transport\u00e9 \u00e0 l&rsquo;h\u00f4pital en \u00e9tat d&rsquo;urgence absolue. Un second lyc\u00e9e a \u00e9t\u00e9 bless\u00e9 et pris en charge par les secours en urgence relative.<\/p>\n\n\n\n<p class=\"\">Le procureur de la R\u00e9publique de Nantes, Antoine Leroy, tiendra une conf\u00e9rence de presse ce vendredi soir \u00e0 18 heures. Elle devait initialement avoir lieu ce jeudi \u00e0 19 heures.<\/p>\n","protected":false},"excerpt":{"rendered":"<p>Le lyc\u00e9en de 15 ans auteur pr\u00e9sum\u00e9 d&rsquo;une attaque au couteau \u00e0 Nantes (Loire-Atlantique), dans son \u00e9tablissement scolaire, a \u00e9t\u00e9 hospitalis\u00e9 d&rsquo;office en psychiatrique ce jeudi soir. Sa garde \u00e0 vue a \u00e9t\u00e9 lev\u00e9e.Justin P.,\u00a0l&rsquo;adolescent de 15 ans qui a poignard\u00e9 plusieurs \u00e9l\u00e8ves\u00a0dans le lyc\u00e9e de Notre-Dame-de-Toutes-Aides \u00e0 Nantes (Loire-Atlantique), tuant une jeune fille, a [&hellip;]<\/p>\n","protected":false},"author":2,"featured_media":34806,"comment_status":"open","ping_status":"open","sticky":false,"template":"","format":"standard","meta":{"_jetpack_memberships_contains_paid_content":false,"footnotes":"","jetpack_publicize_message":"","jetpack_publicize_feature_enabled":true,"jetpack_social_post_already_shared":true,"jetpack_social_options":{"image_generator_settings":{"template":"highway","enabled":true,"token":"eyJpbWciOiJodHRwczpcL1wvd3d3LmljZWFnZXR2LmNvbVwvcmFkaW9zaXRlXC93cC1jb250ZW50XC91cGxvYWRzXC8yMDI1XC8wNFwvQXR0YXF1ZS1hdS1jb3V0ZWF1LWRhbnMtdW4tbHljZWUtYS1OYW50ZXMuanBnIiwidHh0IjoiQXR0YXF1ZSBhdSBjb3V0ZWF1IGRhbnMgdW4gbHljXHUwMGU5ZSBcdTAwZTAgTmFudGVzIDogbGUgc3VzcGVjdCBob3NwaXRhbGlzXHUwMGU5IGVuIHBzeWNoaWF0cmllIiwidGVtcGxhdGUiOiJoaWdod2F5IiwiYmxvZ19pZCI6MTExMDE2NDYxfQ.OgeHD8sepS7fXdmQP2IoDXe0fbALMyeYAW3ljapJXSQMQ"},"version":2},"_wpas_customize_per_network":false},"categories":[405],"tags":[],"class_list":["post-34805","post","type-post","status-publish","format-standard","has-post-thumbnail","hentry","category-actu-france-monde"],"jetpack_publicize_connections":[],"jetpack_featured_media_url":"https:\/\/i0.wp.com\/www.iceagetv.com\/radiosite\/wp-content\/uploads\/2025\/04\/Attaque-au-couteau-dans-un-lycee-a-Nantes.jpg?fit=751%2C473&ssl=1","jetpack_sharing_enabled":true,"_links":{"self":[{"href":"https:\/\/www.iceagetv.com\/radiosite\/wp-json\/wp\/v2\/posts\/34805","targetHints":{"allow":["GET"]}}],"collection":[{"href":"https:\/\/www.iceagetv.com\/radiosite\/wp-json\/wp\/v2\/posts"}],"about":[{"href":"https:\/\/www.iceagetv.com\/radiosite\/wp-json\/wp\/v2\/types\/post"}],"author":[{"embeddable":true,"href":"https:\/\/www.iceagetv.com\/radiosite\/wp-json\/wp\/v2\/users\/2"}],"replies":[{"embeddable":true,"href":"https:\/\/www.iceagetv.com\/radiosite\/wp-json\/wp\/v2\/comments?post=34805"}],"version-history":[{"count":1,"href":"https:\/\/www.iceagetv.com\/radiosite\/wp-json\/wp\/v2\/posts\/34805\/revisions"}],"predecessor-version":[{"id":34807,"href":"https:\/\/www.iceagetv.com\/radiosite\/wp-json\/wp\/v2\/posts\/34805\/revisions\/34807"}],"wp:featuredmedia":[{"embeddable":true,"href":"https:\/\/www.iceagetv.com\/radiosite\/wp-json\/wp\/v2\/media\/34806"}],"wp:attachment":[{"href":"https:\/\/www.iceagetv.com\/radiosite\/wp-json\/wp\/v2\/media?parent=34805"}],"wp:term":[{"taxonomy":"category","embeddable":true,"href":"https:\/\/www.iceagetv.com\/radiosite\/wp-json\/wp\/v2\/categories?post=34805"},{"taxonomy":"post_tag","embeddable":true,"href":"https:\/\/www.iceagetv.com\/radiosite\/wp-json\/wp\/v2\/tags?post=34805"}],"curies":[{"name":"wp","href":"https:\/\/api.w.org\/{rel}","templated":true}]}}