{"id":34810,"date":"2025-04-25T09:47:54","date_gmt":"2025-04-25T07:47:54","guid":{"rendered":"https:\/\/www.iceagetv.com\/radiosite\/?p=34810"},"modified":"2025-04-25T09:47:58","modified_gmt":"2025-04-25T07:47:58","slug":"attaque-au-couteau-a-nantes-les-cours-sont-suspendus-et-une-cellule-psychologique-ouverte","status":"publish","type":"post","link":"https:\/\/www.iceagetv.com\/radiosite\/attaque-au-couteau-a-nantes-les-cours-sont-suspendus-et-une-cellule-psychologique-ouverte\/","title":{"rendered":"Attaque au couteau \u00e0 Nantes: les cours sont suspendus et une cellule psychologique ouverte"},"content":{"rendered":"\n<p class=\"\">Le chef d&rsquo;\u00e9tablissement a indiqu\u00e9 que les cours ne seraient pas dispens\u00e9s ce vendredi 25 avril au coll\u00e8ge et au lyc\u00e9e de Notre-Dame-de-Toutes-Aides \u00e0 Nantes o\u00f9 une attaque au couteau a \u00e9t\u00e9 perp\u00e9tr\u00e9e la veille par un \u00e9l\u00e8ve. Un rassemblement est pr\u00e9vu devant l&rsquo;\u00e9tablissement ce ce vendredi apr\u00e8s-midi.<br>\u00ab\u00a0Nous sommes en deuil\u00a0\u00bb. Apr\u00e8s l&rsquo;attaque au couteau perp\u00e9tr\u00e9e par Justin P. ce jeudi 24 avril tuant une \u00e9l\u00e8ve et en blessant trois autres dont un gravement, l&rsquo;\u00e9tablissement priv\u00e9 Notre-Dame-de-Toutes-Aides \u00e0 Nantes est \u00ab\u00a0boulevers\u00e9\u00a0\u00bb.<\/p>\n\n\n\n<p class=\"\">Dans un mail adress\u00e9 aux parents d&rsquo;\u00e9l\u00e8ves ce jeudi soir, que BFMTV a pu se procurer, le chef d&rsquo;\u00e9tablissement, Pierre Cappelaere a indiqu\u00e9 que le coll\u00e8ge et le lyc\u00e9e \u00ab\u00a0seront ferm\u00e9s\u00a0\u00bb ce vendredi 25 avril \u00ab\u00a0afin de pr\u00e9parer au mieux l&rsquo;accueil prochain des \u00e9l\u00e8ves\u00a0\u00bb. Il pr\u00e9cise que les deux \u00e9coles -Epinttes et Denis Papin- seront quant \u00e0 elles ouvertes.Une cellule psychologique ouverte<\/p>\n\n\n\n<p class=\"\">Si aucun cours ne sera dispens\u00e9 pour les coll\u00e9giens et lyc\u00e9ens, l&rsquo;\u00e9tablissement restera dispos\u00e9 \u00e0 les accueillir. \u00ab\u00a0Nous esp\u00e9rons que vous pourrez assurer une pr\u00e9sence aupr\u00e8s de votre jeune demain. Au besoin, n&rsquo;h\u00e9sitez pas \u00e0 venir vers nous pour ne pas laisser votre enfant seul \u00e0 la maison, nous trouverons une solution\u00a0\u00bb, a indiqu\u00e9 Pierre Cappelaere.<\/p>\n\n\n\n<p class=\"\">Une cellule d&rsquo;assistance psychologique a \u00e9t\u00e9 d\u00e9ploy\u00e9e apr\u00e8s les faits ce jeudi \u00e0 destination de la communaut\u00e9 \u00e9ducative par les \u00e9quipes de la direction dioc\u00e9saine de l&rsquo;enseignement catholique (DDEC) et par les Cellules d&rsquo;urgence m\u00e9dico-psychologique (CUMP).<\/p>\n\n\n\n<p class=\"\">Un dispositif d&rsquo;accompagnement psychologique va de plus \u00eatre mis en place \u00e0 partir de ce vendredi apr\u00e8s-midi et perdurera la semaine prochaine \u00ab\u00a0pour soutenir les jeunes qui le souhaitent\u00a0\u00bb.<\/p>\n\n\n\n<h2 class=\"wp-block-heading\" id=\"cgcpj\">Un rassemblement pr\u00e9vu \u00e0 15h30 devant l&rsquo;\u00e9tablissement<\/h2>\n\n\n\n<p class=\"\">Pierre Cappelaere a d&rsquo;ailleurs appel\u00e9 les parents \u00e0 \u00ab\u00a0offrir\u00a0\u00bb aux \u00e9l\u00e8ves \u00ab\u00a0un espace d&rsquo;\u00e9coute et de r\u00e9confort\u00a0\u00bb \u00ab\u00a0\u00e0 la maison\u00a0\u00bb. Il a \u00e9galement demand\u00e9 aux parents d&rsquo;\u00eatre \u00ab\u00a0vigilants\u00a0\u00bb quant \u00e0 la diffusion du&nbsp;<a href=\"https:\/\/www.bfmtv.com\/police-justice\/attaque-au-couteau-a-nantes-ce-que-contient-le-manifeste-envoye-par-l-assaillant-avant-de-passer-a-l-acte_AV-202504240748.html\">document envoy\u00e9 par Justin P.<\/a>&nbsp;aux pr\u00e8s de 2.000 \u00e9l\u00e8ves avant son passage \u00e0 l&rsquo;acte qui d\u00e9peint une vision tr\u00e8s sombre de la soci\u00e9t\u00e9.<\/p>\n\n\n\n<p class=\"\">\u00ab\u00a0Notre communaut\u00e9 \u00e9ducative a v\u00e9cu aujourd&rsquo;hui un drame inimaginable qui bouleverse chacun de nous\u00a0\u00bb, a \u00e9crit le chef d&rsquo;\u00e9tablissement adressant ses \u00ab\u00a0premi\u00e8res pens\u00e9es\u00a0\u00bb \u00e0 la lyc\u00e9enne de seconde d\u00e9c\u00e9d\u00e9e ainsi qu&rsquo;\u00e0 \u00ab\u00a0sa maman, son papa et son grand fr\u00e8re\u00a0\u00bb.<\/p>\n\n\n\n<blockquote class=\"wp-block-quote is-layout-flow wp-block-quote-is-layout-flow\">\n<p class=\"\">\u00ab\u00a0Hier encore, Notre-Dame de Toutes-Aides \u00e9tait un lieu de joie, d&rsquo;espoir en l&rsquo;avenir et de projets pour demain. Ce soir, l&rsquo;ann\u00e9e scolaire est en arr\u00eat, ce soir, nous sommes en deuil\u00a0\u00bb, a-t-il d\u00e9plor\u00e9.<\/p>\n<\/blockquote>\n\n\n\n<p class=\"\">Un rassemblement est pr\u00e9vu ce vendredi apr\u00e8s-midi devant le coll\u00e8ge-lyc\u00e9e de ce complexe scolaire catholique. Un appel \u00e0 d\u00e9poser des fleurs devant l&rsquo;\u00e9tablissement \u00e0 15h30 a en effet \u00e9t\u00e9 lanc\u00e9 et partag\u00e9 sur les r\u00e9seaux sociaux. Le comit\u00e9 des \u00e9l\u00e8ves du groupe scolaire, \u00e0 l&rsquo;initiative du rassemblement, demande de venir habiller en blanc. Une dizaine de roses blanches ainsi qu&rsquo;un bouquet ont d\u00e9j\u00e0 \u00e9t\u00e9 d\u00e9pos\u00e9s devant l&rsquo;entr\u00e9e principale. Plusieurs patrouilles de police sont arriv\u00e9es t\u00f4t ce vendredi, selon Ouest-France.<\/p>\n\n\n\n<p class=\"\">Apr\u00e8s son agression, Justin P., scolaris\u00e9 en classe de seconde dans l&rsquo;\u00e9tablissement, a \u00e9t\u00e9 ma\u00eetris\u00e9 par le personnel \u00e9ducatif du lyc\u00e9e avant d&rsquo;\u00eatre interpell\u00e9 par les forces de l&rsquo;ordre. Le procureur de la R\u00e9publique de Nantes a indiqu\u00e9 ce jeudi soir que la garde \u00e0 vue de Justin P. \u00e2g\u00e9 de 16 ans avait \u00e9t\u00e9 lev\u00e9e car son \u00e9tat \u00e9tait incompatible avec une mesure de garde \u00e0 vue. Il a pr\u00e9cis\u00e9 qu&rsquo;il devait \u00eatre hospitalis\u00e9 en psychiatrie.<\/p>\n","protected":false},"excerpt":{"rendered":"<p>Le chef d&rsquo;\u00e9tablissement a indiqu\u00e9 que les cours ne seraient pas dispens\u00e9s ce vendredi 25 avril au coll\u00e8ge et au lyc\u00e9e de Notre-Dame-de-Toutes-Aides \u00e0 Nantes o\u00f9 une attaque au couteau a \u00e9t\u00e9 perp\u00e9tr\u00e9e la veille par un \u00e9l\u00e8ve. Un rassemblement est pr\u00e9vu devant l&rsquo;\u00e9tablissement ce ce vendredi apr\u00e8s-midi.\u00ab\u00a0Nous sommes en deuil\u00a0\u00bb. Apr\u00e8s l&rsquo;attaque au couteau [&hellip;]<\/p>\n","protected":false},"author":2,"featured_media":34811,"comment_status":"open","ping_status":"open","sticky":false,"template":"","format":"standard","meta":{"_jetpack_memberships_contains_paid_content":false,"footnotes":"","jetpack_publicize_message":"","jetpack_publicize_feature_enabled":true,"jetpack_social_post_already_shared":true,"jetpack_social_options":{"image_generator_settings":{"template":"highway","enabled":true,"token":"eyJpbWciOiJodHRwczpcL1wvd3d3LmljZWFnZXR2LmNvbVwvcmFkaW9zaXRlXC93cC1jb250ZW50XC91cGxvYWRzXC8yMDI1XC8wNFwvR3BYVzVZcVdvQUFCSm5pLmpwZyIsInR4dCI6IkF0dGFxdWUgYXUgY291dGVhdSBcdTAwZTAgTmFudGVzOiBsZXMgY291cnMgc29udCBzdXNwZW5kdXMgZXQgdW5lIGNlbGx1bGUgcHN5Y2hvbG9naXF1ZSBvdXZlcnRlIiwidGVtcGxhdGUiOiJoaWdod2F5IiwiYmxvZ19pZCI6MTExMDE2NDYxfQ.ugY9Ulv80kwK0aZIxXRlzyc8B5aJoF43WlbYGzJ7SOwMQ"},"version":2},"_wpas_customize_per_network":false},"categories":[405],"tags":[],"class_list":["post-34810","post","type-post","status-publish","format-standard","has-post-thumbnail","hentry","category-actu-france-monde"],"jetpack_publicize_connections":[],"jetpack_featured_media_url":"https:\/\/i0.wp.com\/www.iceagetv.com\/radiosite\/wp-content\/uploads\/2025\/04\/GpXW5YqWoAABJni.jpg?fit=680%2C383&ssl=1","jetpack_sharing_enabled":true,"_links":{"self":[{"href":"https:\/\/www.iceagetv.com\/radiosite\/wp-json\/wp\/v2\/posts\/34810","targetHints":{"allow":["GET"]}}],"collection":[{"href":"https:\/\/www.iceagetv.com\/radiosite\/wp-json\/wp\/v2\/posts"}],"about":[{"href":"https:\/\/www.iceagetv.com\/radiosite\/wp-json\/wp\/v2\/types\/post"}],"author":[{"embeddable":true,"href":"https:\/\/www.iceagetv.com\/radiosite\/wp-json\/wp\/v2\/users\/2"}],"replies":[{"embeddable":true,"href":"https:\/\/www.iceagetv.com\/radiosite\/wp-json\/wp\/v2\/comments?post=34810"}],"version-history":[{"count":1,"href":"https:\/\/www.iceagetv.com\/radiosite\/wp-json\/wp\/v2\/posts\/34810\/revisions"}],"predecessor-version":[{"id":34812,"href":"https:\/\/www.iceagetv.com\/radiosite\/wp-json\/wp\/v2\/posts\/34810\/revisions\/34812"}],"wp:featuredmedia":[{"embeddable":true,"href":"https:\/\/www.iceagetv.com\/radiosite\/wp-json\/wp\/v2\/media\/34811"}],"wp:attachment":[{"href":"https:\/\/www.iceagetv.com\/radiosite\/wp-json\/wp\/v2\/media?parent=34810"}],"wp:term":[{"taxonomy":"category","embeddable":true,"href":"https:\/\/www.iceagetv.com\/radiosite\/wp-json\/wp\/v2\/categories?post=34810"},{"taxonomy":"post_tag","embeddable":true,"href":"https:\/\/www.iceagetv.com\/radiosite\/wp-json\/wp\/v2\/tags?post=34810"}],"curies":[{"name":"wp","href":"https:\/\/api.w.org\/{rel}","templated":true}]}}