{"id":34818,"date":"2025-04-25T13:50:33","date_gmt":"2025-04-25T11:50:33","guid":{"rendered":"https:\/\/www.iceagetv.com\/radiosite\/?p=34818"},"modified":"2025-04-25T13:50:37","modified_gmt":"2025-04-25T11:50:37","slug":"deserts-medicaux-le-plan-choc-de-francois-bayrou-pour-terrasser-ce-fleau-qui-touche-8-millions-de-francais","status":"publish","type":"post","link":"https:\/\/www.iceagetv.com\/radiosite\/deserts-medicaux-le-plan-choc-de-francois-bayrou-pour-terrasser-ce-fleau-qui-touche-8-millions-de-francais\/","title":{"rendered":"D\u00e9serts m\u00e9dicaux : le plan choc de Fran\u00e7ois Bayrou pour terrasser ce fl\u00e9au qui touche 8 millions de Fran\u00e7ais"},"content":{"rendered":"\n<p class=\"\">Le Premier ministre pr\u00e9sente ce vendredi 25 avril un pacte de lutte contre les d\u00e9serts m\u00e9dicaux depuis le Cantal. Objectif : \u00ab\u00a0apporter une r\u00e9ponse rapide, nouvelle et vigoureuse\u00a0\u00bb.Un in\u00e9dit et une vieille habitude. L\u2019in\u00e9dit, d\u2019abord\u2009: sur les d\u00e9serts m\u00e9dicaux, pas de friture sur la ligne au gouvernement,<strong>&nbsp;tous les ministres sont d\u2019accord<\/strong>. Une raret\u00e9 depuis sa prise de fonction.<\/p>\n\n\n\n<p class=\"\">L\u2019habitude, maintenant\u2009: comme souvent avec&nbsp;<a href=\"https:\/\/actu.fr\/tag\/francois-bayrou\">Fran\u00e7ois Bayrou<\/a>, les concertations ont \u00e9t\u00e9 nombreuses. Ce plan (un pacte) doit permettre de lutter contre&nbsp;<a href=\"https:\/\/actu.fr\/dossier\/municipales-2026-episode-1-deserts-medicaux-un-medecin-a-tout-prix_62402041.html\">les d\u00e9serts m\u00e9dicaux<\/a>&nbsp;et a l\u2019ambition de mettre fin \u00e0 ce ph\u00e9nom\u00e8ne.<\/p>\n\n\n\n<p class=\"\">C\u2019est le sens de\u00a0<a href=\"https:\/\/actu.fr\/societe\/venue-de-francois-bayrou-dans-le-cantal-le-programme-est-connu_62549522.html\">la visite du Premier ministre dans le Cantal<\/a>\u00a0ce vendredi 25 avril 2025, \u00ab\u2009un territoire fragile en la mati\u00e8re, mais avec des initiatives int\u00e9ressantes\u2009\u00bb, d\u00e9taille-t-on dans l\u2019entourage d\u2019un B\u00e9arnais que l\u2019on d\u00e9peint comme d\u00e9termin\u00e9.Apporter des nouvelles solutions avant de penser \u00e0 la contrainte&nbsp;\u00bb<\/p>\n\n\n\n<p class=\"\">Dans un contexte parlementaire un peu tendu, avec&nbsp;<strong>l\u2019examen de la proposition de loi de Guillaume Garot<\/strong>, qui pr\u00e9voit, entre autres, une r\u00e9gulation de l\u2019installation des m\u00e9decins lib\u00e9raux ou salari\u00e9s.<\/p>\n\n\n\n<p class=\"\">Ainsi, le droit de s\u2019installer serait octroy\u00e9 de droit dans une zone en d\u00e9ficit de soignants, mais dans les territoires mieux pourvus, le m\u00e9decin ne pourrait s\u2019installer que lorsqu\u2019un autre s\u2019en va.\u00a0<strong>Le gouvernement est contre.<\/strong>Une volont\u00e9 d\u2019aller vite et de s\u2019adapter aux territoires<\/p>\n\n\n\n<p class=\"\">Dans un premier temps, priorit\u00e9 est donn\u00e9e de d\u00e9finir les zones dans le besoin. Une mission confi\u00e9e aux acteurs de terrain, \u00e9videmment les Agences r\u00e9gionales de sant\u00e9 (ARS) en lien avec les pr\u00e9fets. En un mois, elles devront fournir une cartographie avec des zones rouges, \u00ab\u2009prioritaires\u2009\u00bb.<\/p>\n\n\n\n<p class=\"\">Une source, aupr\u00e8s d\u2019<em>actu.fr<\/em>, confirme ce d\u00e9lai ambitieux afin de mettre en place des mesures rapidement et \u00ab\u2009apporter des r\u00e9ponses tout de suite \u00e0 la population\u2009\u00bb. Pour le locataire de Matignon, cette situation que vivent six millions de Fran\u00e7ais sans acc\u00e8s aux soins est un \u00ab\u2009abandon de la R\u00e9publique, avec des Fran\u00e7ais moins \u00e9gaux que d\u2019autres\u2009\u00bb.<\/p>\n\n\n\n<p class=\"\">Alors Fran\u00e7ois Bayrou, qui juge que le dossier des\u00a0<a href=\"https:\/\/actu.fr\/tag\/desertification-medicale\">d\u00e9serts m\u00e9dicaux<\/a>\u00a0est \u00ab\u2009une priorit\u00e9 de rang un\u2009\u00bb, d\u00e9gaine un pacte ce vendredi.Une solution \u00ab\u2009nouvelle\u2009\u00bb<\/p>\n\n\n\n<p class=\"\">Si celui-ci se r\u00e9partit en quatre piliers. Mais les conseillers en sont persuad\u00e9s, une mesure fera davantage parler que d\u2019autres.<\/p>\n\n\n\n<p class=\"\">Ne leur parlez pas de r\u00e9guler l\u2019installation de nouveaux m\u00e9decins. Le gouvernement pr\u00e9f\u00e8re que<strong>&nbsp;les m\u00e9decins soient \u00ab\u2009solidaires\u2009\u00bb, un \u00ab\u2009principe nouveau\u2009\u00bb et obligatoire.<\/strong><\/p>\n\n\n\n<p class=\"\">L\u2019id\u00e9e est simple\u2009: que des m\u00e9decins de tout le corps m\u00e9dical (g\u00e9n\u00e9ralistes, sp\u00e9cialistes) proc\u00e8dent \u00e0&nbsp;<strong>deux consultations par mois dans des zones particuli\u00e8rement sous-denses, les fameuses zones rouges, de mani\u00e8re \u00e0 garantir des consultations<\/strong>. La mesure pourrait ensuite \u00eatre \u00e9tendue si cela fonctionne.<\/p>\n\n\n\n<p class=\"\">C\u2019est un dispositif qui serait<strong>&nbsp;le fruit des concertations<\/strong>&nbsp;selon le gouvernement.<\/p>\n\n\n\n<p class=\"\">Une mani\u00e8re \u00ab\u2009d\u2019apporter un coup de main\u2009\u00bb aux territoires en difficult\u00e9. Enfin, il y aura des&nbsp;<strong>contreparties financi\u00e8res<\/strong>&nbsp;si un soignant joue le jeu, et des&nbsp;<strong>p\u00e9nalit\u00e9s<\/strong>, s\u2019il n\u2019est pas solidaire, dans des modalit\u00e9s non d\u00e9finies. Le gouvernement ne touche pas \u00e0 la r\u00e9gulation, mais force la main sur la solidarit\u00e9. Une histoire de mots. Pour l\u2019administr\u00e9, le tarif ne change pas.<\/p>\n\n\n\n<p class=\"\">Cette solution serait adapt\u00e9e \u00e0 chaque territoire, et \u00e0 chaque sp\u00e9cialit\u00e9, en imaginant plusieurs formes (t\u00e9l\u00e9consultations, rendez-vous dans des locaux pr\u00e9vus \u00e0 cet effet).<\/p>\n\n\n\n<p class=\"\">\u00ab\u2009On fait confiance aux pros\u2009\u00bb, glisse-t-on. Comprendre le message \u00e0 peine subliminal en direction des m\u00e9decins\u2009: \u00ab\u2009Organisez-vous pour assurer la continuit\u00e9 des soins, sinon on passera \u00e0 la contrainte.\u2009\u00bbChangement sur la formation<\/p>\n\n\n\n<p class=\"\">Autre levier essentiel, la formation. L\u2019ex\u00e9cutif part du postulat selon lequel \u00ab\u2009<strong>la probabilit\u00e9 que les m\u00e9decins s\u2019installent \u00e0 proximit\u00e9 de l\u00e0 o\u00f9 ils ont \u00e9t\u00e9 form\u00e9s ou de l\u00e0 o\u00f9 ils sont originaires est extr\u00eamement forte\u2009\u00bb.<\/strong><\/p>\n\n\n\n<p class=\"\">Alors que les trois quarts des d\u00e9partements proposent une premi\u00e8re ann\u00e9e d\u2019\u00e9tude de sant\u00e9, le gouvernement veut aller encore plus loin pour qu\u2019il y ait une antenne universitaire ou un parcours adapt\u00e9 pour chaque d\u00e9partement de France m\u00e9tropolitaine ou d\u2019Outre-Mer.<\/p>\n\n\n\n<p class=\"\">L\u2019ex\u00e9cutif s\u2019appuiera sur des dispositifs existants comme les options Sant\u00e9 dans les lyc\u00e9es ruraux ou les campus connect\u00e9s.<\/p>\n","protected":false},"excerpt":{"rendered":"<p>Le Premier ministre pr\u00e9sente ce vendredi 25 avril un pacte de lutte contre les d\u00e9serts m\u00e9dicaux depuis le Cantal. Objectif : \u00ab\u00a0apporter une r\u00e9ponse rapide, nouvelle et vigoureuse\u00a0\u00bb.Un in\u00e9dit et une vieille habitude. L\u2019in\u00e9dit, d\u2019abord\u2009: sur les d\u00e9serts m\u00e9dicaux, pas de friture sur la ligne au gouvernement,&nbsp;tous les ministres sont d\u2019accord. Une raret\u00e9 depuis sa [&hellip;]<\/p>\n","protected":false},"author":2,"featured_media":34819,"comment_status":"open","ping_status":"open","sticky":false,"template":"","format":"standard","meta":{"_jetpack_memberships_contains_paid_content":false,"footnotes":"","jetpack_publicize_message":"","jetpack_publicize_feature_enabled":true,"jetpack_social_post_already_shared":true,"jetpack_social_options":{"image_generator_settings":{"template":"highway","enabled":true,"token":"eyJpbWciOiJodHRwczpcL1wvd3d3LmljZWFnZXR2LmNvbVwvcmFkaW9zaXRlXC93cC1jb250ZW50XC91cGxvYWRzXC8yMDI1XC8wNFwvRGVzZXJ0cy1tZWRpY2F1eC5qcGciLCJ0eHQiOiJEXHUwMGU5c2VydHMgbVx1MDBlOWRpY2F1eCA6IGxlIHBsYW4gY2hvYyBkZSBGcmFuXHUwMGU3b2lzIEJheXJvdSBwb3VyIHRlcnJhc3NlciBjZSBmbFx1MDBlOWF1IHF1aSB0b3VjaGUgOCBtaWxsaW9ucyBkZSBGcmFuXHUwMGU3YWlzIiwidGVtcGxhdGUiOiJoaWdod2F5IiwiYmxvZ19pZCI6MTExMDE2NDYxfQ.A7CwedklkCoEFBmbIdQm_uIHKLWsWPcCQ5Rvo5Z3thgMQ"},"version":2},"_wpas_customize_per_network":false},"categories":[405],"tags":[],"class_list":["post-34818","post","type-post","status-publish","format-standard","has-post-thumbnail","hentry","category-actu-france-monde"],"jetpack_publicize_connections":[],"jetpack_featured_media_url":"https:\/\/i0.wp.com\/www.iceagetv.com\/radiosite\/wp-content\/uploads\/2025\/04\/Deserts-medicaux.jpg?fit=491%2C341&ssl=1","jetpack_sharing_enabled":true,"_links":{"self":[{"href":"https:\/\/www.iceagetv.com\/radiosite\/wp-json\/wp\/v2\/posts\/34818","targetHints":{"allow":["GET"]}}],"collection":[{"href":"https:\/\/www.iceagetv.com\/radiosite\/wp-json\/wp\/v2\/posts"}],"about":[{"href":"https:\/\/www.iceagetv.com\/radiosite\/wp-json\/wp\/v2\/types\/post"}],"author":[{"embeddable":true,"href":"https:\/\/www.iceagetv.com\/radiosite\/wp-json\/wp\/v2\/users\/2"}],"replies":[{"embeddable":true,"href":"https:\/\/www.iceagetv.com\/radiosite\/wp-json\/wp\/v2\/comments?post=34818"}],"version-history":[{"count":1,"href":"https:\/\/www.iceagetv.com\/radiosite\/wp-json\/wp\/v2\/posts\/34818\/revisions"}],"predecessor-version":[{"id":34820,"href":"https:\/\/www.iceagetv.com\/radiosite\/wp-json\/wp\/v2\/posts\/34818\/revisions\/34820"}],"wp:featuredmedia":[{"embeddable":true,"href":"https:\/\/www.iceagetv.com\/radiosite\/wp-json\/wp\/v2\/media\/34819"}],"wp:attachment":[{"href":"https:\/\/www.iceagetv.com\/radiosite\/wp-json\/wp\/v2\/media?parent=34818"}],"wp:term":[{"taxonomy":"category","embeddable":true,"href":"https:\/\/www.iceagetv.com\/radiosite\/wp-json\/wp\/v2\/categories?post=34818"},{"taxonomy":"post_tag","embeddable":true,"href":"https:\/\/www.iceagetv.com\/radiosite\/wp-json\/wp\/v2\/tags?post=34818"}],"curies":[{"name":"wp","href":"https:\/\/api.w.org\/{rel}","templated":true}]}}