{"id":34826,"date":"2025-04-26T07:37:48","date_gmt":"2025-04-26T05:37:48","guid":{"rendered":"https:\/\/www.iceagetv.com\/radiosite\/?p=34826"},"modified":"2025-04-26T07:37:54","modified_gmt":"2025-04-26T05:37:54","slug":"obseques-du-pape-francois-tireurs-delite-messes-sainte-marie-majeure-comment-va-se-derouler-la-ceremonie","status":"publish","type":"post","link":"https:\/\/www.iceagetv.com\/radiosite\/obseques-du-pape-francois-tireurs-delite-messes-sainte-marie-majeure-comment-va-se-derouler-la-ceremonie\/","title":{"rendered":"Obs\u00e8ques du pape Fran\u00e7ois\u00a0: tireurs d\u2019\u00e9lite, messes, Sainte-Marie-Majeure\u2026 comment va se d\u00e9rouler la c\u00e9r\u00e9monie"},"content":{"rendered":"\n<p class=\"\">Les fun\u00e9railles du pape Fran\u00e7ois d\u00e9buteront \u00e0 10 h ce samedi 26 avril.Le premier pape sud-am\u00e9ricain de l\u2019\u00c9glise catholique est d\u00e9c\u00e9d\u00e9 le lundi de P\u00e2ques \u00e0 l\u2019\u00e2ge de 88 ans, moins d\u2019un mois apr\u00e8s sa sortie de l\u2019h\u00f4pital romain o\u00f9 il \u00e9tait soign\u00e9 pour une grave pneumonie. La p\u00e9riode de deuil dure jusqu\u2019au 4 mai.Le Vatican a mis vendredi la derni\u00e8re main aux pr\u00e9paratifs des fun\u00e9railles du pape Fran\u00e7ois, qui se tiendront samedi matin sur la place Saint-Pierre, \u00e0 Rome, tandis que pour une derni\u00e8re journ\u00e9e, fid\u00e8les et touristes pouvaient d\u00e9filer devant le cercueil ouvert. La plupart des 50 chefs d\u2019\u00c9tat et des 10 monarques qui ont confirm\u00e9 jusqu\u2019ici leur pr\u00e9sence aux obs\u00e8ques du souverain pontife, dont le pr\u00e9sident am\u00e9ricain Donald Trump (dont c\u2019est le premier voyage international depuis sa deuxi\u00e8me \u00e9lection), l\u2019Ukrainien Volodymyr Zelensky (qui n&rsquo;\u00e9tait pas s\u00fbr d&rsquo;\u00eatre l\u00e0) ou le Fran\u00e7ais Emmanuel Macron devaient arriver \u00e0 Rome ce vendredi. Au moins 130 d\u00e9l\u00e9gations \u00e9trang\u00e8res seront pr\u00e9sentes, dont celles de l\u2019Argentin Javier Milei et du Prince William. Le pr\u00e9sident russe Vladimir Poutine, vis\u00e9 par un mandat d&rsquo;arr\u00eat de la Cour p\u00e9nale internationale (CPI), ne sera pas pr\u00e9sent. La Russie sera repr\u00e9sent\u00e9e par sa ministre de la Culture, Olga LioubimovaL\u2019agence italienne de protection civile estime que \u00ab\u00a0plusieurs centaines de milliers\u00a0\u00bb de personnes se rendront dans la ville \u00e9ternelle en ce week-end qui s\u2019annon\u00e7ait d\u00e9j\u00e0 tr\u00e8s charg\u00e9 en raison d\u2019un jour f\u00e9ri\u00e9. Les autorit\u00e9s italiennes et vaticanes ont plac\u00e9 les alentours de Saint-Pierre sous haute protection, avec des milliers de b\u00e9n\u00e9voles et de forces de l\u2019ordre mobilis\u00e9s, un syst\u00e8me anti-drones, des tireurs d\u2019\u00e9lite sur les toits et des avions de chasse pr\u00eats \u00e0 d\u00e9coller.C\u2019est le cardinal Kevin Farrell, le camerlingue qui g\u00e8re les affaires courantes du Vatican jusqu\u2019\u00e0 l\u2019\u00e9lection d\u2019un nouveau pape, qui a pr\u00e9sid\u00e9 le \u00ab\u00a0rite du scellement du cercueil\u00a0\u00bb vendredi soir.La messe sera c\u00e9l\u00e9br\u00e9e par le cadrinal Giovanni Battista Re, doyen du Coll\u00e8ge des cardinaux (91 ans). Neuf messes seront en tout c\u00e9l\u00e9br\u00e9es jusqu\u2019au 4 mai, toutes en la basilique Saint-Pierre.Apr\u00e8s les fun\u00e9railles, le cercueil de Fran\u00e7ois sera transport\u00e9 pour \u00eatre inhum\u00e9, selon sa volont\u00e9, dans la basilique papale Sainte-Marie-Majeure, \u00e0 Rome, d\u00e9di\u00e9e au culte de la Vierge. Le cort\u00e8ge parcourra 4 km dans les rues de Rome. Un groupe de \u00ab\u00a0pauvres et de n\u00e9cessiteux\u00a0\u00bb sera pr\u00e9sent sur les marches de la basilique pour accueillir le cercueil du pontife, qui \u00e9tait un ardent d\u00e9fenseur des laiss\u00e9s-pour-compte<\/p>\n","protected":false},"excerpt":{"rendered":"<p>Les fun\u00e9railles du pape Fran\u00e7ois d\u00e9buteront \u00e0 10 h ce samedi 26 avril.Le premier pape sud-am\u00e9ricain de l\u2019\u00c9glise catholique est d\u00e9c\u00e9d\u00e9 le lundi de P\u00e2ques \u00e0 l\u2019\u00e2ge de 88 ans, moins d\u2019un mois apr\u00e8s sa sortie de l\u2019h\u00f4pital romain o\u00f9 il \u00e9tait soign\u00e9 pour une grave pneumonie. La p\u00e9riode de deuil dure jusqu\u2019au 4 mai.Le [&hellip;]<\/p>\n","protected":false},"author":2,"featured_media":34827,"comment_status":"open","ping_status":"open","sticky":false,"template":"","format":"standard","meta":{"_jetpack_memberships_contains_paid_content":false,"footnotes":"","jetpack_publicize_message":"","jetpack_publicize_feature_enabled":true,"jetpack_social_post_already_shared":true,"jetpack_social_options":{"image_generator_settings":{"template":"highway","enabled":true,"token":"eyJpbWciOiJodHRwczpcL1wvd3d3LmljZWFnZXR2LmNvbVwvcmFkaW9zaXRlXC93cC1jb250ZW50XC91cGxvYWRzXC8yMDI1XC8wNFwvaW1hZ2UtMi5qcGciLCJ0eHQiOiJPYnNcdTAwZThxdWVzIGR1IHBhcGUgRnJhblx1MDBlN29pc1x1MDBhMDogdGlyZXVycyBkXHUyMDE5XHUwMGU5bGl0ZSwgbWVzc2VzLCBTYWludGUtTWFyaWUtTWFqZXVyZVx1MjAyNiBjb21tZW50IHZhIHNlIGRcdTAwZTlyb3VsZXIgbGEgY1x1MDBlOXJcdTAwZTltb25pZSIsInRlbXBsYXRlIjoiaGlnaHdheSIsImJsb2dfaWQiOjExMTAxNjQ2MX0.AAq83F149BtrKhkI_5EZiXGjnwBCoU7QjdGtWnklaBYMQ"},"version":2},"_wpas_customize_per_network":false},"categories":[405],"tags":[],"class_list":["post-34826","post","type-post","status-publish","format-standard","has-post-thumbnail","hentry","category-actu-france-monde"],"jetpack_publicize_connections":[],"jetpack_featured_media_url":"https:\/\/i0.wp.com\/www.iceagetv.com\/radiosite\/wp-content\/uploads\/2025\/04\/image-2.jpg?fit=435%2C325&ssl=1","jetpack_sharing_enabled":true,"_links":{"self":[{"href":"https:\/\/www.iceagetv.com\/radiosite\/wp-json\/wp\/v2\/posts\/34826","targetHints":{"allow":["GET"]}}],"collection":[{"href":"https:\/\/www.iceagetv.com\/radiosite\/wp-json\/wp\/v2\/posts"}],"about":[{"href":"https:\/\/www.iceagetv.com\/radiosite\/wp-json\/wp\/v2\/types\/post"}],"author":[{"embeddable":true,"href":"https:\/\/www.iceagetv.com\/radiosite\/wp-json\/wp\/v2\/users\/2"}],"replies":[{"embeddable":true,"href":"https:\/\/www.iceagetv.com\/radiosite\/wp-json\/wp\/v2\/comments?post=34826"}],"version-history":[{"count":1,"href":"https:\/\/www.iceagetv.com\/radiosite\/wp-json\/wp\/v2\/posts\/34826\/revisions"}],"predecessor-version":[{"id":34828,"href":"https:\/\/www.iceagetv.com\/radiosite\/wp-json\/wp\/v2\/posts\/34826\/revisions\/34828"}],"wp:featuredmedia":[{"embeddable":true,"href":"https:\/\/www.iceagetv.com\/radiosite\/wp-json\/wp\/v2\/media\/34827"}],"wp:attachment":[{"href":"https:\/\/www.iceagetv.com\/radiosite\/wp-json\/wp\/v2\/media?parent=34826"}],"wp:term":[{"taxonomy":"category","embeddable":true,"href":"https:\/\/www.iceagetv.com\/radiosite\/wp-json\/wp\/v2\/categories?post=34826"},{"taxonomy":"post_tag","embeddable":true,"href":"https:\/\/www.iceagetv.com\/radiosite\/wp-json\/wp\/v2\/tags?post=34826"}],"curies":[{"name":"wp","href":"https:\/\/api.w.org\/{rel}","templated":true}]}}