{"id":34829,"date":"2025-04-26T13:31:20","date_gmt":"2025-04-26T11:31:20","guid":{"rendered":"https:\/\/www.iceagetv.com\/radiosite\/?p=34829"},"modified":"2025-04-26T13:31:25","modified_gmt":"2025-04-26T11:31:25","slug":"pape-francois-apres-la-procession-dans-les-rues-de-rome-le-simple-cercueil-de-bois-est-desormais-dans-la-basilique-sainte-marie-majeure-de-rome-les-fideles-pourront-se-recueillir-des-ce-soi","status":"publish","type":"post","link":"https:\/\/www.iceagetv.com\/radiosite\/pape-francois-apres-la-procession-dans-les-rues-de-rome-le-simple-cercueil-de-bois-est-desormais-dans-la-basilique-sainte-marie-majeure-de-rome-les-fideles-pourront-se-recueillir-des-ce-soi\/","title":{"rendered":"\u00a0Pape Fran\u00e7ois &#8211; Apr\u00e8s la procession dans les rues de Rome, le simple cercueil de bois est d\u00e9sormais dans la basilique Sainte-Marie-Majeure de Rome &#8211; Les fid\u00e8les pourront se recueillir d\u00e8s ce soir \u00e0 21h devant le cercueil"},"content":{"rendered":"\n<p class=\"\"><strong>Le Vatican annonce que les fid\u00e8les pourront se recueillir d\u00e8s ce soir \u00e0 21h devant la derni\u00e8re demeure du PapeApr\u00e8s la procession dans les rues de Rome, le simple cercueil de bois est d\u00e9sormais dans la basilique Sainte-Marie-Majeure de Rome qui est sa derni\u00e8re demeureLe cort\u00e8ge fun\u00e8bre du pape va d\u00e9buter. Le cercueil du souverain pontife sera visible au public mass\u00e9 le long du trajet derri\u00e8re des barri\u00e8res m\u00e9talliques. Il ne sera pas possible de suivre la procession, qui traversera le centre de Rome \u00e0 faible allure.Les cloches de la basilique Saint Pierre retentissentLe cercueil du Pape d&rsquo;une simplicit\u00e9 absolue, est pos\u00e9 \u00e0 m\u00eame le sol pendant la messe, selon la volont\u00e9 de Fran\u00e7ois.<\/strong>\u00a0La messe est actuellement pr\u00e9sid\u00e9e par Giovanni Battista Re, doyen du Coll\u00e8ge des cardinaux.\u00a0Les hommes charg\u00e9s de porter le cercueil du pape sont des la\u00efcs qui soutenaient aussi le souverain pontife dans son fauteuil, de son vivant.<strong>Le cercueil quitte la basilique Saint-Pierre sous les applaudissements et la messe commencera ensuite avec un peu de retard sur le programme qui avait \u00e9t\u00e9 \u00e9tabliPr\u00e8s de 150.00 personnes sont d\u00e9j\u00e0 pr\u00e9sentes Place Saint-Pierre selon une premi\u00e8re estimation<\/strong><\/p>\n","protected":false},"excerpt":{"rendered":"<p>Le Vatican annonce que les fid\u00e8les pourront se recueillir d\u00e8s ce soir \u00e0 21h devant la derni\u00e8re demeure du PapeApr\u00e8s la procession dans les rues de Rome, le simple cercueil de bois est d\u00e9sormais dans la basilique Sainte-Marie-Majeure de Rome qui est sa derni\u00e8re demeureLe cort\u00e8ge fun\u00e8bre du pape va d\u00e9buter. Le cercueil du souverain [&hellip;]<\/p>\n","protected":false},"author":2,"featured_media":34830,"comment_status":"open","ping_status":"open","sticky":false,"template":"","format":"standard","meta":{"_jetpack_memberships_contains_paid_content":false,"footnotes":"","jetpack_publicize_message":"","jetpack_publicize_feature_enabled":true,"jetpack_social_post_already_shared":true,"jetpack_social_options":{"image_generator_settings":{"template":"highway","enabled":true,"token":"eyJpbWciOiJodHRwczpcL1wvd3d3LmljZWFnZXR2LmNvbVwvcmFkaW9zaXRlXC93cC1jb250ZW50XC91cGxvYWRzXC8yMDI1XC8wNFwvTFlWVUtLaGUuanBnIiwidHh0IjoiXHUwMGEwUGFwZSBGcmFuXHUwMGU3b2lzICYjODIxMTsgQXByXHUwMGU4cyBsYSBwcm9jZXNzaW9uIGRhbnMgbGVzIHJ1ZXMgZGUgUm9tZSwgbGUgc2ltcGxlIGNlcmN1ZWlsIGRlIGJvaXMgZXN0IGRcdTAwZTlzb3JtYWlzIGRhbnMgbGEgYmFzaWxpcXVlIFNhaW50ZS1NYXJpZS1NYWpldXJlIGRlIFJvbWUgJiM4MjExOyBMZXMgZmlkXHUwMGU4bGVzIHBvdXJyb250IHNlIHJlY3VlaWxsaXIgZFx1MDBlOHMgY2Ugc29pciBcdTAwZTAgMjFoIGRldmFudCBsZSBjZXJjdWVpbCIsInRlbXBsYXRlIjoiaGlnaHdheSIsImJsb2dfaWQiOjExMTAxNjQ2MX0.BLObRrBP56tko3LoqSc8zYNIH3_idmGK9KITLEvIebsMQ"},"version":2},"_wpas_customize_per_network":false},"categories":[405],"tags":[],"class_list":["post-34829","post","type-post","status-publish","format-standard","has-post-thumbnail","hentry","category-actu-france-monde"],"jetpack_publicize_connections":[],"jetpack_featured_media_url":"https:\/\/i0.wp.com\/www.iceagetv.com\/radiosite\/wp-content\/uploads\/2025\/04\/LYVUKKhe.jpg?fit=679%2C293&ssl=1","jetpack_sharing_enabled":true,"_links":{"self":[{"href":"https:\/\/www.iceagetv.com\/radiosite\/wp-json\/wp\/v2\/posts\/34829","targetHints":{"allow":["GET"]}}],"collection":[{"href":"https:\/\/www.iceagetv.com\/radiosite\/wp-json\/wp\/v2\/posts"}],"about":[{"href":"https:\/\/www.iceagetv.com\/radiosite\/wp-json\/wp\/v2\/types\/post"}],"author":[{"embeddable":true,"href":"https:\/\/www.iceagetv.com\/radiosite\/wp-json\/wp\/v2\/users\/2"}],"replies":[{"embeddable":true,"href":"https:\/\/www.iceagetv.com\/radiosite\/wp-json\/wp\/v2\/comments?post=34829"}],"version-history":[{"count":1,"href":"https:\/\/www.iceagetv.com\/radiosite\/wp-json\/wp\/v2\/posts\/34829\/revisions"}],"predecessor-version":[{"id":34831,"href":"https:\/\/www.iceagetv.com\/radiosite\/wp-json\/wp\/v2\/posts\/34829\/revisions\/34831"}],"wp:featuredmedia":[{"embeddable":true,"href":"https:\/\/www.iceagetv.com\/radiosite\/wp-json\/wp\/v2\/media\/34830"}],"wp:attachment":[{"href":"https:\/\/www.iceagetv.com\/radiosite\/wp-json\/wp\/v2\/media?parent=34829"}],"wp:term":[{"taxonomy":"category","embeddable":true,"href":"https:\/\/www.iceagetv.com\/radiosite\/wp-json\/wp\/v2\/categories?post=34829"},{"taxonomy":"post_tag","embeddable":true,"href":"https:\/\/www.iceagetv.com\/radiosite\/wp-json\/wp\/v2\/tags?post=34829"}],"curies":[{"name":"wp","href":"https:\/\/api.w.org\/{rel}","templated":true}]}}