{"id":34834,"date":"2025-04-26T15:44:54","date_gmt":"2025-04-26T13:44:54","guid":{"rendered":"https:\/\/www.iceagetv.com\/radiosite\/?p=34834"},"modified":"2025-04-26T15:44:59","modified_gmt":"2025-04-26T13:44:59","slug":"la-photo-historique-de-la-rencontre-entre-donald-trump-et-volodymyr-zelensky-dans-la-basilique-saint-pierre","status":"publish","type":"post","link":"https:\/\/www.iceagetv.com\/radiosite\/la-photo-historique-de-la-rencontre-entre-donald-trump-et-volodymyr-zelensky-dans-la-basilique-saint-pierre\/","title":{"rendered":"La photo historique de la rencontre entre Donald Trump et Volodymyr Zelensky dans la basilique Saint-Pierre"},"content":{"rendered":"\n<p class=\"\">En marge des fun\u00e9railles du pape Fran\u00e7ois, Donald Trump et Volodymyr Zelensky ont bri\u00e8vement \u00e9chang\u00e9 dans la basilique Saint-Pierre. Une photo historique.Un \u00e9change qui para\u00eet simple, mais \u00f4 combien important dans un contexte diplomatique ultra-tendu et en qu\u00eate de<a href=\"https:\/\/actu.fr\/tag\/guerre-en-ukraine\">&nbsp;la paix en Ukraine<\/a>. Deux hommes, deux chaises dans un d\u00e9cor aussi exceptionnel que d\u00e9concertant. En marge<a href=\"https:\/\/actu.fr\/monde\/direct-obseques-du-pape-francois-messe-inhumation-suivez-en-direct-les-funerailles-ce-samedi_62559480.html\">&nbsp;des fun\u00e9railles du pape Fran\u00e7ois,<\/a>&nbsp;ce samedi 26 avril 2025,&nbsp;<a href=\"https:\/\/actu.fr\/tag\/donald-trump\">Donald Trump<\/a>&nbsp;et&nbsp;<a href=\"https:\/\/actu.fr\/tag\/volodymyr-zelensky\">Volodymyr Zelensky<\/a>&nbsp;ont \u00e9chang\u00e9 un bref instant.<\/p>\n\n\n\n<p class=\"\">De quoi donner cette photo qui semble hors-du-temps. Elle a \u00e9t\u00e9 diffus\u00e9e par un conseiller du pr\u00e9sident ukrainien sur une boucle Telegram.<\/p>\n\n\n\n<p class=\"\"><strong>Une rencontre qualifi\u00e9e de \u00ab&nbsp;tr\u00e8s productive&nbsp;\u00bb par la Maison-Blanche<\/strong>, quand la pr\u00e9sidence ukrainienne salue un premier \u00e9change \u00ab&nbsp;constructif&nbsp;\u00bb.&nbsp;<\/p>\n\n\n\n<p class=\"\">Aucun d\u00e9tail n\u2019a filtr\u00e9 sur le contenu de leur discussion, mais la Maison-Blanche a promis de fournir plus d\u2019informations ult\u00e9rieurement.<\/p>\n\n\n\n<p class=\"\">Il s\u2019agit de la premi\u00e8re rencontre entre les deux chefs d\u2019\u00c9tat depuis\u00a0<a href=\"https:\/\/actu.fr\/monde\/clash-entre-donald-trump-et-volodymyr-zelensky-voici-les-propos-exacts-et-hallucinants-qui-ont-ete-tenus_62317856.html\">l\u2019\u00e9change houleux \u00e0 Washington le 28 f\u00e9vrier,<\/a>\u00a0quand Donald Trump et son vice-pr\u00e9sident<a href=\"https:\/\/actu.fr\/monde\/qui-sont-les-hillbillies-ces-ploucs-blancs-de-l-amerique-rurale-representes-par-j-d-vance_62431574.html\">\u00a0JD Vance<\/a>\u00a0avaient litt\u00e9ralement tanc\u00e9 le pr\u00e9sident ukrainien.Quatre chefs d\u2019\u00e9tats dans la basilique<\/p>\n\n\n\n<p class=\"\">Dans le m\u00eame cadre, et encore plus informel,&nbsp;Volodymyr Zelensky, Donald Trump, Emmanuel Macron et Keir Starmer ont \u00e9chang\u00e9 ensemble en marge des obs\u00e8ques du pape, annonce la pr\u00e9sidence ukrainienne.<\/p>\n\n\n\n<p class=\"\">Un \u00e9change \u00ab\u00a0positif\u00a0\u00bb selon l\u2019\u00c9lys\u00e9e.La question de la Crim\u00e9e<\/p>\n\n\n\n<p class=\"\">\u00ab&nbsp;La Russie gardera la Crim\u00e9e. Et Zelensky comprend \u00e7a&nbsp;\u00bb, mart\u00e8le ainsi le pr\u00e9sident am\u00e9ricain dans Time \u00e0 propos de cette p\u00e9ninsule strat\u00e9gique donnant acc\u00e8s la mer Noire.&nbsp;<\/p>\n\n\n\n<p class=\"\">Mais le pr\u00e9sident ukrainien a r\u00e9fut\u00e9 cette id\u00e9e en martelant vendredi que \u00ab&nbsp;tous les territoires temporairement occup\u00e9s appartiennent \u00e0 l\u2019Ukraine&nbsp;\u00bb.<\/p>\n\n\n\n<p class=\"\">Donald Trump a aussi fait de nouveau porter \u00e0 l\u2019Ukraine la responsabilit\u00e9 du conflit, consid\u00e9rant que \u00ab&nbsp;ce qui a fait commencer la guerre, c\u2019est quand ils (les Ukrainiens, ndlr) ont commenc\u00e9 \u00e0 parler de rejoindre l\u2019Otan&nbsp;\u00bb, reprenant de facto les \u00e9l\u00e9ments de langage diffus\u00e9s par la Russie depuis des ann\u00e9es.<\/p>\n\n\n\n<p class=\"\">C\u2019est l\u2019arm\u00e9e russe qui a envahi \u00e0 grande \u00e9chelle le territoire ukrainien en f\u00e9vrier 2022, d\u00e9clenchant un conflit sans pr\u00e9c\u00e9dent en Europe depuis des d\u00e9cennies.<\/p>\n","protected":false},"excerpt":{"rendered":"<p>En marge des fun\u00e9railles du pape Fran\u00e7ois, Donald Trump et Volodymyr Zelensky ont bri\u00e8vement \u00e9chang\u00e9 dans la basilique Saint-Pierre. Une photo historique.Un \u00e9change qui para\u00eet simple, mais \u00f4 combien important dans un contexte diplomatique ultra-tendu et en qu\u00eate de&nbsp;la paix en Ukraine. Deux hommes, deux chaises dans un d\u00e9cor aussi exceptionnel que d\u00e9concertant. En marge&nbsp;des [&hellip;]<\/p>\n","protected":false},"author":2,"featured_media":34835,"comment_status":"open","ping_status":"open","sticky":false,"template":"","format":"standard","meta":{"_jetpack_memberships_contains_paid_content":false,"footnotes":"","jetpack_publicize_message":"","jetpack_publicize_feature_enabled":true,"jetpack_social_post_already_shared":true,"jetpack_social_options":{"image_generator_settings":{"template":"highway","enabled":true,"token":"eyJpbWciOiJodHRwczpcL1wvd3d3LmljZWFnZXR2LmNvbVwvcmFkaW9zaXRlXC93cC1jb250ZW50XC91cGxvYWRzXC8yMDI1XC8wNFwvMDU5ZTE3YjEtZDZkOC0zMDczLThiZjYtZjg2YzA1M2E0NjFlLTk2MHg2NDAtMS5qcGVnIiwidHh0IjoiTGEgcGhvdG8gaGlzdG9yaXF1ZSBkZSBsYSByZW5jb250cmUgZW50cmUgRG9uYWxkIFRydW1wIGV0IFZvbG9keW15ciBaZWxlbnNreSBkYW5zIGxhIGJhc2lsaXF1ZSBTYWludC1QaWVycmUiLCJ0ZW1wbGF0ZSI6ImhpZ2h3YXkiLCJibG9nX2lkIjoxMTEwMTY0NjF9.n_NqFFNeabzYiFTZkYP1-wkcEQHziNf9V0F9dMM_CnUMQ"},"version":2},"_wpas_customize_per_network":false},"categories":[405],"tags":[],"class_list":["post-34834","post","type-post","status-publish","format-standard","has-post-thumbnail","hentry","category-actu-france-monde"],"jetpack_publicize_connections":[],"jetpack_featured_media_url":"https:\/\/i0.wp.com\/www.iceagetv.com\/radiosite\/wp-content\/uploads\/2025\/04\/059e17b1-d6d8-3073-8bf6-f86c053a461e-960x640-1.jpeg?fit=960%2C640&ssl=1","jetpack_sharing_enabled":true,"_links":{"self":[{"href":"https:\/\/www.iceagetv.com\/radiosite\/wp-json\/wp\/v2\/posts\/34834","targetHints":{"allow":["GET"]}}],"collection":[{"href":"https:\/\/www.iceagetv.com\/radiosite\/wp-json\/wp\/v2\/posts"}],"about":[{"href":"https:\/\/www.iceagetv.com\/radiosite\/wp-json\/wp\/v2\/types\/post"}],"author":[{"embeddable":true,"href":"https:\/\/www.iceagetv.com\/radiosite\/wp-json\/wp\/v2\/users\/2"}],"replies":[{"embeddable":true,"href":"https:\/\/www.iceagetv.com\/radiosite\/wp-json\/wp\/v2\/comments?post=34834"}],"version-history":[{"count":1,"href":"https:\/\/www.iceagetv.com\/radiosite\/wp-json\/wp\/v2\/posts\/34834\/revisions"}],"predecessor-version":[{"id":34836,"href":"https:\/\/www.iceagetv.com\/radiosite\/wp-json\/wp\/v2\/posts\/34834\/revisions\/34836"}],"wp:featuredmedia":[{"embeddable":true,"href":"https:\/\/www.iceagetv.com\/radiosite\/wp-json\/wp\/v2\/media\/34835"}],"wp:attachment":[{"href":"https:\/\/www.iceagetv.com\/radiosite\/wp-json\/wp\/v2\/media?parent=34834"}],"wp:term":[{"taxonomy":"category","embeddable":true,"href":"https:\/\/www.iceagetv.com\/radiosite\/wp-json\/wp\/v2\/categories?post=34834"},{"taxonomy":"post_tag","embeddable":true,"href":"https:\/\/www.iceagetv.com\/radiosite\/wp-json\/wp\/v2\/tags?post=34834"}],"curies":[{"name":"wp","href":"https:\/\/api.w.org\/{rel}","templated":true}]}}