{"id":34837,"date":"2025-04-27T13:37:26","date_gmt":"2025-04-27T11:37:26","guid":{"rendered":"https:\/\/www.iceagetv.com\/radiosite\/?p=34837"},"modified":"2025-04-27T13:37:29","modified_gmt":"2025-04-27T11:37:29","slug":"canada-au-moins-9-morts-et-des-blesses-apres-quune-voiture-a-fonce-dans-la-foule-durant-un-festival-de-rue-a-vancouver-ce-nest-pas-un-acte-terroriste","status":"publish","type":"post","link":"https:\/\/www.iceagetv.com\/radiosite\/canada-au-moins-9-morts-et-des-blesses-apres-quune-voiture-a-fonce-dans-la-foule-durant-un-festival-de-rue-a-vancouver-ce-nest-pas-un-acte-terroriste\/","title":{"rendered":"Canada : Au moins 9 morts et des bless\u00e9s apr\u00e8s qu&rsquo;une voiture a fonc\u00e9 dans la foule durant un festival de rue \u00e0 Vancouver &#8211; \u00a0\u00bb Ce n&rsquo;est pas un acte terroriste"},"content":{"rendered":"\n<p class=\"\"><strong>Un premier bilan fait \u00e9tat d&rsquo;au moins 9 morts.<\/strong>\u00a0\u00ab\u00a0\u00c0 ce jour, nous pouvons confirmer que neuf personnes ont trouv\u00e9 la mort apr\u00e8s qu&rsquo;un homme a fonc\u00e9 dans la foule hier soir lors du festival de Lapu-Lapu\u00a0\u00bb, a indiqu\u00e9 la police de Vancouver sur son compte X.<strong>La police de Vancouver affirme sur X : \u00ab\u00a0Nous sommes convaincus que cet incident n\u2019\u00e9tait pas un acte de terrorisme\u00a0\u00bb.<\/strong>\u00a0Aucune explication ou motif n\u2019est avanc\u00e9 par la police pour expliquer le drame dans l\u2019imm\u00e9diat. La police a indiqu\u00e9 qu\u2019elle ferait le point sur l\u2019enqu\u00eate dans la matin\u00e9e.\u00a0Le suspect a \u00e9t\u00e9 plac\u00e9 en garde \u00e0 vue. Ag\u00e9 de 30 ans, le conducteur est un \u00ab\u00a0suspect isol\u00e9\u00a0\u00bb connu de la police, qui a \u00e9t\u00e9 interpell\u00e9 sur place par la foule elle-m\u00eame, a expliqu\u00e9 un porte-parole de la police de Vancouver.Le premier ministre canadien Mark Carney s\u2019est dit \u00abboulevers\u00e9\u00bb dimanche par ce drame. \u00abNous sommes tous en deuil avec vous\u00bb, a-t-il ajout\u00e9 dans un message sur X. Le premier ministre avait pr\u00e9vu de se rendre dans cette province de la Colombie-Britannique dimanche pour ses derniers meetings de campagne avant le vote de lundi. La police a pr\u00e9cis\u00e9 que l\u2019incident s\u2019\u00e9tait produit peu apr\u00e8s 20 heures samedi (5 heures dimanche en France dans le quartier Sunset on Fraser de la ville.<strong>Une vid\u00e9o avec le conducteur est diffus\u00e9e sur les r\u00e9seaux sociaux. Il est d\u00e9crit comme asiatique, \u00e2g\u00e9 d&rsquo;une trentaine d&rsquo;ann\u00e9es et possiblement avec des probl\u00e8mes psychologiques.<\/strong><strong>Le point complet sur la situation &#8211; Un automobiliste a fonc\u00e9 dans la foule lors d&rsquo;un festival de rue samedi 27 avril \u00e0 Vancouver, faisant plusieurs morts, a annonc\u00e9 la police. \u00ab\u00a0Plusieurs personnes ont \u00e9t\u00e9 tu\u00e9es et plusieurs autres bless\u00e9es\u00a0\u00bb, a pr\u00e9cis\u00e9 la police de Vancouver sur X.<\/strong><\/p>\n\n\n\n<p class=\"\">\u00ab\u00a0Le conducteur est en garde \u00e0 vue\u00a0\u00bb, ont ajout\u00e9 les autorit\u00e9s. L&rsquo;incident s&rsquo;est produit peu apr\u00e8s 20 heures dans le quartier Sunset on Fraser, alors que des membres de la communaut\u00e9 philippine se rassemblaient pour c\u00e9l\u00e9brer la Journ\u00e9e Lapu-Lapu, a annonc\u00e9 le maire de Vancouver, Ken Sim, sur X. Ce festival rend hommage \u00e0 un meneur de la lutte anticoloniale du XVIe si\u00e8cle aux Philippines.<\/p>\n\n\n\n<p class=\"\">\u00ab\u00a0Nos pens\u00e9es accompagnent toutes les personnes touch\u00e9es et la communaut\u00e9 philippine de Vancouver en cette p\u00e9riode incroyablement difficile\u00a0\u00bb, a \u00e9crit le maire.<\/p>\n\n\n\n<p class=\"\">Des vid\u00e9os post\u00e9es sur les r\u00e9seaux sociaux montrent des corps allong\u00e9s sur la chauss\u00e9e, un v\u00e9hicule de type SUV endommag\u00e9 ainsi que de nombreuses ambulances sur place.<\/p>\n\n\n\n<p class=\"\">\u00ab\u00a0Nous sommes en contact avec la ville de Vancouver et apporterons toute l&rsquo;aide n\u00e9cessaire\u00a0\u00bb, a d\u00e9clar\u00e9 le Premier ministre de la Colombie-Britannique, David Eby, sur les r\u00e9seaux sociaux, se disant \u00ab\u00a0sous le choc et le c\u0153ur bris\u00e9\u00a0\u00bb.<\/p>\n","protected":false},"excerpt":{"rendered":"<p>Un premier bilan fait \u00e9tat d&rsquo;au moins 9 morts.\u00a0\u00ab\u00a0\u00c0 ce jour, nous pouvons confirmer que neuf personnes ont trouv\u00e9 la mort apr\u00e8s qu&rsquo;un homme a fonc\u00e9 dans la foule hier soir lors du festival de Lapu-Lapu\u00a0\u00bb, a indiqu\u00e9 la police de Vancouver sur son compte X.La police de Vancouver affirme sur X : \u00ab\u00a0Nous sommes [&hellip;]<\/p>\n","protected":false},"author":2,"featured_media":34839,"comment_status":"open","ping_status":"open","sticky":false,"template":"","format":"standard","meta":{"_jetpack_memberships_contains_paid_content":false,"footnotes":"","jetpack_publicize_message":"","jetpack_publicize_feature_enabled":true,"jetpack_social_post_already_shared":true,"jetpack_social_options":{"image_generator_settings":{"template":"highway","enabled":true,"token":"eyJpbWciOiJodHRwczpcL1wvd3d3LmljZWFnZXR2LmNvbVwvcmFkaW9zaXRlXC93cC1jb250ZW50XC91cGxvYWRzXC8yMDI1XC8wNFwvcHIzeEhDWWQuanBnIiwidHh0IjoiQ2FuYWRhIDogQXUgbW9pbnMgOSBtb3J0cyBldCBkZXMgYmxlc3NcdTAwZTlzIGFwclx1MDBlOHMgcXUmIzgyMTc7dW5lIHZvaXR1cmUgYSBmb25jXHUwMGU5IGRhbnMgbGEgZm91bGUgZHVyYW50IHVuIGZlc3RpdmFsIGRlIHJ1ZSBcdTAwZTAgVmFuY291dmVyICYjODIxMTsgJiM4MjIxOyBDZSBuJiM4MjE3O2VzdCBwYXMgdW4gYWN0ZSB0ZXJyb3Jpc3RlIiwidGVtcGxhdGUiOiJoaWdod2F5IiwiYmxvZ19pZCI6MTExMDE2NDYxfQ.5FVAzX2THSb9SRg7z8KYfL216DHmCILGC4e3xbZb6j8MQ"},"version":2},"_wpas_customize_per_network":false},"categories":[405],"tags":[],"class_list":["post-34837","post","type-post","status-publish","format-standard","has-post-thumbnail","hentry","category-actu-france-monde"],"jetpack_publicize_connections":[],"jetpack_featured_media_url":"https:\/\/i0.wp.com\/www.iceagetv.com\/radiosite\/wp-content\/uploads\/2025\/04\/pr3xHCYd.jpg?fit=679%2C293&ssl=1","jetpack_sharing_enabled":true,"_links":{"self":[{"href":"https:\/\/www.iceagetv.com\/radiosite\/wp-json\/wp\/v2\/posts\/34837","targetHints":{"allow":["GET"]}}],"collection":[{"href":"https:\/\/www.iceagetv.com\/radiosite\/wp-json\/wp\/v2\/posts"}],"about":[{"href":"https:\/\/www.iceagetv.com\/radiosite\/wp-json\/wp\/v2\/types\/post"}],"author":[{"embeddable":true,"href":"https:\/\/www.iceagetv.com\/radiosite\/wp-json\/wp\/v2\/users\/2"}],"replies":[{"embeddable":true,"href":"https:\/\/www.iceagetv.com\/radiosite\/wp-json\/wp\/v2\/comments?post=34837"}],"version-history":[{"count":1,"href":"https:\/\/www.iceagetv.com\/radiosite\/wp-json\/wp\/v2\/posts\/34837\/revisions"}],"predecessor-version":[{"id":34840,"href":"https:\/\/www.iceagetv.com\/radiosite\/wp-json\/wp\/v2\/posts\/34837\/revisions\/34840"}],"wp:featuredmedia":[{"embeddable":true,"href":"https:\/\/www.iceagetv.com\/radiosite\/wp-json\/wp\/v2\/media\/34839"}],"wp:attachment":[{"href":"https:\/\/www.iceagetv.com\/radiosite\/wp-json\/wp\/v2\/media?parent=34837"}],"wp:term":[{"taxonomy":"category","embeddable":true,"href":"https:\/\/www.iceagetv.com\/radiosite\/wp-json\/wp\/v2\/categories?post=34837"},{"taxonomy":"post_tag","embeddable":true,"href":"https:\/\/www.iceagetv.com\/radiosite\/wp-json\/wp\/v2\/tags?post=34837"}],"curies":[{"name":"wp","href":"https:\/\/api.w.org\/{rel}","templated":true}]}}