{"id":34850,"date":"2025-04-28T13:15:20","date_gmt":"2025-04-28T11:15:20","guid":{"rendered":"https:\/\/www.iceagetv.com\/radiosite\/?p=34850"},"modified":"2025-04-28T13:15:24","modified_gmt":"2025-04-28T11:15:24","slug":"le-conclave-charge-delire-le-nouveau-pape-apres-le-deces-du-pape-francois-lundi-dernier-debutera-le-7-mai-prochain-annonce-le-vatican","status":"publish","type":"post","link":"https:\/\/www.iceagetv.com\/radiosite\/le-conclave-charge-delire-le-nouveau-pape-apres-le-deces-du-pape-francois-lundi-dernier-debutera-le-7-mai-prochain-annonce-le-vatican\/","title":{"rendered":"Le conclave charg\u00e9 d&rsquo;\u00e9lire le nouveau pape, apr\u00e8s le d\u00e9c\u00e8s du pape Fran\u00e7ois lundi dernier, d\u00e9butera le 7 mai prochain, annonce le Vatican"},"content":{"rendered":"\n<p class=\"\"><strong>Le conclave charg\u00e9 d&rsquo;\u00e9lire le nouveau pape d\u00e9butera le 7 mai prochain, annonce le Vatican.\u00a0<\/strong>Durant le conclave, qui se d\u00e9roule selon un c\u00e9r\u00e9monial bien pr\u00e9cis \u00e9labor\u00e9 au cours des si\u00e8cles, les 135 cardinaux-\u00e9lecteurs se r\u00e9uniront dans la chapelle Sixtine, au Vatican, pour choisir dans le plus grand secret un successeur \u00e0 Fran\u00e7ois, mort d\u2019un AVC le lundi de P\u00e2ques \u00e0 88 ans.Ma\u00eetres des horloges vaticanes depuis la mort du pape Fran\u00e7ois, les cardinaux pourraient d\u00e9cider lundi de la date de convocation du conclave qui \u00e9lira le futur chef de l\u2019Eglise catholique. \u00ab&nbsp;Je crois que si Fran\u00e7ois a \u00e9t\u00e9 le pape des surprises, ce conclave le sera aussi, il n\u2019est en rien pr\u00e9visible&nbsp;\u00bb, pr\u00e9vient le cardinal espagnol Jos\u00e9 Cobo, dans le journal El Pais.<\/p>\n\n\n\n<p class=\"\">Durant le conclave, qui se d\u00e9roule selon un c\u00e9r\u00e9monial bien pr\u00e9cis \u00e9labor\u00e9 au cours des si\u00e8cles, les 135 cardinaux-\u00e9lecteurs se r\u00e9uniront dans la chapelle Sixtine, au Vatican, pour choisir dans le plus grand secret un successeur \u00e0 Fran\u00e7ois, mort d\u2019un AVC le lundi de P\u00e2ques \u00e0 88 ans.<\/p>\n\n\n\n<p class=\"\">Le j\u00e9suite argentin a \u00e9t\u00e9 enterr\u00e9 &#8211; comme sept papes avant lui &#8211; lors d\u2019une c\u00e9r\u00e9monie priv\u00e9e samedi dans la basilique Sainte-Marie-Majeure, l\u2019une des quatre basiliques pontificales de Rome, o\u00f9 il avait choisi d\u2019\u00eatre inhum\u00e9.<\/p>\n\n\n\n<p class=\"\">Qui lui succ\u00e8dera pour guider les plus de 1,4 milliard de catholiques? Le nom du futur \u00e9v\u00eaque de Rome ne sera annonc\u00e9 \u00ab&nbsp;urbi et orbi&nbsp;\u00bb qu\u2019\u00e0 l\u2019issue du conclave, r\u00e9union \u00e0 huis clos des \u00ab&nbsp;Princes de l\u2019Eglise&nbsp;\u00bb qui nourrit depuis des si\u00e8cles l\u2019imagination du commun des mortels.<\/p>\n\n\n\n<p class=\"\">\u00ab&nbsp;C\u2019est excitant d\u2019avoir un nouveau pape, de savoir sur quelle voie il va lancer l\u2019Eglise pour les prochaines ann\u00e9es&nbsp;\u00bb, glisse Fran\u00e7ois Larbin, un \u00e9tudiant fran\u00e7ais de 21 ans, devant Sainte-Marie-Majeure. \u00ab&nbsp;On fait confiance \u00e0 l\u2019Esprit Saint pour qu\u2019on ait le meilleur des papes possible&nbsp;\u00bb, dit-il \u00e0 l\u2019AFP.<\/p>\n\n\n\n<p class=\"\">Plus de 400.000 personnes ont honor\u00e9 samedi la m\u00e9moire de Fran\u00e7ois, que ce soit lors de la messe place Saint-Pierre au Vatican &#8211; \u00e0 laquelle des dizaines de chefs d\u2019Etat et de gouvernement ont aussi assist\u00e9 &#8211; ou au passage de son cort\u00e8ge fun\u00e8bre dans les rues de Rome.<\/p>\n","protected":false},"excerpt":{"rendered":"<p>Le conclave charg\u00e9 d&rsquo;\u00e9lire le nouveau pape d\u00e9butera le 7 mai prochain, annonce le Vatican.\u00a0Durant le conclave, qui se d\u00e9roule selon un c\u00e9r\u00e9monial bien pr\u00e9cis \u00e9labor\u00e9 au cours des si\u00e8cles, les 135 cardinaux-\u00e9lecteurs se r\u00e9uniront dans la chapelle Sixtine, au Vatican, pour choisir dans le plus grand secret un successeur \u00e0 Fran\u00e7ois, mort d\u2019un AVC [&hellip;]<\/p>\n","protected":false},"author":2,"featured_media":34851,"comment_status":"open","ping_status":"open","sticky":false,"template":"","format":"standard","meta":{"_jetpack_memberships_contains_paid_content":false,"footnotes":"","jetpack_publicize_message":"","jetpack_publicize_feature_enabled":true,"jetpack_social_post_already_shared":true,"jetpack_social_options":{"image_generator_settings":{"template":"highway","enabled":true,"token":"eyJpbWciOiJodHRwczpcL1wvd3d3LmljZWFnZXR2LmNvbVwvcmFkaW9zaXRlXC93cC1jb250ZW50XC91cGxvYWRzXC8yMDI1XC8wNFwvN3dPbGdhbzAuanBnIiwidHh0IjoiTGUgY29uY2xhdmUgY2hhcmdcdTAwZTkgZCYjODIxNztcdTAwZTlsaXJlIGxlIG5vdXZlYXUgcGFwZSwgYXByXHUwMGU4cyBsZSBkXHUwMGU5Y1x1MDBlOHMgZHUgcGFwZSBGcmFuXHUwMGU3b2lzIGx1bmRpIGRlcm5pZXIsIGRcdTAwZTlidXRlcmEgbGUgNyBtYWkgcHJvY2hhaW4sIGFubm9uY2UgbGUgVmF0aWNhbiIsInRlbXBsYXRlIjoiaGlnaHdheSIsImJsb2dfaWQiOjExMTAxNjQ2MX0.QKx8Yys3AhZyCbeIuGANIvH43Zi3dLUpXQbCWsuN7OkMQ"},"version":2},"_wpas_customize_per_network":false},"categories":[405],"tags":[],"class_list":["post-34850","post","type-post","status-publish","format-standard","has-post-thumbnail","hentry","category-actu-france-monde"],"jetpack_publicize_connections":[],"jetpack_featured_media_url":"https:\/\/i0.wp.com\/www.iceagetv.com\/radiosite\/wp-content\/uploads\/2025\/04\/7wOlgao0.jpg?fit=679%2C293&ssl=1","jetpack_sharing_enabled":true,"_links":{"self":[{"href":"https:\/\/www.iceagetv.com\/radiosite\/wp-json\/wp\/v2\/posts\/34850","targetHints":{"allow":["GET"]}}],"collection":[{"href":"https:\/\/www.iceagetv.com\/radiosite\/wp-json\/wp\/v2\/posts"}],"about":[{"href":"https:\/\/www.iceagetv.com\/radiosite\/wp-json\/wp\/v2\/types\/post"}],"author":[{"embeddable":true,"href":"https:\/\/www.iceagetv.com\/radiosite\/wp-json\/wp\/v2\/users\/2"}],"replies":[{"embeddable":true,"href":"https:\/\/www.iceagetv.com\/radiosite\/wp-json\/wp\/v2\/comments?post=34850"}],"version-history":[{"count":1,"href":"https:\/\/www.iceagetv.com\/radiosite\/wp-json\/wp\/v2\/posts\/34850\/revisions"}],"predecessor-version":[{"id":34852,"href":"https:\/\/www.iceagetv.com\/radiosite\/wp-json\/wp\/v2\/posts\/34850\/revisions\/34852"}],"wp:featuredmedia":[{"embeddable":true,"href":"https:\/\/www.iceagetv.com\/radiosite\/wp-json\/wp\/v2\/media\/34851"}],"wp:attachment":[{"href":"https:\/\/www.iceagetv.com\/radiosite\/wp-json\/wp\/v2\/media?parent=34850"}],"wp:term":[{"taxonomy":"category","embeddable":true,"href":"https:\/\/www.iceagetv.com\/radiosite\/wp-json\/wp\/v2\/categories?post=34850"},{"taxonomy":"post_tag","embeddable":true,"href":"https:\/\/www.iceagetv.com\/radiosite\/wp-json\/wp\/v2\/tags?post=34850"}],"curies":[{"name":"wp","href":"https:\/\/api.w.org\/{rel}","templated":true}]}}