{"id":34861,"date":"2025-04-28T20:50:50","date_gmt":"2025-04-28T18:50:50","guid":{"rendered":"https:\/\/www.iceagetv.com\/radiosite\/?p=34861"},"modified":"2025-04-28T20:50:54","modified_gmt":"2025-04-28T18:50:54","slug":"panne-delectricite-geante-le-gestionnaire-du-reseau-electrique-espagnol-annonce-ce-soir-que-le-reseau-nest-retabli-qua-20-dans-limmediat-et-le-portugal-toujours-dans-lincertitude","status":"publish","type":"post","link":"https:\/\/www.iceagetv.com\/radiosite\/panne-delectricite-geante-le-gestionnaire-du-reseau-electrique-espagnol-annonce-ce-soir-que-le-reseau-nest-retabli-qua-20-dans-limmediat-et-le-portugal-toujours-dans-lincertitude\/","title":{"rendered":"Panne d&rsquo;\u00e9lectricit\u00e9 g\u00e9ante &#8211; Le gestionnaire du r\u00e9seau \u00e9lectrique espagnol annonce ce soir que le r\u00e9seau n&rsquo;est r\u00e9tabli qu&rsquo;\u00e0 20% dans l&rsquo;imm\u00e9diat et le Portugal toujours dans l&rsquo;incertitude"},"content":{"rendered":"\n<p class=\"\"><strong>Le gestionnaire du r\u00e9seau \u00e9lectrique espagnol annonce ce soir que le r\u00e9seau n&rsquo;est r\u00e9tabli qu&rsquo;\u00e0 20% dans l&rsquo;imm\u00e9diat et le Portugal toujours dans l&rsquo;incertitudeLa circulation des trains sur le r\u00e9seau espagnol ne pourra pas \u00eatre totalement r\u00e9tablie aujourd&rsquo;hui<\/strong>, annonce le ministre des Transports espagnol. De son c\u00f4t\u00e9, le Premier ministre esp\u00e8re un r\u00e9tablissement \u00ab\u00a0rapide\u00a0\u00bb de l&rsquo;\u00e9lectricit\u00e9 dans le pays.<strong>Tous les matches du tournoi de Madrid sont annul\u00e9s<\/strong><\/p>\n\n\n\n<p class=\"\">Les organisateurs du tournoi de tennis de Madrid ont annonc\u00e9 vers 16h30 (14h30 GMT) l&rsquo;annulation de tous les matches encore au programme lundi, en raison d&rsquo;une coupure de courant qui touche toute la p\u00e9ninsule ib\u00e9rique.<\/p>\n\n\n\n<p class=\"\">\u00abPour des raisons \u00e9chappant au contr\u00f4le des organisateurs et pour assurer la s\u00e9curit\u00e9, la coupure de courant \u00e0 l&rsquo;\u00e9chelle nationale impose l&rsquo;annulation de la session de jour et de la session de nuit au tournoi de Madrid\u00bb, ont-ils \u00e9crit sur le r\u00e9seau social X. Le jeu a \u00e9t\u00e9 interrompu \u00e0 12h30 (10h30 GMT) environ, l&rsquo;heure \u00e0 laquelle la panne \u00e9lectrique est survenue.<\/p>\n\n\n\n<p class=\"\">Seuls trois joueurs de simple (Mirra Andreeva, Coco Gauff et Matteo Arnaldi) sont parvenus \u00e0 achever leur match lundi malgr\u00e9 l&rsquo;incident. Parmi les matches programm\u00e9s lundi et report\u00e9s \u00e0 mardi figurent les huiti\u00e8mes de finale des N.1 et N.2 mondiales, la B\u00e9larusse Aryna Sabalenka et la Polonaise Iga Swiatek, qui devaient affronter respectivement l&rsquo;Am\u00e9ricaine Peyton Stearns (44e) et la Russe Diana Shnaider (13e).<\/p>\n\n\n\n<p class=\"\"><strong>17h09<\/strong>: Le courant a \u00e9t\u00e9 r\u00e9tabli dans \u00ab\u00a0plusieurs zones du Nord, du Sud et de l&rsquo;Ouest\u00a0\u00bb de l&rsquo;Espagne, a annonc\u00e9 le gestionnaire du r\u00e9seau \u00e9lectrique peu avant 15H00 GMT lundi, apr\u00e8s la panne g\u00e9n\u00e9ralis\u00e9e qui touche le pays depuis 10H30 GMT environ.<\/p>\n\n\n\n<p class=\"\">\u00ab\u00a0La tension est revenue dans des sous-stations de plusieurs zones du Nord, du Sud et de l&rsquo;Ouest de la p\u00e9ninsule, permettant d&rsquo;approvisionner les consommateurs de ces zones\u00a0\u00bb, a annonc\u00e9 R\u00e9seau \u00e9lectrique espagnol (REE) dans un communiqu\u00e9 de presse, expliquant travailler \u00e0 r\u00e9tablir \u00ab\u00a0petit \u00e0 petit l&rsquo;approvisionnement \u00e9lectrique sur tout le territoire\u00a0\u00bb.<strong>\u00a0Pour le moment, il est encore impossible de pr\u00e9voir quand la situation sera normalis\u00e9e \u00bb dans le pays, a pr\u00e9venu le gestionnaire du r\u00e9seau \u00e9lectrique portugais.<\/strong>Les consommateurs commencent \u00e0 recevoir de l\u2019\u00e9lectricit\u00e9\u00bb, d\u00e9clare le gestionnaire du r\u00e9seau espagnol. Les travaux se poursuivent,\u00a0\u00abl\u2019objectif \u00e9tant de mettre les groupes \u00e9lectrog\u00e8nes en tension afin qu\u2019ils puissent alimenter le reste du r\u00e9seau\u00bb.Rien n&rsquo;indique \u00ab\u00a0\u00e0 ce stade\u00a0\u00bb que la panne \u00e9lectrique qui frappe l&rsquo;Espagne et le Portugal ait \u00e9t\u00e9 provoqu\u00e9e par une cyberattaque, a assur\u00e9 lundi le pr\u00e9sident du Conseil europ\u00e9en Antonio Costa.<\/p>\n\n\n\n<p class=\"\">\u00ab\u00a0Les gestionnaires de r\u00e9seau des deux pays s&rsquo;efforcent de trouver la cause de ces pannes et de r\u00e9tablir l&rsquo;approvisionnement en \u00e9lectricit\u00e9\u00a0\u00bb, a affirm\u00e9 le dirigeant, qui pr\u00e9side l&rsquo;institution r\u00e9unissant les chefs d\u2019Etat et de gouvernement de l&rsquo;UE. \u00ab\u00a0Pas d&rsquo;indication d&rsquo;une cyberattaque \u00e0 ce stade\u00a0\u00bb, a-t-il ajout\u00e9 sur le r\u00e9seau social X.<strong>&nbsp;<\/strong><strong>Le \u201cblack-out\u201d serait \u00abli\u00e9e \u00e0 un ph\u00e9nom\u00e8ne atmosph\u00e9rique rare\u00bb<\/strong><\/p>\n\n\n\n<p class=\"\">\u00abEn raison des variations extr\u00eames de temp\u00e9rature \u00e0 l\u2019int\u00e9rieur de l\u2019Espagne, des oscillations anormales sont survenues sur les lignes \u00e0 tr\u00e8s haute tension (400 kV), un ph\u00e9nom\u00e8ne connu sous le nom de \u201cvibration atmosph\u00e9rique induite\u201d\u00bb, indique le gestionnaire de r\u00e9seau portugais REN. Avant d&rsquo;assurer qu&rsquo;iest actuellement \u00abimpossible de pr\u00e9voir quand la situation reviendra \u00e0 la normale\u00bb.Le gestionnaire du r\u00e9seau \u00e9lectrique espagnol Red El\u00e9ctricia estime qu&rsquo;il faudra \u00ab\u00a0entre 6 et 10 heures pour r\u00e9tablir compl\u00e8tement l&rsquo;approvisionnement\u00a0\u00bb, rapporte l&rsquo;agence de presse espagnole\u00a0EFE. Le directeur des services op\u00e9rationnels de Red El\u00e9ctricia \u00e9voque un incident \u00ab absolument exceptionnel \u00bb.Un incident \u00e9lectrique touche actuellement l&rsquo;Espagne et le Portugal, dont l&rsquo;origine reste \u00e0 d\u00e9terminer, conduisant \u00e0 une coupure importante dans la p\u00e9ninsule \u00bb, a indiqu\u00e9 le gestionnaire fran\u00e7ais du r\u00e9seau \u00e9lectrique \u00e0 haute tension, RTE.<\/p>\n","protected":false},"excerpt":{"rendered":"<p>Le gestionnaire du r\u00e9seau \u00e9lectrique espagnol annonce ce soir que le r\u00e9seau n&rsquo;est r\u00e9tabli qu&rsquo;\u00e0 20% dans l&rsquo;imm\u00e9diat et le Portugal toujours dans l&rsquo;incertitudeLa circulation des trains sur le r\u00e9seau espagnol ne pourra pas \u00eatre totalement r\u00e9tablie aujourd&rsquo;hui, annonce le ministre des Transports espagnol. De son c\u00f4t\u00e9, le Premier ministre esp\u00e8re un r\u00e9tablissement \u00ab\u00a0rapide\u00a0\u00bb de [&hellip;]<\/p>\n","protected":false},"author":2,"featured_media":34862,"comment_status":"open","ping_status":"open","sticky":false,"template":"","format":"standard","meta":{"_jetpack_memberships_contains_paid_content":false,"footnotes":"","jetpack_publicize_message":"","jetpack_publicize_feature_enabled":true,"jetpack_social_post_already_shared":true,"jetpack_social_options":{"image_generator_settings":{"template":"highway","enabled":true,"token":"eyJpbWciOiJodHRwczpcL1wvd3d3LmljZWFnZXR2LmNvbVwvcmFkaW9zaXRlXC93cC1jb250ZW50XC91cGxvYWRzXC8yMDI1XC8wNFwvcG03dDRfUlouanBnIiwidHh0IjoiUGFubmUgZCYjODIxNztcdTAwZTlsZWN0cmljaXRcdTAwZTkgZ1x1MDBlOWFudGUgJiM4MjExOyBMZSBnZXN0aW9ubmFpcmUgZHUgclx1MDBlOXNlYXUgXHUwMGU5bGVjdHJpcXVlIGVzcGFnbm9sIGFubm9uY2UgY2Ugc29pciBxdWUgbGUgclx1MDBlOXNlYXUgbiYjODIxNztlc3Qgclx1MDBlOXRhYmxpIHF1JiM4MjE3O1x1MDBlMCAyMCUgZGFucyBsJiM4MjE3O2ltbVx1MDBlOWRpYXQgZXQgbGUgUG9ydHVnYWwgdG91am91cnMgZGFucyBsJiM4MjE3O2luY2VydGl0dWRlIiwidGVtcGxhdGUiOiJoaWdod2F5IiwiYmxvZ19pZCI6MTExMDE2NDYxfQ.qhBI2m_xKWzMdNhHqwll1KSY0wRwpvS23emXGSaZaV4MQ"},"version":2},"_wpas_customize_per_network":false},"categories":[405],"tags":[],"class_list":["post-34861","post","type-post","status-publish","format-standard","has-post-thumbnail","hentry","category-actu-france-monde"],"jetpack_publicize_connections":[],"jetpack_featured_media_url":"https:\/\/i0.wp.com\/www.iceagetv.com\/radiosite\/wp-content\/uploads\/2025\/04\/pm7t4_RZ.jpg?fit=679%2C293&ssl=1","jetpack_sharing_enabled":true,"_links":{"self":[{"href":"https:\/\/www.iceagetv.com\/radiosite\/wp-json\/wp\/v2\/posts\/34861","targetHints":{"allow":["GET"]}}],"collection":[{"href":"https:\/\/www.iceagetv.com\/radiosite\/wp-json\/wp\/v2\/posts"}],"about":[{"href":"https:\/\/www.iceagetv.com\/radiosite\/wp-json\/wp\/v2\/types\/post"}],"author":[{"embeddable":true,"href":"https:\/\/www.iceagetv.com\/radiosite\/wp-json\/wp\/v2\/users\/2"}],"replies":[{"embeddable":true,"href":"https:\/\/www.iceagetv.com\/radiosite\/wp-json\/wp\/v2\/comments?post=34861"}],"version-history":[{"count":1,"href":"https:\/\/www.iceagetv.com\/radiosite\/wp-json\/wp\/v2\/posts\/34861\/revisions"}],"predecessor-version":[{"id":34863,"href":"https:\/\/www.iceagetv.com\/radiosite\/wp-json\/wp\/v2\/posts\/34861\/revisions\/34863"}],"wp:featuredmedia":[{"embeddable":true,"href":"https:\/\/www.iceagetv.com\/radiosite\/wp-json\/wp\/v2\/media\/34862"}],"wp:attachment":[{"href":"https:\/\/www.iceagetv.com\/radiosite\/wp-json\/wp\/v2\/media?parent=34861"}],"wp:term":[{"taxonomy":"category","embeddable":true,"href":"https:\/\/www.iceagetv.com\/radiosite\/wp-json\/wp\/v2\/categories?post=34861"},{"taxonomy":"post_tag","embeddable":true,"href":"https:\/\/www.iceagetv.com\/radiosite\/wp-json\/wp\/v2\/tags?post=34861"}],"curies":[{"name":"wp","href":"https:\/\/api.w.org\/{rel}","templated":true}]}}