{"id":34880,"date":"2025-04-29T16:33:28","date_gmt":"2025-04-29T14:33:28","guid":{"rendered":"https:\/\/www.iceagetv.com\/radiosite\/?p=34880"},"modified":"2025-04-29T16:33:32","modified_gmt":"2025-04-29T14:33:32","slug":"elections-legislatives-au-canada-six-choses-a-savoir-sur-le-premier-ministre-mark-carney-ex-banquier-et-novice-en-politique","status":"publish","type":"post","link":"https:\/\/www.iceagetv.com\/radiosite\/elections-legislatives-au-canada-six-choses-a-savoir-sur-le-premier-ministre-mark-carney-ex-banquier-et-novice-en-politique\/","title":{"rendered":"Elections l\u00e9gislatives au Canada\u00a0: six choses \u00e0 savoir sur le Premier ministre Mark Carney, ex-banquier et novice en politique"},"content":{"rendered":"\n<p class=\"\">Arriv\u00e9 au pouvoir d\u00e9but mars apr\u00e8s la d\u00e9mission de Justin Trudeau, l&rsquo;\u00e9conomiste originaire du Grand Nord vient d&rsquo;\u00eatre \u00e9lu pour la premi\u00e8re fois au Parlement.Il veut\u00a0<em>\u00ab\u00a0s&rsquo;opposer au pr\u00e9sident Trump\u00a0\u00bb<\/em>, et c&rsquo;est sans doute\u00a0<a href=\"https:\/\/www.francetvinfo.fr\/monde\/canada\/reportage-elections-legislatives-au-canada-comment-la-guerre-commerciale-initiee-par-donald-trump-a-permis-au-parti-liberal-de-revenir-d-entre-les-morts_7211067.html\">ce qui l&rsquo;a port\u00e9 vers la victoire<\/a><em>.<\/em>\u00a0Mark Carney est assur\u00e9 de rester Premier ministre du Canada, apr\u00e8s\u00a0<a href=\"https:\/\/www.francetvinfo.fr\/monde\/canada\/au-canada-le-parti-liberal-de-mark-carney-donne-vainqueur-aux-legislatives-apres-une-campagne-centree-sur-donald-trump_7217529.html\">la victoire du Parti lib\u00e9ral aux \u00e9lections l\u00e9gislatives anticip\u00e9es<\/a>, lundi 28\u00a0avril. Faute d&rsquo;une majorit\u00e9 \u00e0 la Chambre des communes, le successeur de Justin Trudeau devra former un gouvernement minoritaire et composer avec les autres formations politiques pour diriger. Franceinfo brosse le portrait de cet \u00e9conomiste et ex-banquier, qui n&rsquo;a commenc\u00e9 sa carri\u00e8re en politique qu&rsquo;en mars, en prenant la t\u00eate de son parti et du gouvernement.1&nbsp;Il est n\u00e9 dans une petite ville&nbsp;du Grand Nord<\/p>\n\n\n\n<p class=\"\">Fils d&rsquo;enseignants, Mark Carney est le troisi\u00e8me d&rsquo;une fratrie de quatre enfants. Ag\u00e9 de 60&nbsp;ans, il est n\u00e9 \u00e0 Fort Smith, une commune de moins de 3&nbsp;000&nbsp;habitants, dans la province des Territoires du nord-ouest. Le Canadien a retenu de ces premi\u00e8res ann\u00e9es dans le Grand Nord que&nbsp;<em>\u00ab\u00a0nous sommes juste un petit et humble \u00e9l\u00e9ment d&rsquo;un \u00e9cosyst\u00e8me\u00a0\u00bb<\/em>, rapporte&nbsp;<a href=\"https:\/\/www.politico.com\/news\/magazine\/2025\/03\/10\/canada-mark-carney-55-things-00216478\" target=\"_blank\" rel=\"noreferrer noopener\">Politico(Nouvelle fen\u00eatre)<\/a>.<\/p>\n\n\n\n<p class=\"\">Lorsque Mark Carney \u00e9tait \u00e2g\u00e9 de 6&nbsp;ans, sa famille a d\u00e9m\u00e9nag\u00e9 \u00e0 Edmonton, capitale de la province rurale de l&rsquo;Alberta. Apr\u00e8s avoir \u00e9t\u00e9 scolaris\u00e9 dans des \u00e9tablissements catholiques, ce fan de hockey a obtenu une bourse pour \u00e9tudier l&rsquo;\u00e9conomie dans la prestigieuse universit\u00e9 am\u00e9ricaine Harvard, poursuit Politico. Mark Carney a travaill\u00e9 trois ans dans des banques, avant de reprendre ses \u00e9tudes \u00e0 l&rsquo;universit\u00e9 britannique d&rsquo;Oxford, o\u00f9 il a obtenu un doctorat en \u00e9conomie. C&rsquo;est aussi l\u00e0 qu&rsquo;il a rencontr\u00e9 sa future \u00e9pouse, Diana Fox, elle-m\u00eame britannique.<\/p>\n\n\n\n<h2 class=\"wp-block-heading\">2&nbsp;Il a dirig\u00e9 deux banques centrales<\/h2>\n\n\n\n<p class=\"\">Economiste reconnu, Mark Carney a \u00e9t\u00e9 nomm\u00e9 gouverneur de la Banque du Canada en 2008, en pleine crise \u00e9conomique mondiale. Il fait le choix, alors contest\u00e9, de baisser et maintenir \u00e0 un bas niveau les taux d&rsquo;int\u00e9r\u00eats,&nbsp;<em>\u00ab\u00a0aidant les entreprises \u00e0 continuer d&rsquo;investir alors que les march\u00e9s plongeaient\u00a0\u00bb<\/em>, analyse la&nbsp;<a href=\"https:\/\/www.bbc.com\/news\/articles\/c3911lv1pzko\" target=\"_blank\" rel=\"noreferrer noopener\">BBC(Nouvelle fen\u00eatre)<\/a>.<\/p>\n\n\n\n<p class=\"\">En 2013, Mark Carney est devenu le premier \u00e9tranger nomm\u00e9 \u00e0 la t\u00eate de la Banque d&rsquo;Angleterre. Le Canadien, \u00e0 qui on attribue une modernisation de l&rsquo;institution, a, l\u00e0 encore, d\u00fb faire face \u00e0 une crise d&rsquo;ampleur\u00a0: le vote du Brexit en 2016. Durant des mois, il a mis en garde, en vain, contre les cons\u00e9quences sur l&rsquo;\u00e9conomie britannique d&rsquo;une sortie de l&rsquo;Union europ\u00e9enne, rappelle le\u00a0<a href=\"https:\/\/www.theguardian.com\/business\/2025\/mar\/10\/mark-carney-canada-elections-new-prime-minister-career-profile-liberal-party\" target=\"_blank\" rel=\"noreferrer noopener\"><em>Guardian<\/em>(Nouvelle fen\u00eatre)<\/a>.Un parcours qu&rsquo;il a mis en avant dans la campagne pour les l\u00e9gislatives canadiennes.<em>&nbsp;\u00ab\u00a0Je sais comment faire face aux crises\u00a0\u00bb<\/em>, a-t-il d\u00e9clar\u00e9 lors d&rsquo;un d\u00e9bat t\u00e9l\u00e9vis\u00e9, assurant que le Canada avait besoin de ses comp\u00e9tences de n\u00e9gociateur et d&rsquo;\u00e9conomiste pour faire face \u00e0 la guerre commerciale avec les Etats-Unis.<\/p>\n\n\n\n<h2 class=\"wp-block-heading\">3&nbsp;Il d\u00e9fend la finance verte<\/h2>\n\n\n\n<p class=\"\">Apr\u00e8s ses ann\u00e9es \u00e0 la t\u00eate de ces deux banques centrales, Mark Carney a \u00e9t\u00e9 nomm\u00e9 envoy\u00e9 sp\u00e9cial de l&rsquo;ONU pour l&rsquo;action climatique, en 2019. L&rsquo;ann\u00e9e suivante, il a rejoint un fonds de gestion d&rsquo;actifs engag\u00e9 dans la finance durable, avant de cr\u00e9er, en 2021, une alliance de banques et d&rsquo;institutions financi\u00e8res promouvant la neutralit\u00e9 carbone.<\/p>\n\n\n\n<p class=\"\">La m\u00eame ann\u00e9e, Mark Carney a publi\u00e9&nbsp;<em>Valeur(s)<\/em>, un livre dans lequel il d\u00e9nonce l&rsquo;inaction politique contre la crise climatique. Son Grand Nord natal&nbsp;<em>\u00ab\u00a0est d\u00e9sormais en train de fondre, enclenchant un processus qui rel\u00e2che du CO2 et du m\u00e9thane, ce qui acc\u00e9l\u00e8re le r\u00e9chauffement climatique\u00a0\u00bb<\/em>, y \u00e9crit-il, appelant \u00e0 d\u00e9velopper la finance verte.<\/p>\n\n\n\n<h2 class=\"wp-block-heading\">4&nbsp;Il a trois nationalit\u00e9s (pour l&rsquo;instant)<\/h2>\n\n\n\n<p class=\"\">Trois des grands-parents de Mark Carney sont n\u00e9s en Irlande. Attach\u00e9 \u00e0 ses racines, le lib\u00e9ral a demand\u00e9 la nationalit\u00e9 irlandaise dans les ann\u00e9es 1980. Il a aussi obtenu la nationalit\u00e9 britannique en 2018, alors qu&rsquo;il \u00e9tait gouverneur de la banque d&rsquo;Angleterre.<\/p>\n\n\n\n<p class=\"\">D\u00e9but mars, l&rsquo;ex-banquier a toutefois annonc\u00e9 \u00e0 la presse qu&rsquo;il avait entam\u00e9 des d\u00e9marches aupr\u00e8s de l&rsquo;Irlande et du Royaume-Uni pour renoncer \u00e0 ces deux citoyennet\u00e9s, selon la&nbsp;<a href=\"https:\/\/www.cbc.ca\/news\/politics\/mark-carney-renounce-citizenship-1.7472421\" target=\"_blank\" rel=\"noreferrer noopener\">CBC(Nouvelle fen\u00eatre)<\/a>, l&rsquo;audiovisuel public canadien.&nbsp;<em>\u00ab\u00a0Je ne juge pas&nbsp;<\/em>[ceux qui ont plusieurs passeports]<em>. Je dis simplement qu&rsquo;en tant que Premier ministre, je devrais avoir seulement une nationalit\u00e9\u00a0\u00bb<\/em>, avait expliqu\u00e9 celui qui briguait alors la t\u00eate de son parti et du gouvernement, \u00e0 la suite de la d\u00e9mission de Justin Trudeau.<\/p>\n\n\n\n<h2 class=\"wp-block-heading\">5&nbsp;Novice en politique, il vient d&rsquo;\u00eatre \u00e9lu pour la premi\u00e8re fois<\/h2>\n\n\n\n<p class=\"\">Raret\u00e9 dans la vie politique canadienne, Mark Carney a \u00e9t\u00e9 nomm\u00e9 Premier ministre sans jamais avoir occup\u00e9 de poste au gouvernement, ni obtenu de mandat \u00e9lectoral.<em>&nbsp;\u00ab\u00a0Les Canadiens ne savent presque rien de lui\u00a0\u00bb,&nbsp;<\/em>expliquait \u00e0 franceinfo Darrell Bricker, directeur du p\u00f4le politiques publiques chez Ipsos Canada, \u00e0 la veille du scrutin.<\/p>\n\n\n\n<p class=\"\">Les \u00e9lecteurs ont commenc\u00e9 \u00e0 d\u00e9couvrir ce p\u00e8re de quatre filles en janvier, lorsqu&rsquo;il a annonc\u00e9 briguer la succession de Justin Trudeau. Malgr\u00e9 son manque de notori\u00e9t\u00e9, Mark Carney est parvenu \u00e0\u00a0<a href=\"https:\/\/www.francetvinfo.fr\/monde\/canada\/au-canada-le-liberal-mark-carney-designe-nouveau-premier-ministre-par-le-parti-au-pouvoir_7121148.html\">remporter le vote interne au Parti lib\u00e9ral<\/a>, face notamment \u00e0 l&rsquo;ex-ministre des Finances Chrystia Freeland. Il a aussit\u00f4t endoss\u00e9 le r\u00f4le de Premier ministre et convoqu\u00e9 des \u00e9lections anticip\u00e9es.La campagne pour les l\u00e9gislatives a montr\u00e9 que l&rsquo;ex-banquier\u00a0<em>\u00ab\u00a0n&rsquo;avait pas de talent naturel pour faire campagne ou pour les discours\u00a0\u00bb<\/em>, juge Darrell Bricker. Cela ne l&rsquo;a toutefois pas emp\u00each\u00e9 de s&rsquo;imposer largement dans la circonscription de Nepean, en banlieue d&rsquo;Ottawa. Pour sa toute premi\u00e8re candidature \u00e0 une \u00e9lection, le Premier ministre a obtenu 63,7% des votes dans ce territoire acquis aux lib\u00e9raux, rapporte la\u00a0<a href=\"https:\/\/newsinteractives.cbc.ca\/elections\/federal\/2025\/results\/#\/ridings\/26999\" target=\"_blank\" rel=\"noreferrer noopener\">CBC(Nouvelle fen\u00eatre)<\/a>.Il a fait campagne sur son opposition \u00e0 Donald Trump<br>Le succ\u00e8s de Mark Carney s&rsquo;est jou\u00e9 sur deux \u00e9l\u00e9ments : le changement de leadership \u00e0 la t\u00eate du Parti lib\u00e9ral, alors que nombre de Canadiens \u00e9taient lass\u00e9s de Justin Trudeau, et, surtout, la guerre commerciale initi\u00e9e par Donald Trump. En imposant des droits de douane sur l&rsquo;acier et l&rsquo;automobile, le pr\u00e9sident am\u00e9ricain a chamboul\u00e9 les \u00e9lections chez son voisin.En d\u00e9clarant \u00e0 plusieurs reprises qu&rsquo;il voulait faire de son voisin septentrional le&nbsp;<em>\u00ab\u00a051e Etat am\u00e9ricain\u00a0\u00bb<\/em>, le milliardaire a aussi provoqu\u00e9 un&nbsp;<a href=\"https:\/\/www.francetvinfo.fr\/monde\/usa\/presidentielle\/donald-trump\/reportage-nous-ne-serons-jamais-le-51e-etat-americain-face-aux-attaques-de-donald-trump-le-canada-connait-un-nouvel-elan-patriotique-avant-les-legislatives_7210539.html\">regain de patriotisme au Canada<\/a>&nbsp;et redonn\u00e9 de l&rsquo;\u00e9lan au parti au pouvoir. Les attaques de Donald Trump&nbsp;<em>\u00ab\u00a0favorisent structurellement les lib\u00e9raux, associ\u00e9s depuis les ann\u00e9es 1960 \u00e0 la d\u00e9fense de l&rsquo;identit\u00e9 nationale\u00a0\u00bb<\/em>, explique \u00e0 franceinfo Luc Turgeon, politologue \u00e0 l&rsquo;universit\u00e9 d&rsquo;Ottawa.<\/p>\n\n\n\n<p class=\"\">Mark Carney ne s&rsquo;y est pas tromp\u00e9. Lorsqu&rsquo;il a convoqu\u00e9 les \u00e9lections l\u00e9gislatives, le Premier ministre a demand\u00e9 aux Canadiens de lui donner&nbsp;<em>\u00ab\u00a0un mandat fort\u00a0\u00bb<\/em>&nbsp;pour r\u00e9pondre aux menaces du pr\u00e9sident am\u00e9ricain.<em>&nbsp;\u00ab\u00a0Donald Trump a initi\u00e9 une guerre commerciale. (&#8230;) Nous n&rsquo;avons pas demand\u00e9<\/em>&nbsp;[\u00e0 mener]<em>&nbsp;cette bataille. Mais dans cette guerre commerciale, comme au hockey, nous allons gagner\u00a0\u00bb<\/em>, avait promis le lib\u00e9ral, lors d&rsquo;un meeting le 20 avril.<\/p>\n\n\n\n<p class=\"\"><\/p>\n","protected":false},"excerpt":{"rendered":"<p>Arriv\u00e9 au pouvoir d\u00e9but mars apr\u00e8s la d\u00e9mission de Justin Trudeau, l&rsquo;\u00e9conomiste originaire du Grand Nord vient d&rsquo;\u00eatre \u00e9lu pour la premi\u00e8re fois au Parlement.Il veut\u00a0\u00ab\u00a0s&rsquo;opposer au pr\u00e9sident Trump\u00a0\u00bb, et c&rsquo;est sans doute\u00a0ce qui l&rsquo;a port\u00e9 vers la victoire.\u00a0Mark Carney est assur\u00e9 de rester Premier ministre du Canada, apr\u00e8s\u00a0la victoire du Parti lib\u00e9ral aux \u00e9lections [&hellip;]<\/p>\n","protected":false},"author":2,"featured_media":34881,"comment_status":"open","ping_status":"open","sticky":false,"template":"","format":"standard","meta":{"_jetpack_memberships_contains_paid_content":false,"footnotes":"","jetpack_publicize_message":"","jetpack_publicize_feature_enabled":true,"jetpack_social_post_already_shared":true,"jetpack_social_options":{"image_generator_settings":{"template":"highway","enabled":true,"token":"eyJpbWciOiJodHRwczpcL1wvd3d3LmljZWFnZXR2LmNvbVwvcmFkaW9zaXRlXC93cC1jb250ZW50XC91cGxvYWRzXC8yMDI1XC8wNFwvRWxlY3Rpb25zLWxlZ2lzbGF0aXZlcy1hdS1DYW5hZGEuanBnIiwidHh0IjoiRWxlY3Rpb25zIGxcdTAwZTlnaXNsYXRpdmVzIGF1IENhbmFkYVx1MDBhMDogc2l4IGNob3NlcyBcdTAwZTAgc2F2b2lyIHN1ciBsZSBQcmVtaWVyIG1pbmlzdHJlIE1hcmsgQ2FybmV5LCBleC1iYW5xdWllciBldCBub3ZpY2UgZW4gcG9saXRpcXVlIiwidGVtcGxhdGUiOiJoaWdod2F5IiwiYmxvZ19pZCI6MTExMDE2NDYxfQ.npMYPiLz8K6KV3Udp4leOQ2TFTNsjfuIT-_fx9gjkT4MQ"},"version":2},"_wpas_customize_per_network":false},"categories":[405],"tags":[],"class_list":["post-34880","post","type-post","status-publish","format-standard","has-post-thumbnail","hentry","category-actu-france-monde"],"jetpack_publicize_connections":[],"jetpack_featured_media_url":"https:\/\/i0.wp.com\/www.iceagetv.com\/radiosite\/wp-content\/uploads\/2025\/04\/Elections-legislatives-au-Canada.jpg?fit=807%2C452&ssl=1","jetpack_sharing_enabled":true,"_links":{"self":[{"href":"https:\/\/www.iceagetv.com\/radiosite\/wp-json\/wp\/v2\/posts\/34880","targetHints":{"allow":["GET"]}}],"collection":[{"href":"https:\/\/www.iceagetv.com\/radiosite\/wp-json\/wp\/v2\/posts"}],"about":[{"href":"https:\/\/www.iceagetv.com\/radiosite\/wp-json\/wp\/v2\/types\/post"}],"author":[{"embeddable":true,"href":"https:\/\/www.iceagetv.com\/radiosite\/wp-json\/wp\/v2\/users\/2"}],"replies":[{"embeddable":true,"href":"https:\/\/www.iceagetv.com\/radiosite\/wp-json\/wp\/v2\/comments?post=34880"}],"version-history":[{"count":1,"href":"https:\/\/www.iceagetv.com\/radiosite\/wp-json\/wp\/v2\/posts\/34880\/revisions"}],"predecessor-version":[{"id":34882,"href":"https:\/\/www.iceagetv.com\/radiosite\/wp-json\/wp\/v2\/posts\/34880\/revisions\/34882"}],"wp:featuredmedia":[{"embeddable":true,"href":"https:\/\/www.iceagetv.com\/radiosite\/wp-json\/wp\/v2\/media\/34881"}],"wp:attachment":[{"href":"https:\/\/www.iceagetv.com\/radiosite\/wp-json\/wp\/v2\/media?parent=34880"}],"wp:term":[{"taxonomy":"category","embeddable":true,"href":"https:\/\/www.iceagetv.com\/radiosite\/wp-json\/wp\/v2\/categories?post=34880"},{"taxonomy":"post_tag","embeddable":true,"href":"https:\/\/www.iceagetv.com\/radiosite\/wp-json\/wp\/v2\/tags?post=34880"}],"curies":[{"name":"wp","href":"https:\/\/api.w.org\/{rel}","templated":true}]}}