{"id":34890,"date":"2025-04-30T09:51:39","date_gmt":"2025-04-30T07:51:39","guid":{"rendered":"https:\/\/www.iceagetv.com\/radiosite\/?p=34890"},"modified":"2025-04-30T09:51:44","modified_gmt":"2025-04-30T07:51:44","slug":"donald-trump-celebre-les-100-jours-les-plus-reussis-de-lhistoire-du-pays-et-compte-aller-encore-plus-loin","status":"publish","type":"post","link":"https:\/\/www.iceagetv.com\/radiosite\/donald-trump-celebre-les-100-jours-les-plus-reussis-de-lhistoire-du-pays-et-compte-aller-encore-plus-loin\/","title":{"rendered":"Donald Trump c\u00e9l\u00e8bre \u00ab\u00a0les 100 jours les plus r\u00e9ussis\u00a0\u00bb de l&rsquo;histoire du pays (et compte aller encore plus loin)"},"content":{"rendered":"\n<p class=\"\">L\u2019ambiance \u00e9tait \u00e0 la f\u00eate \u00e0 Warren, dans le Michigan, ce mardi 29 avril, o\u00f9 des milliers de soutiens de Donald Trump \u00e9taient rassembl\u00e9s pour assister au discours de leur idole c\u00e9l\u00e9brant<a href=\"https:\/\/actu.fr\/monde\/100-jours-de-donald-trump-le-president-americain-passe-un-tres-bon-moment-malgre-des-sondages-en-berne_62571196.html\">&nbsp;les 100 premiers jours de son second mandat<\/a>.<\/p>\n\n\n\n<p class=\"\">Le pr\u00e9sident a pris la parole sur un campus de cette ville proche de Detroit, le c\u0153ur de l\u2019industrie automobile am\u00e9ricaine, envahi par une foule de fid\u00e8les, dont beaucoup coiff\u00e9s de la fameuse casquette rouge de Donald Trump.Des partisans conquis<\/p>\n\n\n\n<p class=\"\">\u00ab&nbsp;Nous ne faisons que commencer&nbsp;\u00bb a promis&nbsp;<a href=\"https:\/\/actu.fr\/tag\/donald-trump\">Donald Trump<\/a>, en marquant sur un t<strong>on triomphaliste et agressif<\/strong>&nbsp;un d\u00e9but de mandat fr\u00e9n\u00e9tique, qui a \u00e9branl\u00e9 le monde et d\u00e9stabilis\u00e9 l\u2019Am\u00e9rique.<\/p>\n\n\n\n<p class=\"\">Savourant l\u2019adulation de partisans rassembl\u00e9s dans le Michigan, le pr\u00e9sident a vant\u00e9 les&nbsp;<strong>\u00ab&nbsp;100 jours les plus r\u00e9ussis&nbsp;\u00bb de l\u2019histoire am\u00e9ricaine<\/strong>.<\/p>\n\n\n\n<p class=\"\">Sous les acclamations d\u2019un public acquis, Donald Trump a dress\u00e9 la liste de ses succ\u00e8s : de la lutte contre l\u2019immigration ill\u00e9gale au changement de nom du golfe du Mexique,\u00a0<a href=\"https:\/\/actu.fr\/sciences-technologie\/google-maps-le-golfe-du-mexique-est-devenu-le-golfe-d-amerique-comme-le-voulait-donald-trump_62235952.html\">rebaptis\u00e9 en golfe de l\u2019Am\u00e9rique<\/a>.Les acclamations ont redoubl\u00e9 quand a \u00e9t\u00e9 diffus\u00e9e une vid\u00e9o montrant des hommes menott\u00e9s et film\u00e9s en train de se faire raser la t\u00eate.Un nouvel \u00ab&nbsp;\u00e2ge d\u2019or&nbsp;\u00bb<\/p>\n\n\n\n<p class=\"\">Joe Biden \u00ab&nbsp;l\u2019endormi&nbsp;\u00bb, les m\u00e9dias \u00ab&nbsp;menteurs&nbsp;\u00bb, les juges \u00ab&nbsp;communistes&nbsp;\u00bb, les pays alli\u00e9s qui \u00ab&nbsp;nous ont pill\u00e9s plus que nos adversaires en mati\u00e8re de commerce&nbsp;\u00bb, les opposants d\u00e9mocrates trait\u00e9s de \u00ab&nbsp;gauchistes cingl\u00e9s&nbsp;\u00bb, le chef de la banque centrale Jerome Powell qui \u00ab&nbsp;ne fait pas du tr\u00e8s bon boulot&nbsp;\u00bb, l\u2019id\u00e9ologie \u00ab&nbsp;woke&nbsp;\u00bb et les \u00e9oliennes\u2026 Toutes les b\u00eates noires de Donald Trump y sont pass\u00e9es.<\/p>\n\n\n\n<p class=\"\">Il a d\u00e9fendu son offensive protectionniste, promesse selon lui d\u2019un nouvel \u00ab&nbsp;\u00e2ge d\u2019or&nbsp;\u00bb \u00e9conomique, ainsi que ses op\u00e9rations d\u2019expulsions d\u2019immigr\u00e9s en situation irr\u00e9guli\u00e8re.<br>La foule a scand\u00e9 \u00ab&nbsp;USA! USA!&nbsp;\u00bb devant une vid\u00e9o montrant des hommes menott\u00e9s et entrav\u00e9s, film\u00e9s en train de se faire raser la t\u00eate.<\/p>\n\n\n\n<p class=\"\">Son discours a \u00e0 peine \u00e9t\u00e9 perturb\u00e9 par l\u2019expulsion sous les hu\u00e9es d\u2019un jeune homme, qualifi\u00e9 par le pr\u00e9sident de \u00ab&nbsp;gauchiste cingl\u00e9&nbsp;\u00bb. &nbsp;<\/p>\n\n\n\n<p class=\"\">Des dizaines de manifestants s\u2019\u00e9taient par ailleurs rassembl\u00e9s en face de la salle, certains brandissant des pancartes.\u00ab&nbsp;Un tr\u00e8s bon moment&nbsp;\u00bb pour Donald Trump, moins pour les Am\u00e9ricains<\/p>\n\n\n\n<p class=\"\">Du moment o\u00f9 il a lev\u00e9 la main pour pr\u00eater serment le 20 janvier, le r\u00e9publicain s\u2019est impos\u00e9 comme seul centre de gravit\u00e9 de la vie publique am\u00e9ricaine et il a entra\u00een\u00e9 la plan\u00e8te dans son orbite chaotique.<\/p>\n\n\n\n<p class=\"\"><strong>\u00ab&nbsp;Je dirige le pays et le monde&nbsp;\u00bb,<\/strong>&nbsp;s\u2019est-il f\u00e9licit\u00e9 lundi dans un entretien avec The Atlantic, en assurant aupr\u00e8s des reporters du mensuel qu\u2019il \u00ab&nbsp;passait un tr\u00e8s bon moment&nbsp;\u00bb.<\/p>\n\n\n\n<p class=\"\">Ce n\u2019est pas le cas de tous les Am\u00e9ricains, d\u00e9boussol\u00e9s par le bras de fer commercial qu\u2019il a engag\u00e9 avec la Chine et dans une moindre mesure avec le reste du monde.<\/p>\n\n\n\n<p class=\"\">\u00ab&nbsp;Tout ira bien&nbsp;\u00bb, a voulu rassurer le pr\u00e9sident am\u00e9ricain sur ABC mardi soir, estimant que les&nbsp;<strong>droits de douane<\/strong>&nbsp;massifs visant la Chine \u00e9taient une \u00ab&nbsp;bonne&nbsp;\u00bb chose et que P\u00e9kin les avait \u00ab&nbsp;m\u00e9rit\u00e9s&nbsp;\u00bb.&nbsp;<\/p>\n\n\n\n<p class=\"\">Mais les sondages d\u2019opinion s\u2019accordent pour constater une<a href=\"https:\/\/actu.fr\/monde\/des-sondages-en-chute-libre-donald-trump-decoit-massivement-les-americains_62562047.html\">&nbsp;glissade abrupte de sa cote de confiance<\/a>, nourrie principalement par les doutes sur l\u2019\u00e9conomie.<\/p>\n\n\n\n<p class=\"\">D\u2019apr\u00e8s un sondage publi\u00e9 dimanche par le Washington Post et ABC News, 39% des Am\u00e9ricains seulement \u00ab&nbsp;approuvent&nbsp;\u00bb la mani\u00e8re dont Donald Trump m\u00e8ne sa pr\u00e9sidence.<\/p>\n","protected":false},"excerpt":{"rendered":"<p>L\u2019ambiance \u00e9tait \u00e0 la f\u00eate \u00e0 Warren, dans le Michigan, ce mardi 29 avril, o\u00f9 des milliers de soutiens de Donald Trump \u00e9taient rassembl\u00e9s pour assister au discours de leur idole c\u00e9l\u00e9brant&nbsp;les 100 premiers jours de son second mandat. Le pr\u00e9sident a pris la parole sur un campus de cette ville proche de Detroit, le [&hellip;]<\/p>\n","protected":false},"author":2,"featured_media":34891,"comment_status":"open","ping_status":"open","sticky":false,"template":"","format":"standard","meta":{"_jetpack_memberships_contains_paid_content":false,"footnotes":"","jetpack_publicize_message":"","jetpack_publicize_feature_enabled":true,"jetpack_social_post_already_shared":true,"jetpack_social_options":{"image_generator_settings":{"template":"highway","enabled":true,"token":"eyJpbWciOiJodHRwczpcL1wvd3d3LmljZWFnZXR2LmNvbVwvcmFkaW9zaXRlXC93cC1jb250ZW50XC91cGxvYWRzXC8yMDI1XC8wNFwvOWNhZWQyMzktZTFhOC0zODgwLWIxNzQtNzU0MjJkNjk4NDkxLTk2MHg2NDAtMS5qcGVnIiwidHh0IjoiRG9uYWxkIFRydW1wIGNcdTAwZTlsXHUwMGU4YnJlICYjODIyMDtsZXMgMTAwIGpvdXJzIGxlcyBwbHVzIHJcdTAwZTl1c3NpcyYjODIyMTsgZGUgbCYjODIxNztoaXN0b2lyZSBkdSBwYXlzIChldCBjb21wdGUgYWxsZXIgZW5jb3JlIHBsdXMgbG9pbikiLCJ0ZW1wbGF0ZSI6ImhpZ2h3YXkiLCJibG9nX2lkIjoxMTEwMTY0NjF9.Pr63bYGECOkO93CpNQAWGCcmzHRJRLPUtHpvb8j0JbMMQ"},"version":2},"_wpas_customize_per_network":false},"categories":[405],"tags":[],"class_list":["post-34890","post","type-post","status-publish","format-standard","has-post-thumbnail","hentry","category-actu-france-monde"],"jetpack_publicize_connections":[],"jetpack_featured_media_url":"https:\/\/i0.wp.com\/www.iceagetv.com\/radiosite\/wp-content\/uploads\/2025\/04\/9caed239-e1a8-3880-b174-75422d698491-960x640-1.jpeg?fit=960%2C640&ssl=1","jetpack_sharing_enabled":true,"_links":{"self":[{"href":"https:\/\/www.iceagetv.com\/radiosite\/wp-json\/wp\/v2\/posts\/34890","targetHints":{"allow":["GET"]}}],"collection":[{"href":"https:\/\/www.iceagetv.com\/radiosite\/wp-json\/wp\/v2\/posts"}],"about":[{"href":"https:\/\/www.iceagetv.com\/radiosite\/wp-json\/wp\/v2\/types\/post"}],"author":[{"embeddable":true,"href":"https:\/\/www.iceagetv.com\/radiosite\/wp-json\/wp\/v2\/users\/2"}],"replies":[{"embeddable":true,"href":"https:\/\/www.iceagetv.com\/radiosite\/wp-json\/wp\/v2\/comments?post=34890"}],"version-history":[{"count":1,"href":"https:\/\/www.iceagetv.com\/radiosite\/wp-json\/wp\/v2\/posts\/34890\/revisions"}],"predecessor-version":[{"id":34892,"href":"https:\/\/www.iceagetv.com\/radiosite\/wp-json\/wp\/v2\/posts\/34890\/revisions\/34892"}],"wp:featuredmedia":[{"embeddable":true,"href":"https:\/\/www.iceagetv.com\/radiosite\/wp-json\/wp\/v2\/media\/34891"}],"wp:attachment":[{"href":"https:\/\/www.iceagetv.com\/radiosite\/wp-json\/wp\/v2\/media?parent=34890"}],"wp:term":[{"taxonomy":"category","embeddable":true,"href":"https:\/\/www.iceagetv.com\/radiosite\/wp-json\/wp\/v2\/categories?post=34890"},{"taxonomy":"post_tag","embeddable":true,"href":"https:\/\/www.iceagetv.com\/radiosite\/wp-json\/wp\/v2\/tags?post=34890"}],"curies":[{"name":"wp","href":"https:\/\/api.w.org\/{rel}","templated":true}]}}