{"id":34896,"date":"2025-04-30T14:31:05","date_gmt":"2025-04-30T12:31:05","guid":{"rendered":"https:\/\/www.iceagetv.com\/radiosite\/?p=34896"},"modified":"2025-04-30T14:31:10","modified_gmt":"2025-04-30T12:31:10","slug":"jennyfer-la-marque-de-pret-a-porter-demande-sa-mise-en-liquidation-judiciaire-pres-de-1-000-emplois-menaces","status":"publish","type":"post","link":"https:\/\/www.iceagetv.com\/radiosite\/jennyfer-la-marque-de-pret-a-porter-demande-sa-mise-en-liquidation-judiciaire-pres-de-1-000-emplois-menaces\/","title":{"rendered":"Jennyfer : la marque de pr\u00eat-\u00e0-porter demande sa mise en liquidation judiciaire, pr\u00e8s de 1 000 emplois menac\u00e9s"},"content":{"rendered":"\n<p class=\"\">Alors que la marque \u00e9tait sortie d&rsquo;une p\u00e9riode de redressement judiciaire en juin 2024, la marque pour les 10-19 ans demande finalement sa liquidation judiciaire.La<strong>&nbsp;marque fran\u00e7aise<\/strong>&nbsp;de pr\u00eat-\u00e0-porter pour les 10-19 ans&nbsp;<a href=\"https:\/\/actu.fr\/hauts-de-france\/abbeville_80001\/les-salaries-de-ce-magasin-jennyfer-ont-ete-avertis-le-jour-meme-de-la-fermeture-definitive_62436864.html\">Jennyfer<\/a>, qui \u00e9tait sortie d\u2019une p\u00e9riode de redressement judiciaire en juin 2024, va finalement demander sa mise en liquidation judiciaire, a annonc\u00e9 mercredi la direction \u00e0 l\u2019<em>AFP<\/em>.<\/p>\n\n\n\n<p class=\"\">\u00ab&nbsp;L\u2019explosion des co\u00fbts, la&nbsp;<strong>baisse du pouvoir d\u2019achat<\/strong>, les mutations du march\u00e9 textile et une concurrence internationale toujours plus agressive ont rendu son mod\u00e8le \u00e9conomique intenable,&nbsp;\u00bb a pr\u00e9cis\u00e9 la direction.<\/p>\n\n\n\n<blockquote class=\"wp-block-quote is-layout-flow wp-block-quote-is-layout-flow\">\n<p class=\"\">Notre pens\u00e9e profonde et sinc\u00e8re va \u00e0 l&rsquo;ensemble des \u00e9quipes mobilis\u00e9es depuis des ann\u00e9es avec passion, cr\u00e9ativit\u00e9 et engagement.<strong>Direction de Jennyfer<\/strong><\/p>\n<\/blockquote>\n\n\n\n<h2 class=\"wp-block-heading\">999 emplois menac\u00e9s<\/h2>\n\n\n\n<p class=\"\">D\u2019apr\u00e8s un communiqu\u00e9 mercredi de la CGT Services, \u00ab&nbsp;les salari\u00e9s ont \u00e9t\u00e9 mis au courant de la situation&nbsp;\u00bb dans la matin\u00e9e. Le syndicat d\u00e9plore que \u00ab&nbsp;la direction, avec la complicit\u00e9 de l\u2019\u00c9tat, va&nbsp;<strong>supprimer les 999 emplois de l\u2019entreprise&nbsp;\u00bb.<\/strong><\/p>\n\n\n\n<p class=\"\">Pour le syndicat, l\u2019\u00c9tat aurait d\u00fb \u00ab&nbsp;garantir une vigilance&nbsp;\u00bb \u00e0 la suite de&nbsp;<strong>plans sociaux successifs<\/strong>.&nbsp;<\/p>\n\n\n\n<p class=\"\">\u00ab\u00a0Cette annonce violente et brutale plonge les salari\u00e9s dans une situation tr\u00e8s pr\u00e9caire, \u00a0\u00bb a-t-il jug\u00e9.En redressement judiciaire en 2023<\/p>\n\n\n\n<p class=\"\">La marque fond\u00e9e en 1984 comptait mi-2024 220 magasins en France et 80 \u00e0 l\u2019international, et revendique environ 250 millions d\u2019euros de chiffre d\u2019affaires annuel.<\/p>\n\n\n\n<p class=\"\"><a href=\"https:\/\/actu.fr\/economie\/don-t-call-me-jennyfer-l-enseigne-demande-a-etre-placee-en-redressement-judiciaire_59764166.html\">Tomb\u00e9e en redressement judiciaire en juin 2023<\/a>&nbsp;en raison de l&rsquo;&nbsp;\u00bbaugmentation soudaine des co\u00fbts cumul\u00e9e \u00e0 une inflation galopante&nbsp;\u00bb, elle avait annonc\u00e9 en sortir il y a moins d\u2019un an, annon\u00e7ant \u00ab&nbsp;un investissement initial de 15 millions d\u2019euros&nbsp;\u00bb et \u00ab&nbsp;l\u2019arriv\u00e9e d\u2019un nouvel actionnaire&nbsp;\u00bb.<\/p>\n\n\n\n<p class=\"\">Un<strong>&nbsp;plan de sauvegarde de l\u2019emploi<\/strong>&nbsp;(PSE) \u00e9tait intervenu entre temps, menant \u00e0 la suppression de 75 postes (60 au si\u00e8ge et 15 dans les entrep\u00f4ts) sans fermeture de magasins.<br>Son nouveau directeur g\u00e9n\u00e9ral, Yann Pasco, avait d\u00e9clar\u00e9 en avril 2024 vouloir \u00ab&nbsp;pr\u00e9server l\u2019ADN de Jennyfer&nbsp;\u00bb, qui a \u00ab&nbsp;15% de part de march\u00e9 sur les 10-14 ans&nbsp;\u00bb mais aussi \u00ab&nbsp;\u00e9largir la cible de client\u00e8le&nbsp;\u00bb en se positionnant sur les 15-19 ans et les 20-24 ans.<\/p>\n","protected":false},"excerpt":{"rendered":"<p>Alors que la marque \u00e9tait sortie d&rsquo;une p\u00e9riode de redressement judiciaire en juin 2024, la marque pour les 10-19 ans demande finalement sa liquidation judiciaire.La&nbsp;marque fran\u00e7aise&nbsp;de pr\u00eat-\u00e0-porter pour les 10-19 ans&nbsp;Jennyfer, qui \u00e9tait sortie d\u2019une p\u00e9riode de redressement judiciaire en juin 2024, va finalement demander sa mise en liquidation judiciaire, a annonc\u00e9 mercredi la direction [&hellip;]<\/p>\n","protected":false},"author":2,"featured_media":34897,"comment_status":"open","ping_status":"open","sticky":false,"template":"","format":"standard","meta":{"_jetpack_memberships_contains_paid_content":false,"footnotes":"","jetpack_publicize_message":"","jetpack_publicize_feature_enabled":true,"jetpack_social_post_already_shared":true,"jetpack_social_options":{"image_generator_settings":{"template":"highway","enabled":true,"token":"eyJpbWciOiJodHRwczpcL1wvd3d3LmljZWFnZXR2LmNvbVwvcmFkaW9zaXRlXC93cC1jb250ZW50XC91cGxvYWRzXC8yMDI1XC8wNFwvYWRvYmVzdG9jay00NzYxNzM5NzQtZWRpdG9yaWFsLXVzZS1vbmx5LTk2MHg2NDAtMS5qcGVnIiwidHh0IjoiSmVubnlmZXIgOiBsYSBtYXJxdWUgZGUgcHJcdTAwZWF0LVx1MDBlMC1wb3J0ZXIgZGVtYW5kZSBzYSBtaXNlIGVuIGxpcXVpZGF0aW9uIGp1ZGljaWFpcmUsIHByXHUwMGU4cyBkZSAxIDAwMCBlbXBsb2lzIG1lbmFjXHUwMGU5cyIsInRlbXBsYXRlIjoiaGlnaHdheSIsImJsb2dfaWQiOjExMTAxNjQ2MX0.ImqH-xcUXfywrFbUwua7SPHcf_Lcy2kZVb6J5lUoCkUMQ"},"version":2},"_wpas_customize_per_network":false},"categories":[405],"tags":[],"class_list":["post-34896","post","type-post","status-publish","format-standard","has-post-thumbnail","hentry","category-actu-france-monde"],"jetpack_publicize_connections":[],"jetpack_featured_media_url":"https:\/\/i0.wp.com\/www.iceagetv.com\/radiosite\/wp-content\/uploads\/2025\/04\/adobestock-476173974-editorial-use-only-960x640-1.jpeg?fit=960%2C640&ssl=1","jetpack_sharing_enabled":true,"_links":{"self":[{"href":"https:\/\/www.iceagetv.com\/radiosite\/wp-json\/wp\/v2\/posts\/34896","targetHints":{"allow":["GET"]}}],"collection":[{"href":"https:\/\/www.iceagetv.com\/radiosite\/wp-json\/wp\/v2\/posts"}],"about":[{"href":"https:\/\/www.iceagetv.com\/radiosite\/wp-json\/wp\/v2\/types\/post"}],"author":[{"embeddable":true,"href":"https:\/\/www.iceagetv.com\/radiosite\/wp-json\/wp\/v2\/users\/2"}],"replies":[{"embeddable":true,"href":"https:\/\/www.iceagetv.com\/radiosite\/wp-json\/wp\/v2\/comments?post=34896"}],"version-history":[{"count":1,"href":"https:\/\/www.iceagetv.com\/radiosite\/wp-json\/wp\/v2\/posts\/34896\/revisions"}],"predecessor-version":[{"id":34898,"href":"https:\/\/www.iceagetv.com\/radiosite\/wp-json\/wp\/v2\/posts\/34896\/revisions\/34898"}],"wp:featuredmedia":[{"embeddable":true,"href":"https:\/\/www.iceagetv.com\/radiosite\/wp-json\/wp\/v2\/media\/34897"}],"wp:attachment":[{"href":"https:\/\/www.iceagetv.com\/radiosite\/wp-json\/wp\/v2\/media?parent=34896"}],"wp:term":[{"taxonomy":"category","embeddable":true,"href":"https:\/\/www.iceagetv.com\/radiosite\/wp-json\/wp\/v2\/categories?post=34896"},{"taxonomy":"post_tag","embeddable":true,"href":"https:\/\/www.iceagetv.com\/radiosite\/wp-json\/wp\/v2\/tags?post=34896"}],"curies":[{"name":"wp","href":"https:\/\/api.w.org\/{rel}","templated":true}]}}