{"id":34899,"date":"2025-04-30T16:45:23","date_gmt":"2025-04-30T14:45:23","guid":{"rendered":"https:\/\/www.iceagetv.com\/radiosite\/?p=34899"},"modified":"2025-04-30T16:45:27","modified_gmt":"2025-04-30T14:45:27","slug":"doliprane-ca-y-est-le-medicament-le-plus-consomme-de-france-nest-plus-francais","status":"publish","type":"post","link":"https:\/\/www.iceagetv.com\/radiosite\/doliprane-ca-y-est-le-medicament-le-plus-consomme-de-france-nest-plus-francais\/","title":{"rendered":"Doliprane : \u00e7a y est, le m\u00e9dicament le plus consomm\u00e9 de France n&rsquo;est plus fran\u00e7ais"},"content":{"rendered":"\n<p class=\"\">La c\u00e9l\u00e8bre bo\u00eete jaune passe officiellement sous pavillon am\u00e9ricain, avec la finalisation de la cession par Sanofi du contr\u00f4le de l&rsquo;entreprise au fonds d&rsquo;investissement CD&amp;RLe Doliprane,&nbsp;<strong>m\u00e9dicament le plus prescrit en France<\/strong>, passe officiellement sous pavillon am\u00e9ricain, avec la finalisation, mercredi 30 avril 2025, de&nbsp;<strong>la cession par Sanofi du contr\u00f4le de l\u2019entreprise<\/strong>, au fonds d\u2019investissement CD&amp;R.<\/p>\n\n\n\n<p class=\"\">\u00ab\u2009C\u2019est officiel\u2009: Opella est \u00e0 pr\u00e9sent une entreprise ind\u00e9pendante\u2009\u00bb\u2009: le bouclage de cette op\u00e9ration, dont l\u2019annonce en octobre\u00a0<a href=\"https:\/\/actu.fr\/economie\/doliprane-le-medicament-le-plus-vendu-en-france-passera-sous-controle-americain-et-ca-fait-polemique_61763574.html\">avait suscit\u00e9 une lev\u00e9e de boucliers de responsables politiques et des syndicats<\/a>, a \u00e9t\u00e9 confirm\u00e9 juste avant l\u2019assembl\u00e9e g\u00e9n\u00e9rale des actionnaires du g\u00e9ant pharmaceutique, mercredi apr\u00e8s-midi \u00e0 Paris.Qui poss\u00e8de quoi sur Doliprane\u2009?<\/p>\n\n\n\n<p class=\"\">Dans le d\u00e9tail,&nbsp;<a href=\"https:\/\/actu.fr\/tag\/sanofi\">Sanofi<\/a>&nbsp;c\u00e8de&nbsp;<strong>50\u2009%<\/strong>&nbsp;de sa filiale Opella (qui produit notamment le Doliprane) au fonds am\u00e9ricain CD&amp;R, tout en conservant une participation de&nbsp;<strong>48,2\u2009%<\/strong>&nbsp;dans cette entreprise commercialisant des traitements sans ordonnance et des vitamines, min\u00e9raux et&nbsp;<a href=\"https:\/\/actu.fr\/societe\/hepatites-aigues-problemes-cardiaques-attention-a-ces-complements-alimentaires-coupe-faim-alerte-l-anses_62331110.html\">compl\u00e9ments<\/a>.<\/p>\n\n\n\n<p class=\"\">Face aux craintes sur d\u2019\u00e9ventuelles r\u00e9percussions sur l\u2019emploi et la souverainet\u00e9 sanitaire fran\u00e7aise de ce passage sous pavillon am\u00e9ricain, le gouvernement avait obtenu \u00e0 l\u2019automne&nbsp;<strong>l\u2019entr\u00e9e dans l\u2019op\u00e9ration<\/strong>&nbsp;de la banque publique d\u2019investissement Bpi. Celle-ci d\u00e9tiendra une participation de<strong>&nbsp;1,8\u2009%<\/strong>, souligne le communiqu\u00e9 de Sanofi.<\/p>\n\n\n\n<p class=\"\">L\u2019annonce de la cession d\u2019Opella avait suscit\u00e9 des r\u00e9actions politiques de tous bords, de la gauche \u00e0 des \u00e9lus soutenant le gouvernement, demandant \u00e0 l\u2019ex\u00e9cutif de s\u2019opposer \u00e0 l\u2019op\u00e9ration.\u00a0Sur le terrain, les salari\u00e9s de la filiale s\u2019\u00e9taient\u00a0<strong>mis en gr\u00e8ve plusieurs jours<\/strong>.Souhaitant des garanties sur le devenir des sites fran\u00e7ais d\u2019Opella, sans pour autant effaroucher les investisseurs \u00e9trangers, le gouvernement avait vu dans la participation de Bpi un moyen d\u2019obtenir un droit de regard sur les orientations strat\u00e9giques prises par le nouvel actionnaire \u00e9tranger.300&nbsp;millions de bo\u00eetes prescrites par an<\/p>\n\n\n\n<p class=\"\">Selon l\u2019Assurance maladie en novembre, le Doliprane, produit \u00e0 base de parac\u00e9tamol (l\u2019un des antidouleurs les plus courants) reste de tr\u00e8s loin&nbsp;<strong>le m\u00e9dicament le plus prescrit en France, avec 300&nbsp;millions de bo\u00eetes<\/strong>. Aucun autre traitement ne d\u00e9passe le seuil des 100&nbsp;millions.<\/p>\n\n\n\n<p class=\"\">Dans le cadre de cette transaction, Sanofi indique avoir \u00ab\u2009re\u00e7u un montant net total en num\u00e9raire de l\u2019ordre de 10&nbsp;milliards d\u2019euros\u2009\u00bb.&nbsp;<strong>\u00ab\u2009Ce nouveau chapitre marque le d\u00e9but d\u2019une aventure prometteuse\u2009\u00bb<\/strong>&nbsp;pour Opella qui \u00ab\u2009est pr\u00eate \u00e0 cro\u00eetre et \u00e0 prosp\u00e9rer\u2009\u00bb, a d\u00e9clar\u00e9 le directeur g\u00e9n\u00e9ral de Sanofi, Paul Hudson, cit\u00e9 dans le communiqu\u00e9.<\/p>\n\n\n\n<p class=\"\">En octobre\u00a02024, Sanofi avait indiqu\u00e9 que sa volont\u00e9 de c\u00e9der le contr\u00f4le de sa filiale s\u2019inscrivait dans\u00a0<strong>sa strat\u00e9gie de concentration<\/strong>\u00a0sur les m\u00e9dicaments et\u00a0<a href=\"https:\/\/actu.fr\/tag\/vaccin\">vaccins<\/a>\u00a0innovants. Mais cette vente annonc\u00e9e avait fait pol\u00e9mique\u00a0<strong>dans un contexte de restructurations<\/strong>\u00a0en cours de certaines activit\u00e9s de Sanofi.11\u2009000&nbsp;personnes employ\u00e9es dans 100 pays<\/p>\n\n\n\n<p class=\"\">Opella compte des activit\u00e9s dans cent pays et g\u00e8re 13 sites de production,&nbsp;<strong>employant 11\u2009000&nbsp;personnes<\/strong>. Son portefeuille de produits a \u00e9t\u00e9 r\u00e9duit et comptait environ 100 marques fin 2024.<\/p>\n\n\n\n<p class=\"\">\u00ab\u2009Opella est pr\u00eate \u00e0 devenir un leader dans l\u2019un des secteurs les plus dynamiques et r\u00e9silients de la sant\u00e9\u2009\u00bb, souligne l\u2019entreprise, dont le si\u00e8ge social reste en France.<\/p>\n\n\n\n<p class=\"\">\u00ab\u2009Devenir ind\u00e9pendant n\u2019est pas seulement une \u00e9tape. C\u2019est notre moment\u2009\u00bb, affirme dans ce communiqu\u00e9 la pr\u00e9sidente-directrice g\u00e9n\u00e9rale d\u2019Opella, Julie Van Ongevalle.<\/p>\n","protected":false},"excerpt":{"rendered":"<p>La c\u00e9l\u00e8bre bo\u00eete jaune passe officiellement sous pavillon am\u00e9ricain, avec la finalisation de la cession par Sanofi du contr\u00f4le de l&rsquo;entreprise au fonds d&rsquo;investissement CD&amp;RLe Doliprane,&nbsp;m\u00e9dicament le plus prescrit en France, passe officiellement sous pavillon am\u00e9ricain, avec la finalisation, mercredi 30 avril 2025, de&nbsp;la cession par Sanofi du contr\u00f4le de l\u2019entreprise, au fonds d\u2019investissement CD&amp;R. [&hellip;]<\/p>\n","protected":false},"author":2,"featured_media":34901,"comment_status":"open","ping_status":"open","sticky":false,"template":"","format":"standard","meta":{"_jetpack_memberships_contains_paid_content":false,"footnotes":"","jetpack_publicize_message":"","jetpack_publicize_feature_enabled":true,"jetpack_social_post_already_shared":true,"jetpack_social_options":{"image_generator_settings":{"template":"highway","enabled":true,"token":"eyJpbWciOiJodHRwczpcL1wvd3d3LmljZWFnZXR2LmNvbVwvcmFkaW9zaXRlXC93cC1jb250ZW50XC91cGxvYWRzXC8yMDI1XC8wNFwvZG9saXByYW5lLXNhbm9maS1yYWNoYXQtOTYweDY0MC0xLmpwZWciLCJ0eHQiOiJEb2xpcHJhbmUgOiBcdTAwZTdhIHkgZXN0LCBsZSBtXHUwMGU5ZGljYW1lbnQgbGUgcGx1cyBjb25zb21tXHUwMGU5IGRlIEZyYW5jZSBuJiM4MjE3O2VzdCBwbHVzIGZyYW5cdTAwZTdhaXMiLCJ0ZW1wbGF0ZSI6ImhpZ2h3YXkiLCJibG9nX2lkIjoxMTEwMTY0NjF9.bN17I8AgxyVQZVCa01KZ80bWt4i6cLhVL-_P55Aw0-gMQ"},"version":2},"_wpas_customize_per_network":false},"categories":[405],"tags":[],"class_list":["post-34899","post","type-post","status-publish","format-standard","has-post-thumbnail","hentry","category-actu-france-monde"],"jetpack_publicize_connections":[],"jetpack_featured_media_url":"https:\/\/i0.wp.com\/www.iceagetv.com\/radiosite\/wp-content\/uploads\/2025\/04\/doliprane-sanofi-rachat-960x640-1.jpeg?fit=960%2C640&ssl=1","jetpack_sharing_enabled":true,"_links":{"self":[{"href":"https:\/\/www.iceagetv.com\/radiosite\/wp-json\/wp\/v2\/posts\/34899","targetHints":{"allow":["GET"]}}],"collection":[{"href":"https:\/\/www.iceagetv.com\/radiosite\/wp-json\/wp\/v2\/posts"}],"about":[{"href":"https:\/\/www.iceagetv.com\/radiosite\/wp-json\/wp\/v2\/types\/post"}],"author":[{"embeddable":true,"href":"https:\/\/www.iceagetv.com\/radiosite\/wp-json\/wp\/v2\/users\/2"}],"replies":[{"embeddable":true,"href":"https:\/\/www.iceagetv.com\/radiosite\/wp-json\/wp\/v2\/comments?post=34899"}],"version-history":[{"count":1,"href":"https:\/\/www.iceagetv.com\/radiosite\/wp-json\/wp\/v2\/posts\/34899\/revisions"}],"predecessor-version":[{"id":34902,"href":"https:\/\/www.iceagetv.com\/radiosite\/wp-json\/wp\/v2\/posts\/34899\/revisions\/34902"}],"wp:featuredmedia":[{"embeddable":true,"href":"https:\/\/www.iceagetv.com\/radiosite\/wp-json\/wp\/v2\/media\/34901"}],"wp:attachment":[{"href":"https:\/\/www.iceagetv.com\/radiosite\/wp-json\/wp\/v2\/media?parent=34899"}],"wp:term":[{"taxonomy":"category","embeddable":true,"href":"https:\/\/www.iceagetv.com\/radiosite\/wp-json\/wp\/v2\/categories?post=34899"},{"taxonomy":"post_tag","embeddable":true,"href":"https:\/\/www.iceagetv.com\/radiosite\/wp-json\/wp\/v2\/tags?post=34899"}],"curies":[{"name":"wp","href":"https:\/\/api.w.org\/{rel}","templated":true}]}}