{"id":34925,"date":"2025-05-01T12:38:09","date_gmt":"2025-05-01T10:38:09","guid":{"rendered":"https:\/\/www.iceagetv.com\/radiosite\/?p=34925"},"modified":"2025-05-01T12:38:13","modified_gmt":"2025-05-01T10:38:13","slug":"des-incendies-font-rage-pres-de-jerusalem-la-police-ferme-des-routes-et-evacue-plusieurs-localites","status":"publish","type":"post","link":"https:\/\/www.iceagetv.com\/radiosite\/des-incendies-font-rage-pres-de-jerusalem-la-police-ferme-des-routes-et-evacue-plusieurs-localites\/","title":{"rendered":"Des incendies font rage pr\u00e8s de J\u00e9rusalem, la police ferme des routes et \u00e9vacue plusieurs localit\u00e9s"},"content":{"rendered":"\n<p class=\"\">Le ministre de la D\u00e9fense isra\u00e9lienne a appel\u00e9 l&rsquo;arm\u00e9e \u00e0 se d\u00e9ployer pour ma\u00eetriser les incendies qui se propagent \u00e0 l&rsquo;ouest de la Ville sainte.La police isra\u00e9lienne a ferm\u00e9, mercredi 30 avril, l&rsquo;autoroute entre&nbsp;<a href=\"https:\/\/www.francetvinfo.fr\/monde\/palestine\/reportage-on-se-retrouve-a-payer-pour-que-nos-maisons-soient-detruites-israel-continue-de-demolir-les-habitations-palestiniennes-a-jerusalem-est_7213815.html\">J\u00e9rusalem<\/a>&nbsp;et Tel-Aviv et \u00e9vacu\u00e9 des communes le long de cet axe routier en raison d&rsquo;incendies dans la zone, d\u00e9j\u00e0 ravag\u00e9e par le feu il y a une semaine.<em>&nbsp;<\/em><em>\u00ab\u00a0Actuellement, la priorit\u00e9 est de d\u00e9fendre J\u00e9rusalem\u00a0\u00bb<\/em>, a d\u00e9clar\u00e9 le Premier ministre, Benyamin N\u00e9tanyahou, faisant \u00e9tat d&rsquo;une&nbsp;<em>\u00ab\u00a0situation d&rsquo;urgence nationale\u00a0\u00bb&nbsp;<\/em>et d&rsquo;un risque de voir l&rsquo;incendie pouss\u00e9&nbsp;<em>\u00ab\u00a0jusque dans la ville elle-m\u00eame\u00a0\u00bb<\/em>.<\/p>\n\n\n\n<p class=\"\"><em>\u00ab\u00a0Nous affrontons probablement le plus grand incendie en Isra\u00ebl depuis une d\u00e9cennie\u00a0\u00bb<\/em>, a d\u00e9clar\u00e9 Eyal Caspi, le commandant des pompiers, lors d&rsquo;un point presse.&nbsp;Le ministre de la D\u00e9fense isra\u00e9lien, Isra\u00ebl Katz, a ordonn\u00e9 \u00e0 l&rsquo;arm\u00e9e de se d\u00e9ployer pour ma\u00eetriser les incendies qui se propagent rapidement \u00e0 l&rsquo;ouest de J\u00e9rusalem.&nbsp;<em>\u00ab\u00a0Toutes les forces disponibles doivent \u00eatre mobilis\u00e9es pour sauver des vies et ma\u00eetriser les incendies\u00a0\u00bb<\/em>, a-t-il d\u00e9clar\u00e9 le ministre.<\/p>\n\n\n\n<p class=\"\">Des soldats sont arriv\u00e9s sur les lieux d\u00e8s le milieu d&rsquo;apr\u00e8s-midi,&nbsp;\u00e0 environ 30 kilom\u00e8tres \u00e0 l&rsquo;ouest de J\u00e9rusalem, en renfort des \u00e9quipes de pompiers luttant contre les flammes. De nombreux conducteurs ont abandonn\u00e9 leur v\u00e9hicule au milieu de la route et pris la fuite.&nbsp;Les services d&rsquo;urgence ont d\u00e9clar\u00e9 avoir pris en charge au moins 23 personnes l\u00e9g\u00e8rement bless\u00e9es, ajoutant que le seuil d&rsquo;alerte avait \u00e9t\u00e9 relev\u00e9 \u00e0 son niveau maximal.&nbsp;<\/p>\n\n\n\n<h2 class=\"wp-block-heading\">L&rsquo;Italie et la Croatie envoient des renforts<\/h2>\n\n\n\n<p class=\"\">Des temp\u00e9ratures \u00e9lev\u00e9es et des vents forts ont permis aux incendies de se propager rapidement dans les zones bois\u00e9es, ce qui a entra\u00een\u00e9 l&rsquo;\u00e9vacuation d&rsquo;au moins cinq localit\u00e9s, a pr\u00e9cis\u00e9 la police.<em>&nbsp;<\/em>Benyamin N\u00e9tanyahou, a annonc\u00e9, mercredi apr\u00e8s-midi, l&rsquo;arriv\u00e9e&nbsp;<em>\u00ab\u00a0d\u00e8s que possible\u00a0\u00bb&nbsp;<\/em>de trois avions d&rsquo;Italie et de Croatie pour aider \u00e0 lutter contre ces incendies.<em>&nbsp;<\/em><\/p>\n\n\n\n<p class=\"\">La mairie de J\u00e9rusalem a annonc\u00e9 l&rsquo;annulation de tous les \u00e9v\u00e9nements pr\u00e9vus mercredi soir dans la ville pour la f\u00eate nationale du Jour de l&rsquo;Ind\u00e9pendance.&nbsp;<em>\u00ab\u00a0Les services de secours et de r\u00e9ponse aux incendies ne seront pas en mesure de participer \u00e0 la s\u00e9curisation d&rsquo;\u00e9v\u00e8nements\u00a0\u00bb<\/em>, a d\u00e9clar\u00e9 un porte-parole des pompiers, sugg\u00e9rant que de nombreux rassemblements pour la f\u00eate nationale pourraient \u00eatre annul\u00e9s.<\/p>\n","protected":false},"excerpt":{"rendered":"<p>Le ministre de la D\u00e9fense isra\u00e9lienne a appel\u00e9 l&rsquo;arm\u00e9e \u00e0 se d\u00e9ployer pour ma\u00eetriser les incendies qui se propagent \u00e0 l&rsquo;ouest de la Ville sainte.La police isra\u00e9lienne a ferm\u00e9, mercredi 30 avril, l&rsquo;autoroute entre&nbsp;J\u00e9rusalem&nbsp;et Tel-Aviv et \u00e9vacu\u00e9 des communes le long de cet axe routier en raison d&rsquo;incendies dans la zone, d\u00e9j\u00e0 ravag\u00e9e par le [&hellip;]<\/p>\n","protected":false},"author":2,"featured_media":34926,"comment_status":"open","ping_status":"open","sticky":false,"template":"","format":"standard","meta":{"_jetpack_memberships_contains_paid_content":false,"footnotes":"","jetpack_publicize_message":"","jetpack_publicize_feature_enabled":true,"jetpack_social_post_already_shared":true,"jetpack_social_options":{"image_generator_settings":{"template":"highway","enabled":true,"token":"eyJpbWciOiJodHRwczpcL1wvd3d3LmljZWFnZXR2LmNvbVwvcmFkaW9zaXRlXC93cC1jb250ZW50XC91cGxvYWRzXC8yMDI1XC8wNVwvRGVzLWluY2VuZGllcy1mb250LXJhZ2UtcHJlcy1kZS1KZXJ1c2FsZW0uanBnIiwidHh0IjoiRGVzIGluY2VuZGllcyBmb250IHJhZ2UgcHJcdTAwZThzIGRlIEpcdTAwZTlydXNhbGVtLCBsYSBwb2xpY2UgZmVybWUgZGVzIHJvdXRlcyBldCBcdTAwZTl2YWN1ZSBwbHVzaWV1cnMgbG9jYWxpdFx1MDBlOXMiLCJ0ZW1wbGF0ZSI6ImhpZ2h3YXkiLCJibG9nX2lkIjoxMTEwMTY0NjF9.6ZbeWiK1BPOAAP7poDSKlLSKiVYg3FQ5zfM2X_ZPNi8MQ"},"version":2},"_wpas_customize_per_network":false},"categories":[405],"tags":[],"class_list":["post-34925","post","type-post","status-publish","format-standard","has-post-thumbnail","hentry","category-actu-france-monde"],"jetpack_publicize_connections":[],"jetpack_featured_media_url":"https:\/\/i0.wp.com\/www.iceagetv.com\/radiosite\/wp-content\/uploads\/2025\/05\/Des-incendies-font-rage-pres-de-Jerusalem.jpg?fit=906%2C452&ssl=1","jetpack_sharing_enabled":true,"_links":{"self":[{"href":"https:\/\/www.iceagetv.com\/radiosite\/wp-json\/wp\/v2\/posts\/34925","targetHints":{"allow":["GET"]}}],"collection":[{"href":"https:\/\/www.iceagetv.com\/radiosite\/wp-json\/wp\/v2\/posts"}],"about":[{"href":"https:\/\/www.iceagetv.com\/radiosite\/wp-json\/wp\/v2\/types\/post"}],"author":[{"embeddable":true,"href":"https:\/\/www.iceagetv.com\/radiosite\/wp-json\/wp\/v2\/users\/2"}],"replies":[{"embeddable":true,"href":"https:\/\/www.iceagetv.com\/radiosite\/wp-json\/wp\/v2\/comments?post=34925"}],"version-history":[{"count":1,"href":"https:\/\/www.iceagetv.com\/radiosite\/wp-json\/wp\/v2\/posts\/34925\/revisions"}],"predecessor-version":[{"id":34927,"href":"https:\/\/www.iceagetv.com\/radiosite\/wp-json\/wp\/v2\/posts\/34925\/revisions\/34927"}],"wp:featuredmedia":[{"embeddable":true,"href":"https:\/\/www.iceagetv.com\/radiosite\/wp-json\/wp\/v2\/media\/34926"}],"wp:attachment":[{"href":"https:\/\/www.iceagetv.com\/radiosite\/wp-json\/wp\/v2\/media?parent=34925"}],"wp:term":[{"taxonomy":"category","embeddable":true,"href":"https:\/\/www.iceagetv.com\/radiosite\/wp-json\/wp\/v2\/categories?post=34925"},{"taxonomy":"post_tag","embeddable":true,"href":"https:\/\/www.iceagetv.com\/radiosite\/wp-json\/wp\/v2\/tags?post=34925"}],"curies":[{"name":"wp","href":"https:\/\/api.w.org\/{rel}","templated":true}]}}