{"id":34930,"date":"2025-05-02T08:14:20","date_gmt":"2025-05-02T06:14:20","guid":{"rendered":"https:\/\/www.iceagetv.com\/radiosite\/?p=34930"},"modified":"2025-05-02T08:14:25","modified_gmt":"2025-05-02T06:14:25","slug":"nouveau-pape-colere-de-la-presse-italienne-qui-accuse-emmanuel-macron-de-vouloir-influencer-le-conclave-en-faisant-elire-larcheveque-de-marseille-jean-marc-aveline","status":"publish","type":"post","link":"https:\/\/www.iceagetv.com\/radiosite\/nouveau-pape-colere-de-la-presse-italienne-qui-accuse-emmanuel-macron-de-vouloir-influencer-le-conclave-en-faisant-elire-larcheveque-de-marseille-jean-marc-aveline\/","title":{"rendered":"Nouveau Pape : Col\u00e8re de la presse italienne qui accuse Emmanuel Macron de vouloir influencer le conclave en faisant \u00e9lire l\u2019archev\u00eaque de Marseille, Jean-Marc Aveline"},"content":{"rendered":"\n<p class=\"\">Col\u00e8re de la presse italienne qui accuse Emmanuel Macron de vouloir influencer le conclave en faisant \u00e9lire l\u2019archev\u00eaque de Marseille, Jean-Marc Aveline. Ce sont nos confr\u00e8res du Parisien qui se sont plong\u00e9s dans la presse italienne en ce pont du 1er mai et ils ont d\u00e9couvert cette col\u00e8re qui gronde en Italie contre le pr\u00e9sident Fran\u00e7ais ! \u00ab<\/p>\n\n\n\n<p class=\"\">\u00ab\u00a0Macron veut m\u00eame choisir le pape\u00a0\u00bb affirme le journal milanais La Verit\u00e0, alors que le&nbsp;le quotidien conservateur Libero titre :&nbsp;&nbsp;\u00ab\u00a0Macron s\u2019incruste m\u00eame dans le conclave\u00a0\u00bb.<\/p>\n\n\n\n<p class=\"\">En fait les m\u00e9dis italiens reproche au pr\u00e9sident Emmanuel Macron de tenter de faire pression sur le conclave, alors que celui-ci doit-\u00eatre justement pr\u00e9server de tous les \u00e9l\u00e9ments ext\u00e9rieurs. En cause deux repas r\u00e9cents du chef de l\u2019\u00c9tat fran\u00e7ais \u00e0 Rome. Le 26 avril, cinq jours apr\u00e8s la mort du pape Fran\u00e7ois, Emmanuel Macron aurait r\u00e9uni quatre cardinaux fran\u00e7ais autour d\u2019un d\u00e9jeuner \u00e0 l\u2019ambassade de France \u00e0 Rome : Jean-Marc Aveline, archev\u00eaque de Marseille et papabile, Christophe Pierre, nonce apostolique aux \u00c9tats-Unis, Philippe Barbarin et Fran\u00e7ois Bustillo, \u00e9v\u00eaque d\u2019Ajaccio.<\/p>\n\n\n\n<p class=\"\">\u00ab\u00a0S\u2019il parvenait \u00e0 \u00e9lever son cardinal favori au tr\u00f4ne pontifical, le chef d\u2019\u00c9tat fran\u00e7ais retrouverait instantan\u00e9ment du poids international\u00a0\u00bb affirme le quotidien Libero qui n&rsquo;h\u00e9site pas dans le m\u00eame temps \u00e0 se moquer de la mani\u00e8re dont \u00ab\u00a0le pr\u00e9sident fran\u00e7ais a \u00e9t\u00e9 mis \u00e0 la porte par Donald Trump lors de sa rencontre avec Zelensky dans la basilique Saint-Pierre\u00a0\u00bb.<\/p>\n\n\n\n<p class=\"\">Selon plusieurs observateurs, cette pression mise par le Pr\u00e9sident Emmanuel Macron, risque justement d&rsquo;avoir l&rsquo;effet inverse et de faire perdre toutes ses chances \u00e0 l&rsquo;archev\u00eaque de Marseille, les cardinaux qui vont voter n&rsquo;acceptant pas vraiment ce type de pression sur le conclave !<\/p>\n","protected":false},"excerpt":{"rendered":"<p>Col\u00e8re de la presse italienne qui accuse Emmanuel Macron de vouloir influencer le conclave en faisant \u00e9lire l\u2019archev\u00eaque de Marseille, Jean-Marc Aveline. Ce sont nos confr\u00e8res du Parisien qui se sont plong\u00e9s dans la presse italienne en ce pont du 1er mai et ils ont d\u00e9couvert cette col\u00e8re qui gronde en Italie contre le pr\u00e9sident [&hellip;]<\/p>\n","protected":false},"author":2,"featured_media":34931,"comment_status":"open","ping_status":"open","sticky":false,"template":"","format":"standard","meta":{"_jetpack_memberships_contains_paid_content":false,"footnotes":"","jetpack_publicize_message":"","jetpack_publicize_feature_enabled":true,"jetpack_social_post_already_shared":true,"jetpack_social_options":{"image_generator_settings":{"template":"highway","enabled":true,"token":"eyJpbWciOiJodHRwczpcL1wvd3d3LmljZWFnZXR2LmNvbVwvcmFkaW9zaXRlXC93cC1jb250ZW50XC91cGxvYWRzXC8yMDI1XC8wNVwvSWI3d3JTTGQuanBnIiwidHh0IjoiTm91dmVhdSBQYXBlIDogQ29sXHUwMGU4cmUgZGUgbGEgcHJlc3NlIGl0YWxpZW5uZSBxdWkgYWNjdXNlIEVtbWFudWVsIE1hY3JvbiBkZSB2b3Vsb2lyIGluZmx1ZW5jZXIgbGUgY29uY2xhdmUgZW4gZmFpc2FudCBcdTAwZTlsaXJlIGxcdTIwMTlhcmNoZXZcdTAwZWFxdWUgZGUgTWFyc2VpbGxlLCBKZWFuLU1hcmMgQXZlbGluZSIsInRlbXBsYXRlIjoiaGlnaHdheSIsImJsb2dfaWQiOjExMTAxNjQ2MX0.-opW8yzkzTNKbyT4y-nrbU0-xOqghTkYSMzxUslzwAsMQ"},"version":2},"_wpas_customize_per_network":false},"categories":[405],"tags":[],"class_list":["post-34930","post","type-post","status-publish","format-standard","has-post-thumbnail","hentry","category-actu-france-monde"],"jetpack_publicize_connections":[],"jetpack_featured_media_url":"https:\/\/i0.wp.com\/www.iceagetv.com\/radiosite\/wp-content\/uploads\/2025\/05\/Ib7wrSLd.jpg?fit=679%2C293&ssl=1","jetpack_sharing_enabled":true,"_links":{"self":[{"href":"https:\/\/www.iceagetv.com\/radiosite\/wp-json\/wp\/v2\/posts\/34930","targetHints":{"allow":["GET"]}}],"collection":[{"href":"https:\/\/www.iceagetv.com\/radiosite\/wp-json\/wp\/v2\/posts"}],"about":[{"href":"https:\/\/www.iceagetv.com\/radiosite\/wp-json\/wp\/v2\/types\/post"}],"author":[{"embeddable":true,"href":"https:\/\/www.iceagetv.com\/radiosite\/wp-json\/wp\/v2\/users\/2"}],"replies":[{"embeddable":true,"href":"https:\/\/www.iceagetv.com\/radiosite\/wp-json\/wp\/v2\/comments?post=34930"}],"version-history":[{"count":1,"href":"https:\/\/www.iceagetv.com\/radiosite\/wp-json\/wp\/v2\/posts\/34930\/revisions"}],"predecessor-version":[{"id":34932,"href":"https:\/\/www.iceagetv.com\/radiosite\/wp-json\/wp\/v2\/posts\/34930\/revisions\/34932"}],"wp:featuredmedia":[{"embeddable":true,"href":"https:\/\/www.iceagetv.com\/radiosite\/wp-json\/wp\/v2\/media\/34931"}],"wp:attachment":[{"href":"https:\/\/www.iceagetv.com\/radiosite\/wp-json\/wp\/v2\/media?parent=34930"}],"wp:term":[{"taxonomy":"category","embeddable":true,"href":"https:\/\/www.iceagetv.com\/radiosite\/wp-json\/wp\/v2\/categories?post=34930"},{"taxonomy":"post_tag","embeddable":true,"href":"https:\/\/www.iceagetv.com\/radiosite\/wp-json\/wp\/v2\/tags?post=34930"}],"curies":[{"name":"wp","href":"https:\/\/api.w.org\/{rel}","templated":true}]}}