{"id":34970,"date":"2025-05-05T17:23:39","date_gmt":"2025-05-05T15:23:39","guid":{"rendered":"https:\/\/www.iceagetv.com\/radiosite\/?p=34970"},"modified":"2025-05-05T17:23:43","modified_gmt":"2025-05-05T15:23:43","slug":"disparition-de-la-joggueuse-dans-la-vienne-le-corps-dagathe-28-ans-a-ete-retrouve-hier-par-un-promeneur-annonce-le-procureur","status":"publish","type":"post","link":"https:\/\/www.iceagetv.com\/radiosite\/disparition-de-la-joggueuse-dans-la-vienne-le-corps-dagathe-28-ans-a-ete-retrouve-hier-par-un-promeneur-annonce-le-procureur\/","title":{"rendered":"\u00a0Disparition de la joggueuse dans la Vienne : Le corps d&rsquo;Agathe 28 ans, a \u00e9t\u00e9 retrouv\u00e9 hier par un promeneur, annonce le procureur"},"content":{"rendered":"\n<p class=\"\">Le procureur Cyril Lacombe indique: \u00ab\u00a0Dans le cadre des investigations suite \u00e0 la disparition d&rsquo;Agathe HILAIRET, un corps a \u00e9t\u00e9 retrouv\u00e9 le dimanche 04 mai dernier au sud de la commune de&nbsp;Vivonne.\u00a0\u00bb<\/p>\n\n\n\n<p class=\"\">Et d&rsquo;ajouter: \u00ab\u00a0Il se trouvait dans un sous-bois en p\u00e9riph\u00e9rie des zones de recherches.\u00a0\u00bb<\/p>\n\n\n\n<p class=\"\">\u00ab\u00a0Les premi\u00e8res constatations effectu\u00e9es ont permis de confirmer qu&rsquo;il s&rsquo;agissait du corps d&rsquo;Agathe HILAIRET.\u00a0\u00bb, a-t-il pr\u00e9cis\u00e9.<\/p>\n\n\n\n<p class=\"\">Et de poursuivre: \u00ab\u00a0L&rsquo;autopsie r\u00e9alis\u00e9e ce jour n&rsquo;a pas permis de d\u00e9terminer, \u00e0 ce stade, les causes du d\u00e9c\u00e8s. Plusieurs analyses compl\u00e9mentaires sont en cours afin de poursuivre les investigations.\u00a0\u00bb<\/p>\n\n\n\n<p class=\"\">\u00ab\u00a0Tout \u00e9l\u00e9ment significatif fera l&rsquo;objet d&rsquo;un nouveau communiqu\u00e9 de presse.\u00a0\u00bb, indique le procureur.<\/p>\n\n\n\n<p class=\"\">Le dispositif op\u00e9rationnel mobilisant une centaine de gendarmes \u00e0 Vivonne (Vienne) pour retrouver une femme de 28 ans, disparue depuis une semaine, a \u00e9t\u00e9 \u00ab\u00a0lev\u00e9\u00a0\u00bb le 17 avril dernier, mettant fin aux recherches sur le terrain.<\/p>\n\n\n\n<p class=\"\">Un dernier ratissage avait \u00e9t\u00e9 effectu\u00e9 autour de cette petite commune situ\u00e9e \u00e0 20 km au sud de Poitiers, o\u00f9 la disparue pratiquait r\u00e9guli\u00e8rement la course \u00e0 pied.&nbsp;<\/p>\n\n\n\n<p class=\"\">Agathe Hilairet, 28 ans, n&rsquo;a plus donn\u00e9 signe de vie depuis qu&rsquo;elle a quitt\u00e9 jeudi dernier le domicile de ses parents \u00e0 Vivonne pour aller courir. Une information judiciaire pour \u00ab\u00a0enl\u00e8vement et s\u00e9questration\u00a0\u00bb avait \u00e9t\u00e9 ouverte par le parquet de Poitiers, afin de renforcer les moyens d&rsquo;investigation mis en \u0153uvre pour retrouver cette femme de fr\u00eale corpulence (1,65 m, 35 kg).&nbsp;<\/p>\n","protected":false},"excerpt":{"rendered":"<p>Le procureur Cyril Lacombe indique: \u00ab\u00a0Dans le cadre des investigations suite \u00e0 la disparition d&rsquo;Agathe HILAIRET, un corps a \u00e9t\u00e9 retrouv\u00e9 le dimanche 04 mai dernier au sud de la commune de&nbsp;Vivonne.\u00a0\u00bb Et d&rsquo;ajouter: \u00ab\u00a0Il se trouvait dans un sous-bois en p\u00e9riph\u00e9rie des zones de recherches.\u00a0\u00bb \u00ab\u00a0Les premi\u00e8res constatations effectu\u00e9es ont permis de confirmer qu&rsquo;il [&hellip;]<\/p>\n","protected":false},"author":2,"featured_media":34971,"comment_status":"open","ping_status":"open","sticky":false,"template":"","format":"standard","meta":{"_jetpack_memberships_contains_paid_content":false,"footnotes":"","jetpack_publicize_message":"","jetpack_publicize_feature_enabled":true,"jetpack_social_post_already_shared":true,"jetpack_social_options":{"image_generator_settings":{"template":"highway","enabled":true,"token":"eyJpbWciOiJodHRwczpcL1wvd3d3LmljZWFnZXR2LmNvbVwvcmFkaW9zaXRlXC93cC1jb250ZW50XC91cGxvYWRzXC8yMDI1XC8wNVwvNTRsMF9qNUguanBnIiwidHh0IjoiXHUwMGEwRGlzcGFyaXRpb24gZGUgbGEgam9nZ3VldXNlIGRhbnMgbGEgVmllbm5lIDogTGUgY29ycHMgZCYjODIxNztBZ2F0aGUgMjggYW5zLCBhIFx1MDBlOXRcdTAwZTkgcmV0cm91dlx1MDBlOSBoaWVyIHBhciB1biBwcm9tZW5ldXIsIGFubm9uY2UgbGUgcHJvY3VyZXVyIiwidGVtcGxhdGUiOiJoaWdod2F5IiwiYmxvZ19pZCI6MTExMDE2NDYxfQ.aAeqfI_zqgIHS6_coOJVcq-MdKh1WtCCpRuL7-oK8nMMQ"},"version":2},"_wpas_customize_per_network":false},"categories":[405],"tags":[],"class_list":["post-34970","post","type-post","status-publish","format-standard","has-post-thumbnail","hentry","category-actu-france-monde"],"jetpack_publicize_connections":[],"jetpack_featured_media_url":"https:\/\/i0.wp.com\/www.iceagetv.com\/radiosite\/wp-content\/uploads\/2025\/05\/54l0_j5H.jpg?fit=679%2C293&ssl=1","jetpack_sharing_enabled":true,"_links":{"self":[{"href":"https:\/\/www.iceagetv.com\/radiosite\/wp-json\/wp\/v2\/posts\/34970","targetHints":{"allow":["GET"]}}],"collection":[{"href":"https:\/\/www.iceagetv.com\/radiosite\/wp-json\/wp\/v2\/posts"}],"about":[{"href":"https:\/\/www.iceagetv.com\/radiosite\/wp-json\/wp\/v2\/types\/post"}],"author":[{"embeddable":true,"href":"https:\/\/www.iceagetv.com\/radiosite\/wp-json\/wp\/v2\/users\/2"}],"replies":[{"embeddable":true,"href":"https:\/\/www.iceagetv.com\/radiosite\/wp-json\/wp\/v2\/comments?post=34970"}],"version-history":[{"count":1,"href":"https:\/\/www.iceagetv.com\/radiosite\/wp-json\/wp\/v2\/posts\/34970\/revisions"}],"predecessor-version":[{"id":34972,"href":"https:\/\/www.iceagetv.com\/radiosite\/wp-json\/wp\/v2\/posts\/34970\/revisions\/34972"}],"wp:featuredmedia":[{"embeddable":true,"href":"https:\/\/www.iceagetv.com\/radiosite\/wp-json\/wp\/v2\/media\/34971"}],"wp:attachment":[{"href":"https:\/\/www.iceagetv.com\/radiosite\/wp-json\/wp\/v2\/media?parent=34970"}],"wp:term":[{"taxonomy":"category","embeddable":true,"href":"https:\/\/www.iceagetv.com\/radiosite\/wp-json\/wp\/v2\/categories?post=34970"},{"taxonomy":"post_tag","embeddable":true,"href":"https:\/\/www.iceagetv.com\/radiosite\/wp-json\/wp\/v2\/tags?post=34970"}],"curies":[{"name":"wp","href":"https:\/\/api.w.org\/{rel}","templated":true}]}}