{"id":35002,"date":"2025-05-07T08:36:36","date_gmt":"2025-05-07T06:36:36","guid":{"rendered":"https:\/\/www.iceagetv.com\/radiosite\/?p=35002"},"modified":"2025-05-07T08:36:39","modified_gmt":"2025-05-07T06:36:39","slug":"voici-minute-par-minute-comment-va-se-derouler-le-conclave-de-ce-matin-10h-avec-la-premiere-messe-jusqua-lapparition-du-nouveau-pape-depuis-la-loggia-de-la-basilique-saint-pierre","status":"publish","type":"post","link":"https:\/\/www.iceagetv.com\/radiosite\/voici-minute-par-minute-comment-va-se-derouler-le-conclave-de-ce-matin-10h-avec-la-premiere-messe-jusqua-lapparition-du-nouveau-pape-depuis-la-loggia-de-la-basilique-saint-pierre\/","title":{"rendered":"Voici minute par minute comment va se d\u00e9rouler le conclave, de ce matin 10h avec la premi\u00e8re messe jusqu&rsquo;\u00e0 l&rsquo;apparition du nouveau pape depuis la loggia de la basilique Saint-Pierre"},"content":{"rendered":"\n<p class=\"\">La journ\u00e9e du conclave commencera dans la matin\u00e9e&nbsp; \u00e0 10h00, par une messe c\u00e9l\u00e9br\u00e9e dans la basilique Saint-Pierre intitul\u00e9e Pro Eligendo Romano Pontefice (\u00ab pour l\u2019\u00e9lection du pontife romain \u00bb), pr\u00e9sid\u00e9e par le doyen du Coll\u00e8ge cardinalice, le cardinal italien Giovanni Battista Re. Mais ce n\u2019est que l\u2019apr\u00e8s-midi de mercredi que les cardinaux \u00e9lecteurs entreront en conclave \u00e0 proprement parler.&nbsp;<\/p>\n\n\n\n<p class=\"\">Gendarmerie et Garde suisse montent la garde aux entr\u00e9es du Vatican qui ont \u00e9t\u00e9 ferm\u00e9es. On entre dans un protocole extr\u00eamement ritualis\u00e9, o\u00f9 chaque geste a son sens. Les 133 cardinaux \u00e9lecteurs auront d\u2019abord rendez-vous \u00e0 16h15 pour un moment de pri\u00e8re dans la chapelle Pauline du palais apostolique, situ\u00e9e \u00e0 quelques m\u00e8tres de la chapelle Sixtine.<\/p>\n\n\n\n<p class=\"\">Depuis la veille, ils logent tous \u00e0 la maison Sainte-Marthe, o\u00f9 vivait le pape Fran\u00e7ois, sans possibilit\u00e9 d\u2019interactions avec l\u2019ext\u00e9rieur.<\/p>\n\n\n\n<p class=\"\">Apr\u00e8s la pri\u00e8re, les cardinaux se mettront alors en procession pour rejoindre la chapelle Sixtine, alors que sera chant\u00e9e la litanie des saints. Une fois entr\u00e9s dans la c\u00e9l\u00e8bre chapelle, les cardinaux s\u2019inclineront devant l\u2019autel situ\u00e9 au fond de la chapelle, sous la majestueuse fresque du Jugement dernier de Michel-Ange, puis s\u2019installeront \u00e0 la place qui leur a \u00e9t\u00e9 attribu\u00e9e. Le doyen du \u00ab Sacr\u00e9 Coll\u00e8ge \u00bb entonnera alors le Veni Creator Spiritus, un chant qui remonte au IXe si\u00e8cle et qui invoque l\u2019Esprit Saint afin qu\u2019il assiste les cardinaux dans leur choix.<\/p>\n\n\n\n<p class=\"\">Puis, chaque cardinal pr\u00eatera serment pour garantir le secret du vote, en posant la main sur l\u2019\u00c9vangile et en pronon\u00e7ant cette formule : \u00ab Que Dieu m&rsquo;y aide ainsi que ces saints \u00c9vangiles que je touche de ma main. \u00bb C\u2019est apr\u00e8s la prestation de serment que le ma\u00eetre des c\u00e9r\u00e9monies pontificales, Mgr Diego Ravelli, prononcera la c\u00e9l\u00e8bre formule latine \u00ab Extra omnes \u00bb (\u00ab Dehors tous ! \u00bb) et fermera les portes de la chapelle Sixtine. Les cardinaux seront d\u00e9sormais seuls entre eux, coup\u00e9s du monde. Le vote pourra alors commencer.<\/p>\n\n\n\n<p class=\"\">Chaque cardinal recevra un bulletin sur lequel sera imprim\u00e9 en latin la formule \u00ab Eligo in Summum Pontificem \u00bb (\u00ab J\u2019\u00e9lis comme souverain pontife \u00bb). Un espace est r\u00e9serv\u00e9 dans la partie inf\u00e9rieure du bulletin pour que chaque \u00e9lecteur y \u00e9crive un nom.<\/p>\n\n\n\n<p class=\"\">Chaque cardinal, apr\u00e8s avoir \u00e9crit son nom et pli\u00e9 le bulletin, le tiendra dans sa main sur\u00e9lev\u00e9e de mani\u00e8re \u00e0 \u00eatre visible, le portera dans l\u2019urne plac\u00e9e sur l&rsquo;autel, pr\u00e8s de laquelle se tiendront les scrutateurs, et prononcera la formule : \u00ab J&rsquo;appelle \u00e0 t\u00e9moin le Christ Seigneur, qui me jugera, que mon vote soit donn\u00e9 \u00e0 celui qui, selon Dieu, je pense qu&rsquo;il devrait \u00eatre \u00e9lu. \u00bb Trois scrutateurs seront tir\u00e9s au sort parmi les cardinaux pour effectuer le d\u00e9pouillement des bulletins. Le dernier piquera les bulletins pour les rassembler avec un fil. Si le vote ne d\u00e9gage pas de majorit\u00e9, ils seront br\u00fbl\u00e9s dans un des po\u00eales install\u00e9s dans la chapelle. Et une fum\u00e9e noire en sortira.<\/p>\n\n\n\n<p class=\"\">Quand au moins 89 voix se seront report\u00e9es sur un cardinal, les bulletins seront br\u00fbl\u00e9s \u00e0 la fin du dernier vote depuis un autre po\u00eale o\u00f9 des fumig\u00e8nes ont \u00e9t\u00e9 ajout\u00e9s, provoquant ainsi la c\u00e9l\u00e8bre fum\u00e9e blanche. Alors que la foule sera d\u00e9j\u00e0 mass\u00e9e place Saint-Pierre et attendra avec fr\u00e9n\u00e9sie de voir appara\u00eetre le nouveau pape, le rituel ne sera pas pour autant termin\u00e9 dans la chapelle Sixtine.<\/p>\n\n\n\n<p class=\"\">Seront ainsi appel\u00e9s le secr\u00e9taire du Coll\u00e8ge cardinalice \u2013 l\u2019archev\u00eaque br\u00e9silien Ilson de Jesus Montanari, qui n\u2019est pas cardinal \u2013, le ma\u00eetre des c\u00e9r\u00e9monies pontificales assist\u00e9 de deux c\u00e9r\u00e9moniaires. Le cardinal Parolin adressera deux questions au nouvel \u00e9lu : \u00ab Acceptes-tu l\u2019\u00e9lection canonique comme souverain pontife ? \u00bb et \u00ab sous quel nom veux-tu \u00eatre appel\u00e9 ? \u00bb<\/p>\n\n\n\n<p class=\"\">Le nouveau pape sera ensuite emmen\u00e9 dans la sacristie o\u00f9 il endossera l\u2019habit blanc, puis reviendra dans la chapelle pour s\u2019asseoir sur la chaire. Un extrait de l\u2019\u00c9vangile sera lu (\u00ab Tu es Pierre et sur cette pierre je b\u00e2tirai mon \u00c9glise \u00bb, Mt, 16 13-19) et le chant du Te Deum est entonn\u00e9.<\/p>\n\n\n\n<p class=\"\">Place d\u00e9sormais \u00e0 la premi\u00e8re apparition publique du nouveau chef de l\u2019\u00c9glise catholique. Depuis la loggia de la basilique Saint-Pierre, aux pieds de laquelle des milliers de fid\u00e8les seront mass\u00e9s, le cardinal protodiacre \u2013 le Fran\u00e7ais Dominique Mamberti depuis octobre 2024 \u2013 sera charg\u00e9 de prononcer la c\u00e9l\u00e8bre formule \u00ab Habemus papam \u00bb (\u00ab Nous avons un pape \u00bb) et le nom en latin choisi par le nouveau pontife. L\u2019\u00c9glise tiendra alors le 267e pape de son histoire.<\/p>\n","protected":false},"excerpt":{"rendered":"<p>La journ\u00e9e du conclave commencera dans la matin\u00e9e&nbsp; \u00e0 10h00, par une messe c\u00e9l\u00e9br\u00e9e dans la basilique Saint-Pierre intitul\u00e9e Pro Eligendo Romano Pontefice (\u00ab pour l\u2019\u00e9lection du pontife romain \u00bb), pr\u00e9sid\u00e9e par le doyen du Coll\u00e8ge cardinalice, le cardinal italien Giovanni Battista Re. Mais ce n\u2019est que l\u2019apr\u00e8s-midi de mercredi que les cardinaux \u00e9lecteurs entreront [&hellip;]<\/p>\n","protected":false},"author":2,"featured_media":35003,"comment_status":"open","ping_status":"open","sticky":false,"template":"","format":"standard","meta":{"_jetpack_memberships_contains_paid_content":false,"footnotes":"","jetpack_publicize_message":"","jetpack_publicize_feature_enabled":true,"jetpack_social_post_already_shared":true,"jetpack_social_options":{"image_generator_settings":{"template":"highway","enabled":true,"token":"eyJpbWciOiJodHRwczpcL1wvd3d3LmljZWFnZXR2LmNvbVwvcmFkaW9zaXRlXC93cC1jb250ZW50XC91cGxvYWRzXC8yMDI1XC8wNVwvZkIyZ1hxOEguanBnIiwidHh0IjoiVm9pY2kgbWludXRlIHBhciBtaW51dGUgY29tbWVudCB2YSBzZSBkXHUwMGU5cm91bGVyIGxlIGNvbmNsYXZlLCBkZSBjZSBtYXRpbiAxMGggYXZlYyBsYSBwcmVtaVx1MDBlOHJlIG1lc3NlIGp1c3F1JiM4MjE3O1x1MDBlMCBsJiM4MjE3O2FwcGFyaXRpb24gZHUgbm91dmVhdSBwYXBlIGRlcHVpcyBsYSBsb2dnaWEgZGUgbGEgYmFzaWxpcXVlIFNhaW50LVBpZXJyZSIsInRlbXBsYXRlIjoiaGlnaHdheSIsImJsb2dfaWQiOjExMTAxNjQ2MX0.BVXKx6Ivj44gqF19ASPE-leUNTazIAViVYm8KIwBIh0MQ"},"version":2},"_wpas_customize_per_network":false},"categories":[405],"tags":[],"class_list":["post-35002","post","type-post","status-publish","format-standard","has-post-thumbnail","hentry","category-actu-france-monde"],"jetpack_publicize_connections":[],"jetpack_featured_media_url":"https:\/\/i0.wp.com\/www.iceagetv.com\/radiosite\/wp-content\/uploads\/2025\/05\/fB2gXq8H.jpg?fit=679%2C293&ssl=1","jetpack_sharing_enabled":true,"_links":{"self":[{"href":"https:\/\/www.iceagetv.com\/radiosite\/wp-json\/wp\/v2\/posts\/35002","targetHints":{"allow":["GET"]}}],"collection":[{"href":"https:\/\/www.iceagetv.com\/radiosite\/wp-json\/wp\/v2\/posts"}],"about":[{"href":"https:\/\/www.iceagetv.com\/radiosite\/wp-json\/wp\/v2\/types\/post"}],"author":[{"embeddable":true,"href":"https:\/\/www.iceagetv.com\/radiosite\/wp-json\/wp\/v2\/users\/2"}],"replies":[{"embeddable":true,"href":"https:\/\/www.iceagetv.com\/radiosite\/wp-json\/wp\/v2\/comments?post=35002"}],"version-history":[{"count":1,"href":"https:\/\/www.iceagetv.com\/radiosite\/wp-json\/wp\/v2\/posts\/35002\/revisions"}],"predecessor-version":[{"id":35004,"href":"https:\/\/www.iceagetv.com\/radiosite\/wp-json\/wp\/v2\/posts\/35002\/revisions\/35004"}],"wp:featuredmedia":[{"embeddable":true,"href":"https:\/\/www.iceagetv.com\/radiosite\/wp-json\/wp\/v2\/media\/35003"}],"wp:attachment":[{"href":"https:\/\/www.iceagetv.com\/radiosite\/wp-json\/wp\/v2\/media?parent=35002"}],"wp:term":[{"taxonomy":"category","embeddable":true,"href":"https:\/\/www.iceagetv.com\/radiosite\/wp-json\/wp\/v2\/categories?post=35002"},{"taxonomy":"post_tag","embeddable":true,"href":"https:\/\/www.iceagetv.com\/radiosite\/wp-json\/wp\/v2\/tags?post=35002"}],"curies":[{"name":"wp","href":"https:\/\/api.w.org\/{rel}","templated":true}]}}