{"id":35040,"date":"2025-05-07T17:09:09","date_gmt":"2025-05-07T15:09:09","guid":{"rendered":"https:\/\/www.iceagetv.com\/radiosite\/?p=35040"},"modified":"2025-05-07T17:09:14","modified_gmt":"2025-05-07T15:09:14","slug":"perrier-vittel-contrex-hepar-les-prefets-ordonnent-a-nestle-le-retrait-des-filtres-interdits-de-toutes-ses-usines-francaises","status":"publish","type":"post","link":"https:\/\/www.iceagetv.com\/radiosite\/perrier-vittel-contrex-hepar-les-prefets-ordonnent-a-nestle-le-retrait-des-filtres-interdits-de-toutes-ses-usines-francaises\/","title":{"rendered":"Perrier, Vittel, Contrex, H\u00e9par : les pr\u00e9fets ordonnent \u00e0 Nestl\u00e9 le retrait des filtres interdits de toutes ses usines fran\u00e7aises"},"content":{"rendered":"\n<p class=\"\">D\u2019apr\u00e8s les informations de franceinfo, les pr\u00e9fectures des Vosges et du Gard, o\u00f9 sont produites les marques du groupe, ordonnent \u00e0 Nestl\u00e9 Waters le retrait sous deux mois des filtres interdits sur les sites de Vittel et de Verg\u00e8ze, o\u00f9 la production d\u2019eau min\u00e9rale naturelle est plus que jamais menac\u00e9e.Il aura fallu plus d\u2019un an, depuis\u00a0<a href=\"https:\/\/www.francetvinfo.fr\/enquetes-franceinfo\/enquete-franceinfo-plusieurs-producteurs-d-eau-en-bouteille-ont-filtre-illegalement-leur-eau-pour-masquer-une-contamination_6333046.html\">les premi\u00e8res r\u00e9v\u00e9lations de la cellule investigation de Radio France et du journal\u00a0<em>Le Monde<\/em><\/a>, pour que les autorit\u00e9s contraignent Nestl\u00e9 \u00e0 se conformer \u00e0 la loi. Apr\u00e8s un nouvel \u00e9pisode de contamination dans l\u2019usine, les hauts dirigeants de Nestl\u00e9 Waters, la filiale eau du g\u00e9ant suisse de l\u2019agroalimentaire, ont \u00e9t\u00e9 convoqu\u00e9s en fin d\u2019apr\u00e8s-midi par le pr\u00e9fet du Gard, J\u00e9r\u00f4me Bonet. Lors de ce rendez-vous, ce dernier a remis \u00e0 la directrice de Nestl\u00e9 Waters, Muriel Li\u00e9nau, une lettre de mise en demeure, ordonnant le retrait de l\u2019ensemble des\u00a0<a href=\"https:\/\/www.francetvinfo.fr\/enquetes-franceinfo\/enquete-franceinfo-eaux-minerales-naturelles-perrier-le-rapport-qui-accuse-le-groupe-nestle_6956990.html\">syst\u00e8mes de filtration interdits au sein de son usine de Verg\u00e8ze<\/a>, o\u00f9 est produite la c\u00e9l\u00e8bre marque Perrier.En effet, comme l\u2019avaient r\u00e9v\u00e9l\u00e9 Radio France et&nbsp;<em>Le Monde,<\/em>&nbsp;Nestl\u00e9 avait obtenu d\u00e9but 2023, de la part du gouvernement, une d\u00e9rogation pour conserver des filtres non conformes dans ses usines, malgr\u00e9 les alertes de l\u2019Agence de s\u00e9curit\u00e9 sanitaire, et du directeur g\u00e9n\u00e9ral de la sant\u00e9, J\u00e9r\u00f4me Salomon.<\/p>\n\n\n\n<h2 class=\"wp-block-heading\">Une eau contamin\u00e9e par des bact\u00e9ries et des pesticides<\/h2>\n\n\n\n<p class=\"\">Cette fois, plus question de tergiverser. Ni dans le Gard, ni dans les Vosges (Vittel, H\u00e9par, et Contrex), o\u00f9 un arr\u00eat\u00e9 pr\u00e9fectoral en date du 15 avril, ordonne \u00e9galement \u00e0 Nestl\u00e9 le retrait des filtres controvers\u00e9s de son usine de Vittel, et rejette toutes les demandes d\u00e9pos\u00e9es par Nestl\u00e9 d\u2019exploiter ses forages avec des syst\u00e8mes de microfiltration (filtres \u00e0 0,2 micron). Cet arr\u00eat\u00e9, que franceinfo a pu consulter, ne semble pas avoir \u00e9t\u00e9 publi\u00e9 au recueil des actes administratifs, comme la r\u00e9glementation l\u2019impose. D\u2019apr\u00e8s ce document, la multinationale avait quinze jours, c\u2019est-\u00e0-dire jusqu\u2019au 29 avril dernier, pour pr\u00e9senter un&nbsp;<em>\u00ab\u00a0plan d\u2019action\u00a0\u00bb<\/em>, pr\u00e9cisant les&nbsp;<em>\u00ab\u00a0mesures prises pour se mettre en conformit\u00e9 avec la r\u00e9glementation\u00a0\u00bb,&nbsp;<\/em>et&nbsp;<em>\u00ab\u00a0la mise en place d\u2019une surveillance renforc\u00e9e\u00a0\u00bb<\/em>&nbsp;de la qualit\u00e9 de l\u2019eau.<\/p>\n\n\n\n<p class=\"\">Car si la multinationale Nestl\u00e9 a install\u00e9 dans ses usines des proc\u00e9d\u00e9s de filtration, c\u2019est bien dans le but de purifier une eau r\u00e9guli\u00e8rement contamin\u00e9e, par des bact\u00e9ries et des pesticides. Dans sa mise en demeure, le pr\u00e9fet du Gard le confirme : les traitements mis en place ne sont pas r\u00e9glementaires, car ils&nbsp;<em>\u00ab\u00a0modifient les caract\u00e9ristiques microbiologiques de l\u2019eau, en contradiction avec la r\u00e9glementation\u00a0\u00bb.<\/em>&nbsp;Ce que confirme \u00e9galement la pr\u00e9fecture des Vosges dans son arr\u00eat\u00e9. Les microfiltres en place dans les usines Nestl\u00e9 ont bel et bien un effet d\u00e9sinfectant, ce qui est totalement interdit, l\u2019eau min\u00e9rale naturelle devant \u00eatre&nbsp;<em>\u00ab\u00a0pure \u00e0 la source\u00a0\u00bb.<\/em>&nbsp;Lors de son audition par la commission d\u2019enqu\u00eate du S\u00e9nat, la patronne de Nestl\u00e9 Waters avait pourtant affirm\u00e9 :&nbsp;<em>\u00ab\u00a0Nulle part en Europe nous n&rsquo;utilisons de traitements non conformes\u00a0\u00bb.<\/em><\/p>\n\n\n\n<h2 class=\"wp-block-heading\">Deux mois pour se mettre en conformit\u00e9<\/h2>\n\n\n\n<p class=\"\">Quid d\u00e9sormais de la production d\u2019eau min\u00e9rale naturelle dans les usines du groupe Nestl\u00e9, et des bouteilles encore en rayon ? Dans un rapport r\u00e9cent, que franceinfo s\u2019est procur\u00e9, des hydrog\u00e9ologues agr\u00e9\u00e9s par le minist\u00e8re de la Sant\u00e9 ont rendu un avis sanitaire n\u00e9gatif concernant la production d\u2019eau min\u00e9rale sur le site de Perrier. Dans la foul\u00e9e, le directeur de l\u2019Agence r\u00e9gionale de sant\u00e9 du Gard a, selon nos informations, demand\u00e9 \u00e0 la pr\u00e9fecture la fin de la production d\u2019eau min\u00e9rale naturelle sur le site. Dans sa mise en demeure, le pr\u00e9fet ne se prononce pas sur&nbsp;<a href=\"https:\/\/www.francetvinfo.fr\/environnement\/pollution\/qualite-de-l-eau\/info-franceinfo-nouvelles-contaminations-dans-l-usine-perrier-les-autorites-sanitaires-preconisent-le-retrait-du-label-eau-minerale-naturelle_7195530.html\">la qualification d&rsquo;eau min\u00e9rale naturelle<\/a>, mais dans un communiqu\u00e9, la pr\u00e9fecture indique qu&rsquo;une d\u00e9cision serait prise avant le 7 ao\u00fbt prochain, apr\u00e8s avoir recueilli l&rsquo;avis du Conseil d\u00e9partemental de l&rsquo;environnement et des risques sanitaires et technologiques (CoDERST).<\/p>\n\n\n\n<p class=\"\">Dans les Vosges comme dans le Gard, Nestl\u00e9 a deux mois pour se mettre en conformit\u00e9 avec les d\u00e9cisions des pr\u00e9fets. D\u00e9cisions qui interviennent apr\u00e8s les derni\u00e8res r\u00e9v\u00e9lations de Radio France sur plusieurs nouveaux \u00e9pisodes de&nbsp;<em>\u00ab\u00a0non-conformit\u00e9\u00a0\u00bb&nbsp;<\/em>sur le site de Verg\u00e8ze, des bact\u00e9ries ayant \u00e9t\u00e9 d\u00e9couvertes dans des centaines de milliers de bouteilles, bloqu\u00e9es dans l\u2019usine, mais aussi dans les forages, et sur les lignes d\u2019embouteillages.<\/p>\n\n\n\n<p class=\"\">Contact\u00e9e, l\u2019entreprise Nestl\u00e9 n\u2019\u00e9tait pas pour le moment en mesure de r\u00e9pondre \u00e0 nos questions.<\/p>\n","protected":false},"excerpt":{"rendered":"<p>D\u2019apr\u00e8s les informations de franceinfo, les pr\u00e9fectures des Vosges et du Gard, o\u00f9 sont produites les marques du groupe, ordonnent \u00e0 Nestl\u00e9 Waters le retrait sous deux mois des filtres interdits sur les sites de Vittel et de Verg\u00e8ze, o\u00f9 la production d\u2019eau min\u00e9rale naturelle est plus que jamais menac\u00e9e.Il aura fallu plus d\u2019un an, [&hellip;]<\/p>\n","protected":false},"author":2,"featured_media":35041,"comment_status":"open","ping_status":"open","sticky":false,"template":"","format":"standard","meta":{"_jetpack_memberships_contains_paid_content":false,"footnotes":"","jetpack_publicize_message":"","jetpack_publicize_feature_enabled":true,"jetpack_social_post_already_shared":true,"jetpack_social_options":{"image_generator_settings":{"template":"highway","enabled":true,"token":"eyJpbWciOiJodHRwczpcL1wvd3d3LmljZWFnZXR2LmNvbVwvcmFkaW9zaXRlXC93cC1jb250ZW50XC91cGxvYWRzXC8yMDI1XC8wNVwvMDAwLWFwcDIwMDEwNTE4NDkwNzQtMTc0NjYyOTgwNjI5MS5qcGciLCJ0eHQiOiJQZXJyaWVyLCBWaXR0ZWwsIENvbnRyZXgsIEhcdTAwZTlwYXIgOiBsZXMgcHJcdTAwZTlmZXRzIG9yZG9ubmVudCBcdTAwZTAgTmVzdGxcdTAwZTkgbGUgcmV0cmFpdCBkZXMgZmlsdHJlcyBpbnRlcmRpdHMgZGUgdG91dGVzIHNlcyB1c2luZXMgZnJhblx1MDBlN2Fpc2VzIiwidGVtcGxhdGUiOiJoaWdod2F5IiwiYmxvZ19pZCI6MTExMDE2NDYxfQ.Mb6SpscIQDkwI4RekT-aVWDQSYNlPOoVstYJNshkV9wMQ"},"version":2},"_wpas_customize_per_network":false},"categories":[405],"tags":[],"class_list":["post-35040","post","type-post","status-publish","format-standard","has-post-thumbnail","hentry","category-actu-france-monde"],"jetpack_publicize_connections":[],"jetpack_featured_media_url":"https:\/\/i0.wp.com\/www.iceagetv.com\/radiosite\/wp-content\/uploads\/2025\/05\/000-app2001051849074-1746629806291.jpg?fit=640%2C391&ssl=1","jetpack_sharing_enabled":true,"_links":{"self":[{"href":"https:\/\/www.iceagetv.com\/radiosite\/wp-json\/wp\/v2\/posts\/35040","targetHints":{"allow":["GET"]}}],"collection":[{"href":"https:\/\/www.iceagetv.com\/radiosite\/wp-json\/wp\/v2\/posts"}],"about":[{"href":"https:\/\/www.iceagetv.com\/radiosite\/wp-json\/wp\/v2\/types\/post"}],"author":[{"embeddable":true,"href":"https:\/\/www.iceagetv.com\/radiosite\/wp-json\/wp\/v2\/users\/2"}],"replies":[{"embeddable":true,"href":"https:\/\/www.iceagetv.com\/radiosite\/wp-json\/wp\/v2\/comments?post=35040"}],"version-history":[{"count":1,"href":"https:\/\/www.iceagetv.com\/radiosite\/wp-json\/wp\/v2\/posts\/35040\/revisions"}],"predecessor-version":[{"id":35042,"href":"https:\/\/www.iceagetv.com\/radiosite\/wp-json\/wp\/v2\/posts\/35040\/revisions\/35042"}],"wp:featuredmedia":[{"embeddable":true,"href":"https:\/\/www.iceagetv.com\/radiosite\/wp-json\/wp\/v2\/media\/35041"}],"wp:attachment":[{"href":"https:\/\/www.iceagetv.com\/radiosite\/wp-json\/wp\/v2\/media?parent=35040"}],"wp:term":[{"taxonomy":"category","embeddable":true,"href":"https:\/\/www.iceagetv.com\/radiosite\/wp-json\/wp\/v2\/categories?post=35040"},{"taxonomy":"post_tag","embeddable":true,"href":"https:\/\/www.iceagetv.com\/radiosite\/wp-json\/wp\/v2\/tags?post=35040"}],"curies":[{"name":"wp","href":"https:\/\/api.w.org\/{rel}","templated":true}]}}