{"id":35049,"date":"2025-05-08T10:47:04","date_gmt":"2025-05-08T08:47:04","guid":{"rendered":"https:\/\/www.iceagetv.com\/radiosite\/?p=35049"},"modified":"2025-05-08T10:47:07","modified_gmt":"2025-05-08T08:47:07","slug":"le-concorde-classe-au-titre-des-monuments-historiques-par-rachida-dati","status":"publish","type":"post","link":"https:\/\/www.iceagetv.com\/radiosite\/le-concorde-classe-au-titre-des-monuments-historiques-par-rachida-dati\/","title":{"rendered":"Le Concorde class\u00e9 au titre des Monuments historiques par Rachida Dati"},"content":{"rendered":"\n<p class=\"\">6&nbsp;d\u00e9cembre 1973. Le&nbsp;<a href=\"https:\/\/www.20minutes.fr\/dossier\/concorde\">Concorde<\/a>&nbsp;N1, l\u2019un des deux premiers exemplaires de l\u2019avion \u00e0 r\u00e9action destin\u00e9 a obtenir son certificat de navigabilit\u00e9, effectuait son premier vol.<\/p>\n\n\n\n<p class=\"\">5&nbsp;mai 2025, soit 52 ans plus tard&nbsp;: l\u2019avion pionnier des vols supersoniques et l\u2019ensemble de ses \u00e9quipements, sont class\u00e9s au titre des monuments historiques par la ministre de la Culture, Rachida Dati.<\/p>\n\n\n\n<p class=\"\">Le N1 int\u00e8gre d\u00e9sormais le patrimoine fran\u00e7ais.Un appareil conserv\u00e9 \u00e0 Blagnac<\/p>\n\n\n\n<p class=\"\">Nom de code \u00ab&nbsp;Sierra Bravo&nbsp;\u00bb. Immatriculation&nbsp;: F-WTSB. Le Concorde n\u00b0&nbsp;1 est d\u00e9sormais class\u00e9 au titre des monuments historiques. La ministre de la culture Rachida Dati l\u2019a annonc\u00e9 ce lundi 5&nbsp;mai. Ce classement souligne l\u2019important qu\u2019e\u00fbt cet avion dans l\u2019histoire de l\u2019a\u00e9ronautique fran\u00e7aise.<\/p>\n\n\n\n<p class=\"\">L\u2019<a href=\"https:\/\/www.20minutes.fr\/societe\/diaporama-4039216-images-vingt-ans-concorde-volait-derniere-fois\">appareil<\/a>&nbsp;qui est conserv\u00e9 et expos\u00e9 sur le site d\u2019<a href=\"https:\/\/www.aeroscopia.fr\/\" rel=\"noreferrer noopener\" target=\"_blank\">Aeroscopia<\/a>&nbsp;de&nbsp;<a href=\"https:\/\/www.20minutes.fr\/france\/184213-20070928-concorde-vendu-mille-morceaux\">Blagnac<\/a>&nbsp;(Haute-Garonne) depuis&nbsp;2014, est actuellement la propri\u00e9t\u00e9 de l\u2019Acad\u00e9mie de l\u2019air et de l\u2019espace, association fond\u00e9e par&nbsp;<a href=\"https:\/\/www.20minutes.fr\/marseille\/1759739-20160105-andre-turcat-premier-pilote-concorde-decede\">Andr\u00e9 Turcat<\/a>&nbsp;(d\u00e9c\u00e9d\u00e9 en 2016), qui fut le premier pilote d\u2019essai du Concorde.<\/p>\n\n\n\n<h2 class=\"wp-block-heading\">Jusqu\u2019\u00e0 2.172 km\/h<\/h2>\n\n\n\n<p class=\"\">Le supersonique, qui pouvait voler \u00e0 Mach 2,02 (soit environ 2.172\u00a0km\/h) et transporter une centaine de passagers \u00e0 une altitude situ\u00e9e entre 16.000 et 18.000 m\u00e8tres, effectua son dernier vol le 26\u00a0mai 1982. Plus long de 10 m\u00e8tres que les prototypes qui l\u2019avaient pr\u00e9c\u00e9d\u00e9 (62 m\u00e8tres, contre 52 m\u00e8tres), il est l\u2019un des deux mod\u00e8les qui ont permis l\u2019homologation du Concorde, ouvrant la voie \u00e0 son exploitation commerciale par Air France et British Airways en\u00a01976. Ainsi \u00e9tait-il identique aux appareils de s\u00e9rie dont 14 furent exploit\u00e9s commercialement avant le crash du 25\u00a0juillet 2000 du vol Air France 4590 reliant Paris \u00e0 New York ne sonne le glas de l\u2019aventure supersonique commerciale, le dernier vol du Concorde ayant \u00e9t\u00e9 op\u00e9r\u00e9 le 26\u00a0novembre 2003.Sur les vingt Concorde qui furent construits entre\u00a01967 et\u00a01979, dix-huit sont actuellement pr\u00e9serv\u00e9s dans diff\u00e9rents mus\u00e9es du monde. Le mus\u00e9e Aeroscopia de Blagnac en poss\u00e8de deux, le fleuron Concorde N1, d\u00e9sormais class\u00e9, mais aussi l\u2019appareil immatricul\u00e9 F-BVFC qui fut l\u2019appareil supersonique qui effectua le dernier vol au-dessus de Toulouse.<\/p>\n","protected":false},"excerpt":{"rendered":"<p>6&nbsp;d\u00e9cembre 1973. Le&nbsp;Concorde&nbsp;N1, l\u2019un des deux premiers exemplaires de l\u2019avion \u00e0 r\u00e9action destin\u00e9 a obtenir son certificat de navigabilit\u00e9, effectuait son premier vol. 5&nbsp;mai 2025, soit 52 ans plus tard&nbsp;: l\u2019avion pionnier des vols supersoniques et l\u2019ensemble de ses \u00e9quipements, sont class\u00e9s au titre des monuments historiques par la ministre de la Culture, Rachida Dati. [&hellip;]<\/p>\n","protected":false},"author":2,"featured_media":35050,"comment_status":"open","ping_status":"open","sticky":false,"template":"","format":"standard","meta":{"_jetpack_memberships_contains_paid_content":false,"footnotes":"","jetpack_publicize_message":"","jetpack_publicize_feature_enabled":true,"jetpack_social_post_already_shared":true,"jetpack_social_options":{"image_generator_settings":{"template":"highway","enabled":true,"token":"eyJpbWciOiJodHRwczpcL1wvd3d3LmljZWFnZXR2LmNvbVwvcmFkaW9zaXRlXC93cC1jb250ZW50XC91cGxvYWRzXC8yMDI1XC8wNVwvTGUtQ29uY29yZGUtY2xhc3NlLWF1LXRpdHJlLWRlcy1Nb251bWVudHMtaGlzdG9yaXF1ZXMtcGFyLVJhY2hpZGEtRGF0aS5qcGciLCJ0eHQiOiJMZSBDb25jb3JkZSBjbGFzc1x1MDBlOSBhdSB0aXRyZSBkZXMgTW9udW1lbnRzIGhpc3RvcmlxdWVzIHBhciBSYWNoaWRhIERhdGkiLCJ0ZW1wbGF0ZSI6ImhpZ2h3YXkiLCJibG9nX2lkIjoxMTEwMTY0NjF9.yW5mSL4YKNDchkQ53eFLuahQTWF322_carpK0RwknUMMQ"},"version":2},"_wpas_customize_per_network":false},"categories":[405],"tags":[],"class_list":["post-35049","post","type-post","status-publish","format-standard","has-post-thumbnail","hentry","category-actu-france-monde"],"jetpack_publicize_connections":[],"jetpack_featured_media_url":"https:\/\/i0.wp.com\/www.iceagetv.com\/radiosite\/wp-content\/uploads\/2025\/05\/Le-Concorde-classe-au-titre-des-Monuments-historiques-par-Rachida-Dati.jpg?fit=751%2C385&ssl=1","jetpack_sharing_enabled":true,"_links":{"self":[{"href":"https:\/\/www.iceagetv.com\/radiosite\/wp-json\/wp\/v2\/posts\/35049","targetHints":{"allow":["GET"]}}],"collection":[{"href":"https:\/\/www.iceagetv.com\/radiosite\/wp-json\/wp\/v2\/posts"}],"about":[{"href":"https:\/\/www.iceagetv.com\/radiosite\/wp-json\/wp\/v2\/types\/post"}],"author":[{"embeddable":true,"href":"https:\/\/www.iceagetv.com\/radiosite\/wp-json\/wp\/v2\/users\/2"}],"replies":[{"embeddable":true,"href":"https:\/\/www.iceagetv.com\/radiosite\/wp-json\/wp\/v2\/comments?post=35049"}],"version-history":[{"count":1,"href":"https:\/\/www.iceagetv.com\/radiosite\/wp-json\/wp\/v2\/posts\/35049\/revisions"}],"predecessor-version":[{"id":35051,"href":"https:\/\/www.iceagetv.com\/radiosite\/wp-json\/wp\/v2\/posts\/35049\/revisions\/35051"}],"wp:featuredmedia":[{"embeddable":true,"href":"https:\/\/www.iceagetv.com\/radiosite\/wp-json\/wp\/v2\/media\/35050"}],"wp:attachment":[{"href":"https:\/\/www.iceagetv.com\/radiosite\/wp-json\/wp\/v2\/media?parent=35049"}],"wp:term":[{"taxonomy":"category","embeddable":true,"href":"https:\/\/www.iceagetv.com\/radiosite\/wp-json\/wp\/v2\/categories?post=35049"},{"taxonomy":"post_tag","embeddable":true,"href":"https:\/\/www.iceagetv.com\/radiosite\/wp-json\/wp\/v2\/tags?post=35049"}],"curies":[{"name":"wp","href":"https:\/\/api.w.org\/{rel}","templated":true}]}}