{"id":35065,"date":"2025-05-17T13:27:13","date_gmt":"2025-05-17T11:27:13","guid":{"rendered":"https:\/\/www.iceagetv.com\/radiosite\/?p=35065"},"modified":"2025-05-17T13:27:16","modified_gmt":"2025-05-17T11:27:16","slug":"le-rappeur-werenoi-plus-gros-vendeur-de-disques-en-france-ces-deux-dernieres-annees-est-decede-a-31-ans-dans-des-circonstances-qui-restent-floues","status":"publish","type":"post","link":"https:\/\/www.iceagetv.com\/radiosite\/le-rappeur-werenoi-plus-gros-vendeur-de-disques-en-france-ces-deux-dernieres-annees-est-decede-a-31-ans-dans-des-circonstances-qui-restent-floues\/","title":{"rendered":"Le rappeur Werenoi, plus gros vendeur de disques en France ces deux derni\u00e8res ann\u00e9es, est d\u00e9c\u00e9d\u00e9 \u00e0 31 ans, dans des circonstances qui restent floues"},"content":{"rendered":"\n<p class=\"\">Le rappeur Werenoi, plus gros vendeur de disques en France ces deux derni\u00e8res ann\u00e9es, est d\u00e9c\u00e9d\u00e9 \u00e0 31 ans, a-t-on appris ce samedi 17 mai. Des rumeurs sur sa sant\u00e9 circulaient depuis vendredi, \u00e9voquant le fait qu\u2019il \u00e9tait plong\u00e9 dans le coma. La veille, son absence \u00e0 un showcase avait alarm\u00e9 les fans.<\/p>\n\n\n\n<p class=\"\">L\u2018information a \u00e9t\u00e9 confirm\u00e9e par son producteur sur le r\u00e9seau X, et relay\u00e9e par sa maison de disque.<\/p>\n\n\n\n<p class=\"\">Les circonstances du d\u00e9c\u00e8s ne sont pour l\u2019heure pas connues.<\/p>\n\n\n\n<p class=\"\">Il avait \u00e9t\u00e9 num\u00e9ro 1 des ventes en 2023 pour son album \u00ab Carr\u00e9 \u00bb, puis en 2024 pour son opus \u00ab Pyramide \u00bb devan\u00e7ant des artistes comme Indochine, Billie Eilish, Pierre Garnier, Jul ou Zaho de Sagazan. \u00ab Diamant noir \u00bb, son dernier en date sorti en avril dernier, avait directement d\u00e9coll\u00e9 \u00e0 la premi\u00e8re place du top albums hebdomadaire.<\/p>\n\n\n\n<p class=\"\">V\u00e9ritable ph\u00e9nom\u00e8ne du rap fran\u00e7ais, Werenoi s\u2019est impos\u00e9 en quelques ann\u00e9es comme une figure incontournable de la sc\u00e8ne urbaine. Originaire de Montreuil en Seine-Saint-Denis, l\u2019artiste fascine autant par sa voix rauque, son univers sombre et m\u00e9lodique, que par son extr\u00eame discr\u00e9tion m\u00e9diatique.<\/p>\n\n\n\n<p class=\"\">Ses titres cumulent des millions de vues, et son identit\u00e9 bien marqu\u00e9e s\u00e9duit un large public, entre passionn\u00e9s de rap et amateurs de m\u00e9lodies efficaces.<\/p>\n\n\n\n<p class=\"\">N\u00e9 au milieu des ann\u00e9es 1990, Werenoi grandit \u00e0 Montreuil, en banlieue parisienne, dans un environnement marqu\u00e9 par la diversit\u00e9 culturelle et les difficult\u00e9s sociales. Tr\u00e8s peu d\u2019informations filtrent sur son enfance, tant l\u2019artiste tient \u00e0 pr\u00e9server sa vie personnelle.<\/p>\n\n\n\n<p class=\"\">Toutefois, ses textes \u00e9voquent souvent les r\u00e9alit\u00e9s de la rue, les gal\u00e8res, et l\u2019importance des valeurs comme la loyaut\u00e9, l\u2019honneur et la famille, sugg\u00e9rant un pass\u00e9 fa\u00e7onn\u00e9 par un quotidien rude mais formateur. Werenoi commence \u00e0 se faire remarquer dans le rap fran\u00e7ais vers 2020, avec une s\u00e9rie de freestyles percutants, dont \u00ab Freestyle LVL UP \u00bb qui attire l\u2019attention des amateurs de rap street.<\/p>\n\n\n\n<p class=\"\">En 2022, il frappe fort avec son titre \u00ab La fuite \u00bb, rapidement viral.<\/p>\n\n\n\n<p class=\"\">La m\u00eame ann\u00e9e, il sort son premier projet \u00ab Telegram \u00bb, confirmant son talent et son style \u00e0 part.<\/p>\n\n\n\n<p class=\"\">Sa collaboration avec Ninho sur le hit \u00ab Ciao \u00bb en 2023 marque un tournant : il passe du statut de rookie \u00e0 celui de star montante.<\/p>\n\n\n\n<p class=\"\">En 2024, il sort son premier album studio \u00ab Carr\u00e9 \u00bb, acclam\u00e9 pour sa coh\u00e9rence et ses morceaux puissants comme \u00ab Ensemble \u00bb ou \u00ab Spaghetti \u00bb (feat. PLK).<\/p>\n","protected":false},"excerpt":{"rendered":"<p>Le rappeur Werenoi, plus gros vendeur de disques en France ces deux derni\u00e8res ann\u00e9es, est d\u00e9c\u00e9d\u00e9 \u00e0 31 ans, a-t-on appris ce samedi 17 mai. Des rumeurs sur sa sant\u00e9 circulaient depuis vendredi, \u00e9voquant le fait qu\u2019il \u00e9tait plong\u00e9 dans le coma. La veille, son absence \u00e0 un showcase avait alarm\u00e9 les fans. L\u2018information a [&hellip;]<\/p>\n","protected":false},"author":2,"featured_media":35066,"comment_status":"open","ping_status":"open","sticky":false,"template":"","format":"standard","meta":{"_jetpack_memberships_contains_paid_content":false,"footnotes":"","jetpack_publicize_message":"","jetpack_publicize_feature_enabled":true,"jetpack_social_post_already_shared":true,"jetpack_social_options":{"image_generator_settings":{"template":"highway","enabled":true,"token":"eyJpbWciOiJodHRwczpcL1wvd3d3LmljZWFnZXR2LmNvbVwvcmFkaW9zaXRlXC93cC1jb250ZW50XC91cGxvYWRzXC8yMDI1XC8wNVwvb05qaWEyRVAuanBnIiwidHh0IjoiTGUgcmFwcGV1ciBXZXJlbm9pLCBwbHVzIGdyb3MgdmVuZGV1ciBkZSBkaXNxdWVzIGVuIEZyYW5jZSBjZXMgZGV1eCBkZXJuaVx1MDBlOHJlcyBhbm5cdTAwZTllcywgZXN0IGRcdTAwZTljXHUwMGU5ZFx1MDBlOSBcdTAwZTAgMzEgYW5zLCBkYW5zIGRlcyBjaXJjb25zdGFuY2VzIHF1aSByZXN0ZW50IGZsb3VlcyIsInRlbXBsYXRlIjoiaGlnaHdheSIsImJsb2dfaWQiOjExMTAxNjQ2MX0.cfURwNNKWeV5Gpm4K0ETZjobKlzDXG1XeeeY-ntNEz8MQ"},"version":2},"_wpas_customize_per_network":false},"categories":[68],"tags":[],"class_list":["post-35065","post","type-post","status-publish","format-standard","has-post-thumbnail","hentry","category-actu-culturelle"],"jetpack_publicize_connections":[],"jetpack_featured_media_url":"https:\/\/i0.wp.com\/www.iceagetv.com\/radiosite\/wp-content\/uploads\/2025\/05\/oNjia2EP.jpg?fit=679%2C293&ssl=1","jetpack_sharing_enabled":true,"_links":{"self":[{"href":"https:\/\/www.iceagetv.com\/radiosite\/wp-json\/wp\/v2\/posts\/35065","targetHints":{"allow":["GET"]}}],"collection":[{"href":"https:\/\/www.iceagetv.com\/radiosite\/wp-json\/wp\/v2\/posts"}],"about":[{"href":"https:\/\/www.iceagetv.com\/radiosite\/wp-json\/wp\/v2\/types\/post"}],"author":[{"embeddable":true,"href":"https:\/\/www.iceagetv.com\/radiosite\/wp-json\/wp\/v2\/users\/2"}],"replies":[{"embeddable":true,"href":"https:\/\/www.iceagetv.com\/radiosite\/wp-json\/wp\/v2\/comments?post=35065"}],"version-history":[{"count":1,"href":"https:\/\/www.iceagetv.com\/radiosite\/wp-json\/wp\/v2\/posts\/35065\/revisions"}],"predecessor-version":[{"id":35067,"href":"https:\/\/www.iceagetv.com\/radiosite\/wp-json\/wp\/v2\/posts\/35065\/revisions\/35067"}],"wp:featuredmedia":[{"embeddable":true,"href":"https:\/\/www.iceagetv.com\/radiosite\/wp-json\/wp\/v2\/media\/35066"}],"wp:attachment":[{"href":"https:\/\/www.iceagetv.com\/radiosite\/wp-json\/wp\/v2\/media?parent=35065"}],"wp:term":[{"taxonomy":"category","embeddable":true,"href":"https:\/\/www.iceagetv.com\/radiosite\/wp-json\/wp\/v2\/categories?post=35065"},{"taxonomy":"post_tag","embeddable":true,"href":"https:\/\/www.iceagetv.com\/radiosite\/wp-json\/wp\/v2\/tags?post=35065"}],"curies":[{"name":"wp","href":"https:\/\/api.w.org\/{rel}","templated":true}]}}