{"id":35082,"date":"2025-05-17T16:35:52","date_gmt":"2025-05-17T14:35:52","guid":{"rendered":"https:\/\/www.iceagetv.com\/radiosite\/?p=35082"},"modified":"2025-05-17T16:35:56","modified_gmt":"2025-05-17T14:35:56","slug":"drame-au-festival-de-cannes-un-homme-blesse-gravement-sur-la-croisette-alors-quil-marchait-tranquillement-et-quun-palmier-lui-est-tombe-dessus-il-sagit-dun-producteur-pris-en-charge-par-l","status":"publish","type":"post","link":"https:\/\/www.iceagetv.com\/radiosite\/drame-au-festival-de-cannes-un-homme-blesse-gravement-sur-la-croisette-alors-quil-marchait-tranquillement-et-quun-palmier-lui-est-tombe-dessus-il-sagit-dun-producteur-pris-en-charge-par-l\/","title":{"rendered":"Drame au Festival de Cannes : Un homme bless\u00e9 gravement sur la croisette alors qu&rsquo;il marchait tranquillement et qu&rsquo;un palmier lui est tomb\u00e9 dessus &#8211; Il s&rsquo;agit d&rsquo;un producteur, pris en charge par les secours et \u00e9vacu\u00e9 vers un h\u00f4pital"},"content":{"rendered":"\n<p class=\"\">Un homme marchant sur la Croisette \u00e0 Cannes a \u00e9t\u00e9 bless\u00e9 par la chute d&rsquo;un palmier balay\u00e9 par un coup de vent aujourd&rsquo;hui samedi alors que le festival de cin\u00e9ma battait son plein. L&rsquo;homme est \u00ab\u00a0gravement bless\u00e9\u00a0\u00bb selon les pompiers qui n&rsquo;ont pas donn\u00e9 d&rsquo;indication sur son pronostic vital.<\/p>\n\n\n\n<p class=\"\">Le quotidien r\u00e9gional Nice Matin r\u00e9v\u00e8le qu\u2019il s\u2019agit d\u2019un producteur, pr\u00e9sent dans le cadre du 78\u1d49 Festival de Cannes. On ne sait pas, \u00e0 ce stade, si son pronostic vital est engag\u00e9. Dans sa chute, le palmier a arrach\u00e9 un c\u00e2ble \u00e9lectrique, n\u00e9cessitant une intervention de la police municipale pour s\u00e9curiser les lieux.<\/p>\n\n\n\n<p class=\"\">L&rsquo;accident a eu lieu en plein Festival de Cannes, qui a d\u00e9but\u00e9 ce mardi, alors que festivaliers et professionnels du cin\u00e9ma se pressent sur la Croisette, le long de la plage, o\u00f9 sont install\u00e9s de nombreux bars et restaurants \u00e9ph\u00e9m\u00e8res.<\/p>\n\n\n\n<p class=\"\">\u00ab\u00a0J&rsquo;\u00e9tais assise, (&#8230;) il y a eu un \u00e9pouvantable coup de vent, (&#8230;) j&rsquo;ai entendu crier, je me suis retourn\u00e9e et le palmier a \u00e9t\u00e9 d\u00e9racin\u00e9 &#8212; un palmier, je dirais, en mauvais \u00e9tat\u00a0\u00bb, a t\u00e9moign\u00e9 Marthy Fink, festivali\u00e8re luxembourgeoise habitant \u00e0 Lyon, avant d&rsquo;expliquer que ce palmier \u00ab\u00a0a pouss\u00e9 par terre (une) personne, qui \u00e9tait gravement atteinte.\u00a0\u00bb<\/p>\n","protected":false},"excerpt":{"rendered":"<p>Un homme marchant sur la Croisette \u00e0 Cannes a \u00e9t\u00e9 bless\u00e9 par la chute d&rsquo;un palmier balay\u00e9 par un coup de vent aujourd&rsquo;hui samedi alors que le festival de cin\u00e9ma battait son plein. L&rsquo;homme est \u00ab\u00a0gravement bless\u00e9\u00a0\u00bb selon les pompiers qui n&rsquo;ont pas donn\u00e9 d&rsquo;indication sur son pronostic vital. Le quotidien r\u00e9gional Nice Matin r\u00e9v\u00e8le [&hellip;]<\/p>\n","protected":false},"author":2,"featured_media":35083,"comment_status":"open","ping_status":"open","sticky":false,"template":"","format":"standard","meta":{"_jetpack_memberships_contains_paid_content":false,"footnotes":"","jetpack_publicize_message":"","jetpack_publicize_feature_enabled":true,"jetpack_social_post_already_shared":true,"jetpack_social_options":{"image_generator_settings":{"template":"highway","enabled":true,"token":"eyJpbWciOiJodHRwczpcL1wvd3d3LmljZWFnZXR2LmNvbVwvcmFkaW9zaXRlXC93cC1jb250ZW50XC91cGxvYWRzXC8yMDI1XC8wNVwvMTU4NTQ4NTU4NjI3MDQ4NDI5NTQuanBnIiwidHh0IjoiRHJhbWUgYXUgRmVzdGl2YWwgZGUgQ2FubmVzIDogVW4gaG9tbWUgYmxlc3NcdTAwZTkgZ3JhdmVtZW50IHN1ciBsYSBjcm9pc2V0dGUgYWxvcnMgcXUmIzgyMTc7aWwgbWFyY2hhaXQgdHJhbnF1aWxsZW1lbnQgZXQgcXUmIzgyMTc7dW4gcGFsbWllciBsdWkgZXN0IHRvbWJcdTAwZTkgZGVzc3VzICYjODIxMTsgSWwgcyYjODIxNzthZ2l0IGQmIzgyMTc7dW4gcHJvZHVjdGV1ciwgcHJpcyBlbiBjaGFyZ2UgcGFyIGxlcyBzZWNvdXJzIGV0IFx1MDBlOXZhY3VcdTAwZTkgdmVycyB1biBoXHUwMGY0cGl0YWwiLCJ0ZW1wbGF0ZSI6ImhpZ2h3YXkiLCJibG9nX2lkIjoxMTEwMTY0NjF9.0ndpaQx2H07f9TR4ZkkZWB3JAq3jnqHTpA0M2uPPpUkMQ"},"version":2},"_wpas_customize_per_network":false},"categories":[405],"tags":[],"class_list":["post-35082","post","type-post","status-publish","format-standard","has-post-thumbnail","hentry","category-actu-france-monde"],"jetpack_publicize_connections":[],"jetpack_featured_media_url":"https:\/\/i0.wp.com\/www.iceagetv.com\/radiosite\/wp-content\/uploads\/2025\/05\/15854855862704842954.jpg?fit=500%2C261&ssl=1","jetpack_sharing_enabled":true,"_links":{"self":[{"href":"https:\/\/www.iceagetv.com\/radiosite\/wp-json\/wp\/v2\/posts\/35082","targetHints":{"allow":["GET"]}}],"collection":[{"href":"https:\/\/www.iceagetv.com\/radiosite\/wp-json\/wp\/v2\/posts"}],"about":[{"href":"https:\/\/www.iceagetv.com\/radiosite\/wp-json\/wp\/v2\/types\/post"}],"author":[{"embeddable":true,"href":"https:\/\/www.iceagetv.com\/radiosite\/wp-json\/wp\/v2\/users\/2"}],"replies":[{"embeddable":true,"href":"https:\/\/www.iceagetv.com\/radiosite\/wp-json\/wp\/v2\/comments?post=35082"}],"version-history":[{"count":1,"href":"https:\/\/www.iceagetv.com\/radiosite\/wp-json\/wp\/v2\/posts\/35082\/revisions"}],"predecessor-version":[{"id":35084,"href":"https:\/\/www.iceagetv.com\/radiosite\/wp-json\/wp\/v2\/posts\/35082\/revisions\/35084"}],"wp:featuredmedia":[{"embeddable":true,"href":"https:\/\/www.iceagetv.com\/radiosite\/wp-json\/wp\/v2\/media\/35083"}],"wp:attachment":[{"href":"https:\/\/www.iceagetv.com\/radiosite\/wp-json\/wp\/v2\/media?parent=35082"}],"wp:term":[{"taxonomy":"category","embeddable":true,"href":"https:\/\/www.iceagetv.com\/radiosite\/wp-json\/wp\/v2\/categories?post=35082"},{"taxonomy":"post_tag","embeddable":true,"href":"https:\/\/www.iceagetv.com\/radiosite\/wp-json\/wp\/v2\/tags?post=35082"}],"curies":[{"name":"wp","href":"https:\/\/api.w.org\/{rel}","templated":true}]}}