{"id":35103,"date":"2025-05-18T14:47:51","date_gmt":"2025-05-18T12:47:51","guid":{"rendered":"https:\/\/www.iceagetv.com\/radiosite\/?p=35103"},"modified":"2025-05-18T14:47:58","modified_gmt":"2025-05-18T12:47:58","slug":"leon-xiv-150-000-personnes-ont-assiste-a-la-messe-dinauguration-du-pape-place-saint-pierre-annonce-le-vatican","status":"publish","type":"post","link":"https:\/\/www.iceagetv.com\/radiosite\/leon-xiv-150-000-personnes-ont-assiste-a-la-messe-dinauguration-du-pape-place-saint-pierre-annonce-le-vatican\/","title":{"rendered":"L\u00e9on XIV : 150.000 personnes ont assist\u00e9 \u00e0 la messe d&rsquo;inauguration du pape place Saint-Pierre, annonce le Vatican"},"content":{"rendered":"\n<p class=\"\">Dix jours apr\u00e8s son \u00e9lection \u00e0 la t\u00eate de l&rsquo;Eglise catholique, L\u00e9on XIV c\u00e9l\u00e8bre ce dimanche au Vatican la messe d&rsquo;inauguration de son pontificat, en pr\u00e9sence de dizaines de milliers de fid\u00e8les et de dirigeants \u00e9trangers150.000 personnes ont assist\u00e9 \u00e0 la messe d&rsquo;inauguration du pape place Saint-Pierre, annonce le Vatican<\/p>\n\n\n\n<p class=\"\">\u00c0 Rome, 150.000 personnes sont venues assister \u00e0 la messe d\u2019inauguration du pontificat de&nbsp;L\u00e9on XIV indique le Bureau de presse du Saint-Si\u00e8ge \u00e0 la fin de la c\u00e9l\u00e9bration, ce 18 mai 2025.&nbsp;<\/p>\n\n\n\n<p class=\"\">Lors des obs\u00e8ques du pape Fran\u00e7ois, le 26 avril dernier, 250.000 personnes avaient suivi la messe depuis la place Saint-Pierre et ses alentours. En outre, 150.000 personnes s\u2019\u00e9taient mass\u00e9es le long du parcours entre le Vatican et la basilique Sainte-Marie-Majeure, o\u00f9 le pape Fran\u00e7ois a \u00e9t\u00e9 enterr\u00e9.\u00a0Le pape appelle \u00e0 la paix de l&rsquo;Ukraine \u00abmartyris\u00e9e\u00bb<\/p>\n\n\n\n<p class=\"\">Le pape L\u00e9on XIV, qui a \u00e9voqu\u00e9 dimanche l\u00a0\u00bbUkraine martyris\u00e9e\u00a0\u00bb dans l&rsquo;attente de \u00ab\u00a0n\u00e9gociations pour une paix juste et durable\u00a0\u00bb, recevra dans la journ\u00e9e pour la premi\u00e8re fois son pr\u00e9sident Volodymyr Zelensky, a annonc\u00e9 le Vatican.<\/p>\n\n\n\n<p class=\"\">\u00ab\u00a0L&rsquo;Ukraine attend finalement des n\u00e9gociations pour une paix juste et durable\u00a0\u00bb, a d\u00e9clar\u00e9 le pape place Saint-Pierre \u00e0 l&rsquo;issue de la messe marquant le d\u00e9but de son pontificat, en pr\u00e9sence d&rsquo;un parterre de chefs d&rsquo;Etat, dont M. Zelensky.Le pape L\u00e9on XIV recevra le pr\u00e9sident ukrainien ce dimanche au Vatican<\/p>\n\n\n\n<p class=\"\">Le pape L\u00e9on XIV, qui a \u00e9voqu\u00e9 dimanche l\u00a0\u00bbUkraine martyris\u00e9e\u00a0\u00bb dans l&rsquo;attente de \u00ab\u00a0n\u00e9gociations pour une paix juste et durable\u00a0\u00bb, recevra dans la journ\u00e9e son pr\u00e9sident Volodymyr Zelensky, a annonc\u00e9 le Vatican.<\/p>\n\n\n\n<p class=\"\">\u00ab\u00a0L&rsquo;Ukraine attend finalement des n\u00e9gociations pour une paix juste et durable\u00a0\u00bb, a d\u00e9clar\u00e9 le pape place Saint-Pierre \u00e0 l&rsquo;issue de la messe marquant le d\u00e9but de son pontificat, en pr\u00e9sence d&rsquo;un parterre de chefs d&rsquo;Etat.Victime d&rsquo;un malaise, le cardinal Mamberti n&rsquo;a pas pu conduire le rite du pallium<\/p>\n\n\n\n<p class=\"\">Le cardinal fran\u00e7ais Dominique Mamberti a fait un malaise durant la messe d\u2019inauguration du pontificat de L\u00e9on XIV, ce 18 mai 2025, a confirm\u00e9 le Bureau de presse du Saint-Si\u00e8ge \u00e0 I.MEDIA. L\u2019absence du cardinal, remplac\u00e9 au dernier moment par le cardinal italien Mario Zenari pour imposer le \u00ab pallium \u00bb au nouveau pape, a cr\u00e9\u00e9 la surprise.&nbsp;<\/p>\n\n\n\n<p class=\"\">Le cardinal Mamberti a \u00e9t\u00e9 plac\u00e9 sous surveillance m\u00e9dicale et la situation est \u00ab sous contr\u00f4le \u00bb, assure le Vatican. En tant que \u201cprotodiacre\u201d, c\u2019est lui qui avait prononc\u00e9 le fameux Habemus papam \u00e0 la Loggia de la basilique Saint-Pierre, pour annoncer le nom du nouveau pape, le 8 mai dernier.\u00a0Dans son hom\u00e9lie, L\u00e9on XIV d\u00e9nonce une \u00e9conomie qui \u00abexploite la Terre et marginalise les pauvres\u00bb<\/p>\n\n\n\n<p class=\"\">Le pape L\u00e9on XIV, sensible \u00e0 la justice sociale, a d\u00e9nonc\u00e9 dimanche une \u00e9conomie \u00ab\u00a0qui exploite les ressources de la Terre et marginalise les plus pauvres\u00a0\u00bb lors de la messe d&rsquo;inauguration de son pontificat place Saint-Pierre.<\/p>\n\n\n\n<p class=\"\">\u00ab\u00a0Nous voyons encore trop de discorde, trop de blessures caus\u00e9es par la haine, la violence, les pr\u00e9jug\u00e9s, la peur de l&rsquo;autre, par un paradigme \u00e9conomique qui exploite les ressources de la Terre et marginalise les plus pauvres\u00a0\u00bb, a d\u00e9clar\u00e9 le pape de 69 ans dans son hom\u00e9lie prononc\u00e9e en italien.Que la paix soit avec vous\u00bb, lance le pape aux fid\u00e8les r\u00e9unis pour la messe inaugurale<\/p>\n\n\n\n<p class=\"\">\u00abQue la paix soit avec vous\u00bb, a lanc\u00e9 le pape L\u00e9on XIV au d\u00e9but de sa messe inaugurale, comme le veut la tradition, avant de prononcer la c\u00e9l\u00e9bration en latin. Le souverain pontife a ensuite b\u00e9ni la foule.\u00a0La messe d&rsquo;inauguration du pape L\u00e9on XIV a d\u00e9but\u00e9 place Saint-Pierre \u00e0 Rome<\/p>\n\n\n\n<p class=\"\">La messe d&rsquo;inauguration du pontificat de L\u00e9on XIV, devenu le 8 mai le premier pape am\u00e9ricain de l&rsquo;Histoire, a d\u00e9but\u00e9 dimanche peu apr\u00e8s 10H00 (08H00 GMT) sur la place Saint-Pierre au Vatican, en pr\u00e9sence de dizaines de milliers de fid\u00e8les et de plus de 150 d\u00e9l\u00e9gations \u00e9trang\u00e8res.<\/p>\n\n\n\n<p class=\"\">Apr\u00e8s s&rsquo;\u00eatre recueilli sur la tombe de Saint Pierre, Robert Francis Prevost, 69 ans, est entr\u00e9 en procession avec les patriarches orientaux sur le parvis de la gigantesque place, devant un parterre de dirigeants \u00e9trangers, dont le vice-pr\u00e9sident am\u00e9ricain JD Vance et le pr\u00e9sident ukrainien Volodymyr Zelensky.<\/p>\n","protected":false},"excerpt":{"rendered":"<p>Dix jours apr\u00e8s son \u00e9lection \u00e0 la t\u00eate de l&rsquo;Eglise catholique, L\u00e9on XIV c\u00e9l\u00e8bre ce dimanche au Vatican la messe d&rsquo;inauguration de son pontificat, en pr\u00e9sence de dizaines de milliers de fid\u00e8les et de dirigeants \u00e9trangers150.000 personnes ont assist\u00e9 \u00e0 la messe d&rsquo;inauguration du pape place Saint-Pierre, annonce le Vatican \u00c0 Rome, 150.000 personnes sont [&hellip;]<\/p>\n","protected":false},"author":2,"featured_media":35105,"comment_status":"open","ping_status":"open","sticky":false,"template":"","format":"standard","meta":{"_jetpack_memberships_contains_paid_content":false,"footnotes":"","jetpack_publicize_message":"","jetpack_publicize_feature_enabled":true,"jetpack_social_post_already_shared":true,"jetpack_social_options":{"image_generator_settings":{"template":"highway","enabled":true,"token":"eyJpbWciOiJodHRwczpcL1wvd3d3LmljZWFnZXR2LmNvbVwvcmFkaW9zaXRlXC93cC1jb250ZW50XC91cGxvYWRzXC8yMDI1XC8wNVwvMjAyNS0wNS0xOHQwOTI2MTV6XzE3ODgyMTYxODFfcmMyOGtlYWR6dHhtX3J0cm1hZHBfM19wb3BlLWxlby10YWlsbGUxMjAwXzY4MjljN2MxM2RlNjEuanBnIiwidHh0IjoiTFx1MDBlOW9uIFhJViA6IDE1MC4wMDAgcGVyc29ubmVzIG9udCBhc3Npc3RcdTAwZTkgXHUwMGUwIGxhIG1lc3NlIGQmIzgyMTc7aW5hdWd1cmF0aW9uIGR1IHBhcGUgcGxhY2UgU2FpbnQtUGllcnJlLCBhbm5vbmNlIGxlIFZhdGljYW4iLCJ0ZW1wbGF0ZSI6ImhpZ2h3YXkiLCJibG9nX2lkIjoxMTEwMTY0NjF9.2XJ57jOi2L2QTMjUVUdLMKyjetoyYvhF-TQaQ16sVkIMQ"},"version":2},"_wpas_customize_per_network":false},"categories":[405],"tags":[],"class_list":["post-35103","post","type-post","status-publish","format-standard","has-post-thumbnail","hentry","category-actu-france-monde"],"jetpack_publicize_connections":[],"jetpack_featured_media_url":"https:\/\/i0.wp.com\/www.iceagetv.com\/radiosite\/wp-content\/uploads\/2025\/05\/2025-05-18t092615z_1788216181_rc28keadztxm_rtrmadp_3_pope-leo-taille1200_6829c7c13de61.jpg?fit=750%2C422&ssl=1","jetpack_sharing_enabled":true,"_links":{"self":[{"href":"https:\/\/www.iceagetv.com\/radiosite\/wp-json\/wp\/v2\/posts\/35103","targetHints":{"allow":["GET"]}}],"collection":[{"href":"https:\/\/www.iceagetv.com\/radiosite\/wp-json\/wp\/v2\/posts"}],"about":[{"href":"https:\/\/www.iceagetv.com\/radiosite\/wp-json\/wp\/v2\/types\/post"}],"author":[{"embeddable":true,"href":"https:\/\/www.iceagetv.com\/radiosite\/wp-json\/wp\/v2\/users\/2"}],"replies":[{"embeddable":true,"href":"https:\/\/www.iceagetv.com\/radiosite\/wp-json\/wp\/v2\/comments?post=35103"}],"version-history":[{"count":1,"href":"https:\/\/www.iceagetv.com\/radiosite\/wp-json\/wp\/v2\/posts\/35103\/revisions"}],"predecessor-version":[{"id":35106,"href":"https:\/\/www.iceagetv.com\/radiosite\/wp-json\/wp\/v2\/posts\/35103\/revisions\/35106"}],"wp:featuredmedia":[{"embeddable":true,"href":"https:\/\/www.iceagetv.com\/radiosite\/wp-json\/wp\/v2\/media\/35105"}],"wp:attachment":[{"href":"https:\/\/www.iceagetv.com\/radiosite\/wp-json\/wp\/v2\/media?parent=35103"}],"wp:term":[{"taxonomy":"category","embeddable":true,"href":"https:\/\/www.iceagetv.com\/radiosite\/wp-json\/wp\/v2\/categories?post=35103"},{"taxonomy":"post_tag","embeddable":true,"href":"https:\/\/www.iceagetv.com\/radiosite\/wp-json\/wp\/v2\/tags?post=35103"}],"curies":[{"name":"wp","href":"https:\/\/api.w.org\/{rel}","templated":true}]}}