{"id":35143,"date":"2025-05-19T14:24:26","date_gmt":"2025-05-19T12:24:26","guid":{"rendered":"https:\/\/www.iceagetv.com\/radiosite\/?p=35143"},"modified":"2025-05-19T14:24:31","modified_gmt":"2025-05-19T12:24:31","slug":"le-premier-ministre-espagnol-pedro-sanchez-demande-lexclusion-disrael-de-leurovision-et-que-le-pays-ne-participe-plus-au-concours","status":"publish","type":"post","link":"https:\/\/www.iceagetv.com\/radiosite\/le-premier-ministre-espagnol-pedro-sanchez-demande-lexclusion-disrael-de-leurovision-et-que-le-pays-ne-participe-plus-au-concours\/","title":{"rendered":"\u00a0Le Premier ministre espagnol Pedro S\u00e1nchez demande l&rsquo;exclusion d&rsquo;Isra\u00ebl de l&rsquo;Eurovision et que le pays ne participe plus au concours"},"content":{"rendered":"\n<p class=\"\">Le Premier ministre espagnol Pedro S\u00e1nchez a affirm\u00e9 lundi qu\u2019Isra\u00ebl devrait \u00eatre exclu de l\u2019Eurovision, le plus grand t\u00e9l\u00e9-crochet du monde, estimant qu\u2019il fallait \u00eatre \u00ab&nbsp;solidaire du peuple de Palestine qui (vit) l\u2019absurdit\u00e9 de la guerre et des bombardements&nbsp;\u00bb<\/p>\n\n\n\n<p class=\"\">\u00ab&nbsp;Nous ne pouvons pas avoir de double standard en mati\u00e8re de culture&nbsp;\u00bb, a d\u00e9clar\u00e9 Pedro S\u00e1nchez, estimant que si la Russie avait \u00e9t\u00e9 exclue du concours apr\u00e8s l\u2019invasion de l\u2019Ukraine, Isra\u00ebl \u00ab&nbsp;ne devrait pas non plus&nbsp;\u00bb y participer.<\/p>\n\n\n\n<p class=\"\">Samedi, l\u2019\u00e9dition 2025 de l\u2019Eurovision a vu la victoire du candidat autrichien, devant la chanteuse isra\u00e9lienne Yuval Raphael.<\/p>\n\n\n\n<p class=\"\">\u00ab&nbsp;L\u2019engagement de l\u2019Espagne en faveur du droit international et des droits de l\u2019homme doit \u00eatre constant et coh\u00e9rent, comme celui de toute l\u2019Europe devrait l\u2019\u00eatre&nbsp;\u00bb, a-t-il expliqu\u00e9, estimant qu\u2019il fallait \u00eatre \u00ab&nbsp;solidaire du peuple de Palestine qui (vit) l\u2019absurdit\u00e9 de la guerre et des bombardements&nbsp;\u00bb.<\/p>\n\n\n\n<p class=\"\">\u00ab&nbsp;Je ne pense pas que quiconque ait \u00e9t\u00e9 choqu\u00e9 (&#8230;) lorsqu\u2019on a exig\u00e9 le retrait de la Russie de rien moins que les comp\u00e9titions internationales, y compris comme nous l\u2019avons vu r\u00e9cemment le week-end dernier, de l\u2019Eurovision. Isra\u00ebl ne devrait donc pas participer non plus. Car nous ne pouvons pas avoir de double standard en mati\u00e8re de culture&nbsp;\u00bb, a-t-il insist\u00e9.<\/p>\n\n\n\n<p class=\"\">L\u2019Espagne, qui a reconnu l\u2019Etat de Palestine le 28 mai 2024 avec l\u2019Irlande et la Norv\u00e8ge, s\u2019est impos\u00e9e ces derniers mois comme l\u2019une des voix les plus critiques de l\u2019UE \u00e0 l\u2019\u00e9gard du gouvernement de Benjamin Netanyahu, et fait figure de soutien historique de la cause palestinienne.<\/p>\n\n\n\n<p class=\"\">Samedi, la t\u00e9l\u00e9vision publique espagnole a d\u00e9fi\u00e9 l\u2019organisme responsable de l\u2019Eurovision, qui l\u2019avait somm\u00e9e de cesser ses r\u00e9f\u00e9rences \u00e0 l\u2019offensive \u00e0 Gaza sous menace de sanctions, en diffusant un message de soutien aux Palestiniens avant sa retransmission de l\u2019\u00e9v\u00e9nement.<\/p>\n\n\n\n<p class=\"\">\u00ab&nbsp;S\u2019agissant des droits de l\u2019homme, le silence n\u2019est pas une option. Paix et justice pour la Palestine&nbsp;\u00bb, a \u00e9crit en blanc sur fond noir le groupe de radio et t\u00e9l\u00e9vision RTVE, dans un message en espagnol et en anglais, quelques secondes avant le d\u00e9but officiel du concours de chanson.<\/p>\n\n\n\n<p class=\"\">Les prises de position du Premier ministre socialiste Pedro Sanchez, qui a a appel\u00e9 samedi lors d\u2019un sommet de la ligue arabe \u00e0 Bagdad \u00e0 faire \u00ab&nbsp;pression sur Isra\u00ebl pour arr\u00eater le massacre \u00e0 Gaza&nbsp;\u00bb, ont valu \u00e0 l\u2019Espagne ces derniers mois des critiques virulentes du gouvernement Netanyahu.<\/p>\n\n\n\n<p class=\"\">Trente-sept candidats participent &#8211; via leurs diffuseurs nationaux, qui les s\u00e9lectionnent &#8211; \u00e0 l\u2019\u00e9dition 2025 de l\u2019Eurovision, organis\u00e9e \u00e0 B\u00e2le, en Suisse. La candidate s\u00e9lectionn\u00e9e par la t\u00e9l\u00e9vision isra\u00e9lienne KAN, Yuval Raphael, est une rescap\u00e9e de l\u2019attaque sanglante commise par le mouvement islamiste palestinien Hamas le 7 octobre 2023.<\/p>\n\n\n\n<p class=\"\">En avril dernier, la RTVE avait d\u00e9j\u00e0 r\u00e9clam\u00e9 \u00e0 l\u2019organisateur du concours, l\u2019Union europ\u00e9enne de radio-t\u00e9l\u00e9vision (UER), un \u00ab&nbsp;d\u00e9bat&nbsp;\u00bb sur la pr\u00e9sence d\u2019Isra\u00ebl \u00e0 l\u2019Eurovision, en raison des \u00ab&nbsp;inqui\u00e9tudes&nbsp;\u00bb li\u00e9es \u00e0 \u00ab&nbsp;la situation \u00e0 Gaza&nbsp;\u00bb.<\/p>\n","protected":false},"excerpt":{"rendered":"<p>Le Premier ministre espagnol Pedro S\u00e1nchez a affirm\u00e9 lundi qu\u2019Isra\u00ebl devrait \u00eatre exclu de l\u2019Eurovision, le plus grand t\u00e9l\u00e9-crochet du monde, estimant qu\u2019il fallait \u00eatre \u00ab&nbsp;solidaire du peuple de Palestine qui (vit) l\u2019absurdit\u00e9 de la guerre et des bombardements&nbsp;\u00bb \u00ab&nbsp;Nous ne pouvons pas avoir de double standard en mati\u00e8re de culture&nbsp;\u00bb, a d\u00e9clar\u00e9 Pedro S\u00e1nchez, [&hellip;]<\/p>\n","protected":false},"author":2,"featured_media":35144,"comment_status":"open","ping_status":"open","sticky":false,"template":"","format":"standard","meta":{"_jetpack_memberships_contains_paid_content":false,"footnotes":"","jetpack_publicize_message":"","jetpack_publicize_feature_enabled":true,"jetpack_social_post_already_shared":true,"jetpack_social_options":{"image_generator_settings":{"template":"highway","enabled":true,"token":"eyJpbWciOiJodHRwczpcL1wvd3d3LmljZWFnZXR2LmNvbVwvcmFkaW9zaXRlXC93cC1jb250ZW50XC91cGxvYWRzXC8yMDI1XC8wNVwvR3pIcnpMUU8uanBnIiwidHh0IjoiXHUwMGEwTGUgUHJlbWllciBtaW5pc3RyZSBlc3BhZ25vbCBQZWRybyBTXHUwMGUxbmNoZXogZGVtYW5kZSBsJiM4MjE3O2V4Y2x1c2lvbiBkJiM4MjE3O0lzcmFcdTAwZWJsIGRlIGwmIzgyMTc7RXVyb3Zpc2lvbiBldCBxdWUgbGUgcGF5cyBuZSBwYXJ0aWNpcGUgcGx1cyBhdSBjb25jb3VycyIsInRlbXBsYXRlIjoiaGlnaHdheSIsImJsb2dfaWQiOjExMTAxNjQ2MX0.TDgiLShZO4GaItUjJTVVITSHVGlWHO3AedKOtlWsEl4MQ"},"version":2},"_wpas_customize_per_network":false},"categories":[68],"tags":[],"class_list":["post-35143","post","type-post","status-publish","format-standard","has-post-thumbnail","hentry","category-actu-culturelle"],"jetpack_publicize_connections":[],"jetpack_featured_media_url":"https:\/\/i0.wp.com\/www.iceagetv.com\/radiosite\/wp-content\/uploads\/2025\/05\/GzHrzLQO.jpg?fit=679%2C293&ssl=1","jetpack_sharing_enabled":true,"_links":{"self":[{"href":"https:\/\/www.iceagetv.com\/radiosite\/wp-json\/wp\/v2\/posts\/35143","targetHints":{"allow":["GET"]}}],"collection":[{"href":"https:\/\/www.iceagetv.com\/radiosite\/wp-json\/wp\/v2\/posts"}],"about":[{"href":"https:\/\/www.iceagetv.com\/radiosite\/wp-json\/wp\/v2\/types\/post"}],"author":[{"embeddable":true,"href":"https:\/\/www.iceagetv.com\/radiosite\/wp-json\/wp\/v2\/users\/2"}],"replies":[{"embeddable":true,"href":"https:\/\/www.iceagetv.com\/radiosite\/wp-json\/wp\/v2\/comments?post=35143"}],"version-history":[{"count":1,"href":"https:\/\/www.iceagetv.com\/radiosite\/wp-json\/wp\/v2\/posts\/35143\/revisions"}],"predecessor-version":[{"id":35145,"href":"https:\/\/www.iceagetv.com\/radiosite\/wp-json\/wp\/v2\/posts\/35143\/revisions\/35145"}],"wp:featuredmedia":[{"embeddable":true,"href":"https:\/\/www.iceagetv.com\/radiosite\/wp-json\/wp\/v2\/media\/35144"}],"wp:attachment":[{"href":"https:\/\/www.iceagetv.com\/radiosite\/wp-json\/wp\/v2\/media?parent=35143"}],"wp:term":[{"taxonomy":"category","embeddable":true,"href":"https:\/\/www.iceagetv.com\/radiosite\/wp-json\/wp\/v2\/categories?post=35143"},{"taxonomy":"post_tag","embeddable":true,"href":"https:\/\/www.iceagetv.com\/radiosite\/wp-json\/wp\/v2\/tags?post=35143"}],"curies":[{"name":"wp","href":"https:\/\/api.w.org\/{rel}","templated":true}]}}