{"id":35178,"date":"2025-05-20T20:19:41","date_gmt":"2025-05-20T18:19:41","guid":{"rendered":"https:\/\/www.iceagetv.com\/radiosite\/?p=35178"},"modified":"2025-05-20T20:19:48","modified_gmt":"2025-05-20T18:19:48","slug":"jets-de-megots-a-paris-voici-les-10-mesures-prises-par-la-municipalite-pour-lutter-contre-cette-mauvaise-pratique","status":"publish","type":"post","link":"https:\/\/www.iceagetv.com\/radiosite\/jets-de-megots-a-paris-voici-les-10-mesures-prises-par-la-municipalite-pour-lutter-contre-cette-mauvaise-pratique\/","title":{"rendered":"Jets de m\u00e9gots \u00e0 Paris : voici les 10 mesures prises par la municipalit\u00e9 pour lutter contre cette mauvaise pratique"},"content":{"rendered":"\n<p class=\"\">La Ville de Paris a annonc\u00e9 ce mardi 20 mai le lancement de son plan de lutte contre les m\u00e9gots qui polluent la capitale, \u00e0 travers 10 mesures phares de sensibilisation notamment, mais aussi d&rsquo;adaptation du mobilier urbain et de verbalisation.<\/p>\n\n\n\n<p class=\"\">Un fl\u00e9au pour l\u2019environnement et pour la propret\u00e9 de l\u2019espace public. Pour \u00e9radiquer cette mauvaise pratique qui concerne 60% des parisiens, celle de jeter son m\u00e9got de cigarette au sol &#8211; qui a lui seul contient 4.000 substances chimiques et peut polluer jusqu&rsquo;\u00e0 500 litres d&rsquo;eau -,&nbsp;<a href=\"https:\/\/www.cnews.fr\/paris\" target=\"_blank\" rel=\"noreferrer noopener\">la Ville de Paris<\/a>&nbsp;a concr\u00e9tis\u00e9 son ambition ce mardi par le d\u00e9ploiement d&rsquo;un plan de lutte sp\u00e9cial.<\/p>\n\n\n\n<p class=\"\">Alors que chaque ann\u00e9e, 350 tonnes de m\u00e9gots sont ramass\u00e9s dans les rues de la capitale, le plan m\u00e9gots de la Ville de Paris est une des actions phares du plan parisien de r\u00e9duction des d\u00e9chets adopt\u00e9 \u00e0 l\u2019unanimit\u00e9 par le Conseil de Paris en d\u00e9cembre 2024. Les dix mesures cl\u00e9s qui composent ce plan visent \u00e0 r\u00e9duire de 100.000 tonnes la quantit\u00e9 de d\u00e9chets produits \u00e0 Paris d\u2019ici \u00e0 2030, et \u00e0 tripler leur taux de valorisation.<\/p>\n\n\n\n<p class=\"\">Pour rappel, 4 \u00e0 5 millions de m\u00e9gots ramass\u00e9s chaque jour par les agents de la propret\u00e9 dans la ville,&nbsp;<a href=\"https:\/\/www.cnews.fr\/cigarette\" target=\"_blank\" rel=\"noreferrer noopener\">le jet de m\u00e9gots au sol<\/a>&nbsp;entra\u00eenant un co\u00fbt pour la collectivit\u00e9 estim\u00e9 \u00e0 10 millions d\u2019euros par an.<\/p>\n\n\n\n<h2 class=\"wp-block-heading\">400.000 cendriers de poche distribu\u00e9s gratuitement<\/h2>\n\n\n\n<p class=\"\">La premi\u00e8re mesure concerne la distribution gratuite de quelque 400.000 cendriers de poche dans pr\u00e8s de 700 bureaux de tabac, mais aussi \u00e0 l&rsquo;occasion d\u2019op\u00e9rations de sensibilisation sur des sites particuli\u00e8rement fr\u00e9quent\u00e9s l\u2019\u00e9t\u00e9.Sensibiliser avec un message&nbsp;<\/p>\n\n\n\n<p class=\"\">Pour sensibiliser les Parisiens, 1.000 clous en m\u00e9tal portant le message \u00abIci commence la Seine\u00bb seront pos\u00e9s face aux bouches d\u2019\u00e9gout, sur les trottoirs de 177 zones concentrant beaucoup de jets de m\u00e9gots (\u00e9tablissements d\u2019enseignement sup\u00e9rieur, rues commer\u00e7antes, etc).es acteurs professionnels mis \u00e0 contribution<\/p>\n\n\n\n<p class=\"\">Les \u00e9tablissements disposant de terrasses ouvertes tels que les caf\u00e9s et&nbsp;<a href=\"https:\/\/www.cnews.fr\/restaurant\" target=\"_blank\" rel=\"noreferrer noopener\">les restaurants<\/a>, les immeubles de bureaux et autres acteurs professionnels concern\u00e9s par cette probl\u00e9matique seront mis \u00e0 contribution par la Ville de Paris.&nbsp;<\/p>\n\n\n\n<p class=\"\">Ces derniers seront invit\u00e9s \u00e0 installer un cendrier pour leurs clients, salari\u00e9s et visiteurs, via des courriers d\u2019information et des actions de sensibilisation sur le terrain par les \u00e9quipes de la Direction de la Propret\u00e9 et de l\u2019Eau.Un nouvel accessoire pour les corbeilles de rue<\/p>\n\n\n\n<p class=\"\">D\u2019ici \u00e0 fin 2025, la c\u00e9l\u00e8bre corbeille de rue Cybel fera peau neuve avec un nouvel accessoire flambant neuf : un nouveau \u00e9teignoir, ce qui devrait ainsi concerner 4.600 exemplaires, en compl\u00e9ment des anciens mod\u00e8les d\u00e9j\u00e0 \u00e9quip\u00e9s d\u2019\u00e9teignoirs.<\/p>\n\n\n\n<h2 class=\"wp-block-heading\">Un rappel syst\u00e9matique des r\u00e8gles<\/h2>\n\n\n\n<p class=\"\">Face \u00e0 cet enjeu majeur pour l&rsquo;environnement, la Ville de Paris rappellera syst\u00e9matiquement sa charte des \u00e9v\u00e9nements \u00e9co-responsables&nbsp;; pr\u00e9voyant l\u2019installation de cendriers, signal\u00e9s de mani\u00e8re visible.<\/p>\n\n\n\n<h2 class=\"wp-block-heading\">D\u00e9ploiement de cendriers sondages<\/h2>\n\n\n\n<p class=\"\">Autre mesure, les mairies d&rsquo;arrondissement pourront acqu\u00e9rir et d\u00e9ployer dans l\u2019espace public des cendriers sondages \u2013 s\u2019appuyant ainsi sur la m\u00e9thode du \u00abnudge\u00bb (coup de pouce) pour inciter des individus ou l&rsquo;ensemble d&rsquo;un groupe humain \u00e0 changer tels comportements ou \u00e0 faire certains choix sans les mettre sous contrainte, obligation ni menace de sanction.Lancement d\u2019une campagne de sensibilisation<\/p>\n\n\n\n<p class=\"\">Des stands de sensibilisation seront install\u00e9s sur des sites sp\u00e9cifiques (universit\u00e9s, \u00e9coles sup\u00e9rieures, immeubles tertiaires\u2026) d\u00e8s le mois de juin, tout en mobilisant des \u00e9co-animateurs en d\u00e9ambulation pour sensibiliser les fumeurs aux bons gestes.<\/p>\n\n\n\n<h2 class=\"wp-block-heading\">Soutien aux nettoyages participatifs<\/h2>\n\n\n\n<p class=\"\">La Ville de Paris s&rsquo;engage \u00e0 poursuivre son soutien envers les nettoyages participatifs en mettant \u00e0 disposition des riverains, des organisateurs de sacs, des gants et des jauges pour mesurer le nombre de m\u00e9gots r\u00e9colt\u00e9s.Poursuite de la verbalisation<\/p>\n\n\n\n<p class=\"\"><a href=\"https:\/\/www.cnews.fr\/police-municipale\" target=\"_blank\" rel=\"noreferrer noopener\">La police municipale de Paris<\/a>&nbsp;continuera ses op\u00e9rations de verbalisation avec des amendes de 135 euros pour les contrevenants en infraction, notamment sur des secteurs probl\u00e9matiques identifi\u00e9s avec les mairies d&rsquo;arrondissement.<\/p>\n\n\n\n<h2 class=\"wp-block-heading\">Encouragement des initiatives locales et des exp\u00e9rimentales<\/h2>\n\n\n\n<p class=\"\">Enfin, la Ville de Paris s&rsquo;engage \u00e0 \u00e9tudier les nouvelles propositions d&rsquo;acteurs \u00e9conomiques et associatifs visant \u00e0 lutter contre les jets de m\u00e9gots, et, si celles-ci sont probantes, un soutien pourra \u00eatre garanti.&nbsp;<\/p>\n","protected":false},"excerpt":{"rendered":"<p>La Ville de Paris a annonc\u00e9 ce mardi 20 mai le lancement de son plan de lutte contre les m\u00e9gots qui polluent la capitale, \u00e0 travers 10 mesures phares de sensibilisation notamment, mais aussi d&rsquo;adaptation du mobilier urbain et de verbalisation. Un fl\u00e9au pour l\u2019environnement et pour la propret\u00e9 de l\u2019espace public. Pour \u00e9radiquer cette [&hellip;]<\/p>\n","protected":false},"author":2,"featured_media":35179,"comment_status":"open","ping_status":"open","sticky":false,"template":"","format":"standard","meta":{"_jetpack_memberships_contains_paid_content":false,"footnotes":"","jetpack_publicize_message":"","jetpack_publicize_feature_enabled":true,"jetpack_social_post_already_shared":true,"jetpack_social_options":{"image_generator_settings":{"template":"highway","enabled":true,"token":"eyJpbWciOiJodHRwczpcL1wvd3d3LmljZWFnZXR2LmNvbVwvcmFkaW9zaXRlXC93cC1jb250ZW50XC91cGxvYWRzXC8yMDI1XC8wNVwvSmV0cy1kZS1tZWdvdHMtYS1QYXJpcy5qcGciLCJ0eHQiOiJKZXRzIGRlIG1cdTAwZTlnb3RzIFx1MDBlMCBQYXJpcyA6IHZvaWNpIGxlcyAxMCBtZXN1cmVzIHByaXNlcyBwYXIgbGEgbXVuaWNpcGFsaXRcdTAwZTkgcG91ciBsdXR0ZXIgY29udHJlIGNldHRlIG1hdXZhaXNlIHByYXRpcXVlIiwidGVtcGxhdGUiOiJoaWdod2F5IiwiYmxvZ19pZCI6MTExMDE2NDYxfQ.fDnFkzFWjXYBDeaqy2bdbDWF9LdbvTnKJGqnCnUUCfMMQ"},"version":2},"_wpas_customize_per_network":false},"categories":[405],"tags":[],"class_list":["post-35178","post","type-post","status-publish","format-standard","has-post-thumbnail","hentry","category-actu-france-monde"],"jetpack_publicize_connections":[],"jetpack_featured_media_url":"https:\/\/i0.wp.com\/www.iceagetv.com\/radiosite\/wp-content\/uploads\/2025\/05\/Jets-de-megots-a-Paris.jpg?fit=750%2C422&ssl=1","jetpack_sharing_enabled":true,"_links":{"self":[{"href":"https:\/\/www.iceagetv.com\/radiosite\/wp-json\/wp\/v2\/posts\/35178","targetHints":{"allow":["GET"]}}],"collection":[{"href":"https:\/\/www.iceagetv.com\/radiosite\/wp-json\/wp\/v2\/posts"}],"about":[{"href":"https:\/\/www.iceagetv.com\/radiosite\/wp-json\/wp\/v2\/types\/post"}],"author":[{"embeddable":true,"href":"https:\/\/www.iceagetv.com\/radiosite\/wp-json\/wp\/v2\/users\/2"}],"replies":[{"embeddable":true,"href":"https:\/\/www.iceagetv.com\/radiosite\/wp-json\/wp\/v2\/comments?post=35178"}],"version-history":[{"count":1,"href":"https:\/\/www.iceagetv.com\/radiosite\/wp-json\/wp\/v2\/posts\/35178\/revisions"}],"predecessor-version":[{"id":35180,"href":"https:\/\/www.iceagetv.com\/radiosite\/wp-json\/wp\/v2\/posts\/35178\/revisions\/35180"}],"wp:featuredmedia":[{"embeddable":true,"href":"https:\/\/www.iceagetv.com\/radiosite\/wp-json\/wp\/v2\/media\/35179"}],"wp:attachment":[{"href":"https:\/\/www.iceagetv.com\/radiosite\/wp-json\/wp\/v2\/media?parent=35178"}],"wp:term":[{"taxonomy":"category","embeddable":true,"href":"https:\/\/www.iceagetv.com\/radiosite\/wp-json\/wp\/v2\/categories?post=35178"},{"taxonomy":"post_tag","embeddable":true,"href":"https:\/\/www.iceagetv.com\/radiosite\/wp-json\/wp\/v2\/tags?post=35178"}],"curies":[{"name":"wp","href":"https:\/\/api.w.org\/{rel}","templated":true}]}}