{"id":35199,"date":"2025-05-21T15:21:32","date_gmt":"2025-05-21T13:21:32","guid":{"rendered":"https:\/\/www.iceagetv.com\/radiosite\/?p=35199"},"modified":"2025-05-21T15:21:37","modified_gmt":"2025-05-21T13:21:37","slug":"la-chaine-t18-qui-se-lancera-le-6-juin-sur-la-tnt-fera-la-part-belle-aux-documentaires-et-a-la-culture-avec-lambition-detre-la-tele-qui-samuse-a-reflechir-annonce-son-president-christoph","status":"publish","type":"post","link":"https:\/\/www.iceagetv.com\/radiosite\/la-chaine-t18-qui-se-lancera-le-6-juin-sur-la-tnt-fera-la-part-belle-aux-documentaires-et-a-la-culture-avec-lambition-detre-la-tele-qui-samuse-a-reflechir-annonce-son-president-christoph\/","title":{"rendered":"La cha\u00eene T18, qui se lancera le 6 juin sur la TNT, fera la part belle aux documentaires et \u00e0 la culture, avec l&rsquo;ambition d&rsquo;\u00eatre \u00ab\u00a0la t\u00e9l\u00e9 qui s&rsquo;amuse \u00e0 r\u00e9fl\u00e9chir\u00a0\u00bb, annonce son pr\u00e9sident Christopher Baldelli"},"content":{"rendered":"\n<p class=\"\">La cha\u00eene T18, qui se lancera le 6 juin sur la TNT avec Laurent Ruquier, fera la part belle aux documentaires et \u00e0 la culture, avec l&rsquo;ambition d&rsquo;\u00eatre \u00ab\u00a0la t\u00e9l\u00e9 qui s&rsquo;amuse \u00e0 r\u00e9fl\u00e9chir\u00a0\u00bb, a indiqu\u00e9 mardi \u00e0 l&rsquo;AFP son pr\u00e9sident Christopher Baldelli.<\/p>\n\n\n\n<p class=\"\">L&rsquo;ex-star de France 2 donnera le coup d&rsquo;envoi de la nouvelle cha\u00eene du canal 18 \u00e0 19H45, pour une pr\u00e9sentation de son offre. Suivront le film \u00ab\u00a0Yves Saint-Laurent\u00a0\u00bb de Jalil Lespert avec Pierre Niney, puis l&rsquo;\u00e9mission de d\u00e9bats d&rsquo;actualit\u00e9 \u00ab\u00a0Pour tout dire\u00a0\u00bb, anim\u00e9e par Matthieu Croissandeau, venu de BFMTV.<\/p>\n\n\n\n<p class=\"\">Propri\u00e9t\u00e9 du groupe CMI France du milliardaire tch\u00e8que Daniel Kretinsky, T18 s&rsquo;affiche comme \u00ab\u00a0la t\u00e9l\u00e9 qui s&rsquo;amuse \u00e0 r\u00e9fl\u00e9chir\u00a0\u00bb pour son arriv\u00e9e sur la t\u00e9l\u00e9vision num\u00e9rique terrestre. \u00ab\u00a0Nous voulons faire une t\u00e9l\u00e9vision de qualit\u00e9, faire r\u00e9fl\u00e9chir mais pas seulement\u00a0\u00bb, explique le pr\u00e9sident de la cha\u00eene priv\u00e9e g\u00e9n\u00e9raliste, Christopher Baldelli.<\/p>\n\n\n\n<p class=\"\">En rythme de croisi\u00e8re, Laurent Ruquier pr\u00e9sentera \u00e0 partir du 14 juin chaque samedi \u00e0 20H00 une \u00e9mission culturelle hebdomadaire d&rsquo;une heure, o\u00f9 il exposera ses d\u00e9couvertes et coups de coeur. Le rendez-vous a \u00e9t\u00e9 baptis\u00e9 \u00ab\u00a0Chez Ruquier\u00a0\u00bb. L&rsquo;\u00e9mission de Matthieu Croissandeau sera elle diffus\u00e9e du lundi au vendredi \u00e0 22H30. Le cr\u00e9neau a \u00e9t\u00e9 choisi car peu de \u00ab\u00a0talks\u00a0\u00bb y sont propos\u00e9s, contrairement \u00e0 la tranche embouteill\u00e9e autour de 20H00.<\/p>\n\n\n\n<p class=\"\">Une troisi\u00e8me \u00e9mission maison sera propos\u00e9e les lundis soirs, \u00ab\u00a0(En)qu\u00eate de sens\u00a0\u00bb, avec un documentaire suivi d&rsquo;\u00e9changes pilot\u00e9s par Ava Djamshidi, r\u00e9dactrice en chef du magazine Elle. Le premier num\u00e9ro, le 9 juin, portera sur \u00ab\u00a0la charge mentale\u00a0\u00bb. Les autres soir\u00e9es seront consacr\u00e9es au cin\u00e9ma, au spectacle vivant (25 repr\u00e9sentations retransmises par an) et aux documentaires historiques.<\/p>\n\n\n\n<p class=\"\">Le reste de la grille m\u00ealera des documentaires soci\u00e9taux, sur le patrimoine ou encore la nature (3.000 heures par an) ainsi que des magazines, notamment consacr\u00e9s au \u00ab\u00a0lifestyle\u00a0\u00bb (modes de vie). D&rsquo;autres nouveaut\u00e9s s&rsquo;ajouteront \u00e0 la rentr\u00e9e de septembre.<\/p>\n\n\n\n<p class=\"\">T18 et une autre nouvelle cha\u00eene que le groupe Ouest-France lancera en septembre, NOVO19, remplacent C8 et NRJ12. Ces deux derni\u00e8res ont cess\u00e9 d&rsquo;\u00e9mettre fin f\u00e9vrier, cons\u00e9quence d&rsquo;une d\u00e9cision in\u00e9dite de l&rsquo;Arcom, le r\u00e9gulateur de l&rsquo;audiovisuel, qui n&rsquo;a pas renouvel\u00e9 leur fr\u00e9quence<\/p>\n","protected":false},"excerpt":{"rendered":"<p>La cha\u00eene T18, qui se lancera le 6 juin sur la TNT avec Laurent Ruquier, fera la part belle aux documentaires et \u00e0 la culture, avec l&rsquo;ambition d&rsquo;\u00eatre \u00ab\u00a0la t\u00e9l\u00e9 qui s&rsquo;amuse \u00e0 r\u00e9fl\u00e9chir\u00a0\u00bb, a indiqu\u00e9 mardi \u00e0 l&rsquo;AFP son pr\u00e9sident Christopher Baldelli. L&rsquo;ex-star de France 2 donnera le coup d&rsquo;envoi de la nouvelle cha\u00eene [&hellip;]<\/p>\n","protected":false},"author":2,"featured_media":35200,"comment_status":"open","ping_status":"open","sticky":false,"template":"","format":"standard","meta":{"_jetpack_memberships_contains_paid_content":false,"footnotes":"","jetpack_publicize_message":"","jetpack_publicize_feature_enabled":true,"jetpack_social_post_already_shared":true,"jetpack_social_options":{"image_generator_settings":{"template":"highway","enabled":true,"token":"eyJpbWciOiJodHRwczpcL1wvd3d3LmljZWFnZXR2LmNvbVwvcmFkaW9zaXRlXC93cC1jb250ZW50XC91cGxvYWRzXC8yMDI1XC8wNVwvRzZBeW1yS0ouanBnIiwidHh0IjoiTGEgY2hhXHUwMGVlbmUgVDE4LCBxdWkgc2UgbGFuY2VyYSBsZSA2IGp1aW4gc3VyIGxhIFROVCwgZmVyYSBsYSBwYXJ0IGJlbGxlIGF1eCBkb2N1bWVudGFpcmVzIGV0IFx1MDBlMCBsYSBjdWx0dXJlLCBhdmVjIGwmIzgyMTc7YW1iaXRpb24gZCYjODIxNztcdTAwZWF0cmUgJiM4MjIwO2xhIHRcdTAwZTlsXHUwMGU5IHF1aSBzJiM4MjE3O2FtdXNlIFx1MDBlMCByXHUwMGU5ZmxcdTAwZTljaGlyJiM4MjIxOywgYW5ub25jZSBzb24gcHJcdTAwZTlzaWRlbnQgQ2hyaXN0b3BoZXIgQmFsZGVsbGkiLCJ0ZW1wbGF0ZSI6ImhpZ2h3YXkiLCJibG9nX2lkIjoxMTEwMTY0NjF9.bNeXaZ44QxlnO5L8nFE4WJpMEtuy_sfhStFFVQd4uagMQ"},"version":2},"_wpas_customize_per_network":false},"categories":[68],"tags":[],"class_list":["post-35199","post","type-post","status-publish","format-standard","has-post-thumbnail","hentry","category-actu-culturelle"],"jetpack_publicize_connections":[],"jetpack_featured_media_url":"https:\/\/i0.wp.com\/www.iceagetv.com\/radiosite\/wp-content\/uploads\/2025\/05\/G6AymrKJ.jpg?fit=679%2C293&ssl=1","jetpack_sharing_enabled":true,"_links":{"self":[{"href":"https:\/\/www.iceagetv.com\/radiosite\/wp-json\/wp\/v2\/posts\/35199","targetHints":{"allow":["GET"]}}],"collection":[{"href":"https:\/\/www.iceagetv.com\/radiosite\/wp-json\/wp\/v2\/posts"}],"about":[{"href":"https:\/\/www.iceagetv.com\/radiosite\/wp-json\/wp\/v2\/types\/post"}],"author":[{"embeddable":true,"href":"https:\/\/www.iceagetv.com\/radiosite\/wp-json\/wp\/v2\/users\/2"}],"replies":[{"embeddable":true,"href":"https:\/\/www.iceagetv.com\/radiosite\/wp-json\/wp\/v2\/comments?post=35199"}],"version-history":[{"count":1,"href":"https:\/\/www.iceagetv.com\/radiosite\/wp-json\/wp\/v2\/posts\/35199\/revisions"}],"predecessor-version":[{"id":35201,"href":"https:\/\/www.iceagetv.com\/radiosite\/wp-json\/wp\/v2\/posts\/35199\/revisions\/35201"}],"wp:featuredmedia":[{"embeddable":true,"href":"https:\/\/www.iceagetv.com\/radiosite\/wp-json\/wp\/v2\/media\/35200"}],"wp:attachment":[{"href":"https:\/\/www.iceagetv.com\/radiosite\/wp-json\/wp\/v2\/media?parent=35199"}],"wp:term":[{"taxonomy":"category","embeddable":true,"href":"https:\/\/www.iceagetv.com\/radiosite\/wp-json\/wp\/v2\/categories?post=35199"},{"taxonomy":"post_tag","embeddable":true,"href":"https:\/\/www.iceagetv.com\/radiosite\/wp-json\/wp\/v2\/tags?post=35199"}],"curies":[{"name":"wp","href":"https:\/\/api.w.org\/{rel}","templated":true}]}}