{"id":35205,"date":"2025-05-21T17:54:17","date_gmt":"2025-05-21T15:54:17","guid":{"rendered":"https:\/\/www.iceagetv.com\/radiosite\/?p=35205"},"modified":"2025-05-21T17:54:21","modified_gmt":"2025-05-21T15:54:21","slug":"greve-des-chauffeurs-de-taxis-le-ministere-des-transports-propose-un-controle-renforce-des-vehicules-de-tourisme-avec-chauffeur-vtc-pour-repondre-a-leur-colere","status":"publish","type":"post","link":"https:\/\/www.iceagetv.com\/radiosite\/greve-des-chauffeurs-de-taxis-le-ministere-des-transports-propose-un-controle-renforce-des-vehicules-de-tourisme-avec-chauffeur-vtc-pour-repondre-a-leur-colere\/","title":{"rendered":"Gr\u00e8ve des chauffeurs de taxis: Le minist\u00e8re des Transports propose un contr\u00f4le renforc\u00e9 des v\u00e9hicules de tourisme avec chauffeur VTC pour r\u00e9pondre \u00e0 leur col\u00e8re"},"content":{"rendered":"\n<p class=\"\">Le minist\u00e8re des Transports a propos\u00e9 mercredi un contr\u00f4le renforc\u00e9 des v\u00e9hicules de tourisme avec chauffeur (VTC) pour r\u00e9pondre \u00e0 la col\u00e8re des milliers de taxis qui manifestent depuis lundi \u00e0 travers la France. Le minist\u00e8re propose de demander aux pr\u00e9fets un \u00ab\u00a0renforcement des contr\u00f4les contre la fraude visant notamment l&rsquo;exercice ill\u00e9gal d&rsquo;activit\u00e9, les maraudes et les racolages ill\u00e9gaux\u00a0\u00bb, a pr\u00e9cis\u00e9 le minist\u00e8re dans un communiqu\u00e9.<\/p>\n\n\n\n<p class=\"\">Ces contr\u00f4les renforc\u00e9s s&rsquo;appuieront notamment sur \u00ab\u00a0l&rsquo;exp\u00e9rimentation en cours depuis avril de nouvelles amendes forfaitaires d\u00e9lictuelles (jusqu&rsquo;\u00e0 1.000 euros), qui permettent de simplifier et d&rsquo;acc\u00e9l\u00e9rer les sanctions contre les fraudeurs\u00a0\u00bb, pr\u00e9cise le minist\u00e8re.<\/p>\n\n\n\n<p class=\"\">L&rsquo;intersyndicale des taxis poursuit une mobilisation entam\u00e9e lundi pour protester contre un projet de nouvelle tarification de l&rsquo;Assurance maladie sur les transports de malades par des chauffeurs de taxi conventionn\u00e9s. Ils bloquaient notamment mercredi le boulevard Raspail pr\u00e8s du minist\u00e8re des Transports \u00e0 Paris, et ralentissaient le trafic sur plusieurs axes parisiens ou menant vers la capitale.<\/p>\n\n\n\n<p class=\"\">De nombreux taxis manifestent aussi contre la concurrence des v\u00e9hicules de tourisme avec chauffeur (VTC), coordonn\u00e9s par des plateformes comme Uber, Bolt ou Heetch. Ils demandent l&rsquo;application des lois limitant l&rsquo;activit\u00e9 des VTC. Le minist\u00e8re a aussi propos\u00e9 mercredi de lutter contre \u00ab\u00a0le syst\u00e8me abusif de rattachement de certains VTC \u00e0 des gestionnaires de flottes, favorisant l&rsquo;activit\u00e9 de faux professionnels ainsi que la fraude fiscale et sociale\u00a0\u00bb.<\/p>\n\n\n\n<p class=\"\">Le ministre des Transports a indiqu\u00e9 avoir pr\u00e9vu de rencontrer les plateformes de VTC dans les prochains jours \u00e0 ce sujet. Il propose \u00e9galement de mieux r\u00e9guler l&rsquo;acc\u00e8s \u00e0 la profession de chauffeur VTC, par \u00ab\u00a0une r\u00e9vision de la voie d&rsquo;acc\u00e8s dite par \u00e9quivalence\u00a0\u00bb, qui b\u00e9n\u00e9ficie aux personnes ayant d\u00e9j\u00e0 un an d&rsquo;exp\u00e9rience dans le transport de personnes.<\/p>\n\n\n\n<p class=\"\">Le ministre des Transports a soulign\u00e9 regretter que les f\u00e9d\u00e9rations de taxis, \u00ab\u00a0dans l&rsquo;incapacit\u00e9 \u00e0 s&rsquo;entendre sur une d\u00e9l\u00e9gation, aient refus\u00e9\u00a0\u00bb un rendez-vous mercredi matin.<\/p>\n\n\n\n<p class=\"\">\u00ab\u00a0La moindre des choses c&rsquo;est de nous pr\u00e9venir une petite heure avant d&rsquo;en parler \u00e0 la t\u00e9l\u00e9vision\u00a0\u00bb, et d&rsquo;autoriser les repr\u00e9sentants \u00e0 venir en nombre, a r\u00e9pliqu\u00e9 aupr\u00e8s de l&rsquo;AFP Emmanuelle Cordier, pr\u00e9sidente de la F\u00e9d\u00e9ration nationale du taxi (FNDT). Quant aux mesures propos\u00e9es, \u00ab\u00a0on n&rsquo;est pas contre\u00a0\u00bb, a-t-elle assur\u00e9. \u00ab\u00a0Mais c&rsquo;est de l&rsquo;administratif, \u00e7a ne r\u00e9pond pas aux besoins du terrain\u00a0\u00bb.<\/p>\n","protected":false},"excerpt":{"rendered":"<p>Le minist\u00e8re des Transports a propos\u00e9 mercredi un contr\u00f4le renforc\u00e9 des v\u00e9hicules de tourisme avec chauffeur (VTC) pour r\u00e9pondre \u00e0 la col\u00e8re des milliers de taxis qui manifestent depuis lundi \u00e0 travers la France. Le minist\u00e8re propose de demander aux pr\u00e9fets un \u00ab\u00a0renforcement des contr\u00f4les contre la fraude visant notamment l&rsquo;exercice ill\u00e9gal d&rsquo;activit\u00e9, les maraudes [&hellip;]<\/p>\n","protected":false},"author":2,"featured_media":35206,"comment_status":"open","ping_status":"open","sticky":false,"template":"","format":"standard","meta":{"_jetpack_memberships_contains_paid_content":false,"footnotes":"","jetpack_publicize_message":"","jetpack_publicize_feature_enabled":true,"jetpack_social_post_already_shared":true,"jetpack_social_options":{"image_generator_settings":{"template":"highway","enabled":true,"token":"eyJpbWciOiJodHRwczpcL1wvd3d3LmljZWFnZXR2LmNvbVwvcmFkaW9zaXRlXC93cC1jb250ZW50XC91cGxvYWRzXC8yMDI1XC8wNVwvNGt3Wjh3MUwuanBnIiwidHh0IjoiR3JcdTAwZTh2ZSBkZXMgY2hhdWZmZXVycyBkZSB0YXhpczogTGUgbWluaXN0XHUwMGU4cmUgZGVzIFRyYW5zcG9ydHMgcHJvcG9zZSB1biBjb250clx1MDBmNGxlIHJlbmZvcmNcdTAwZTkgZGVzIHZcdTAwZTloaWN1bGVzIGRlIHRvdXJpc21lIGF2ZWMgY2hhdWZmZXVyIFZUQyBwb3VyIHJcdTAwZTlwb25kcmUgXHUwMGUwIGxldXIgY29sXHUwMGU4cmUiLCJ0ZW1wbGF0ZSI6ImhpZ2h3YXkiLCJibG9nX2lkIjoxMTEwMTY0NjF9.hiMvt_vO-jopDUfS6ssbp6yVDU26sjXKtL2U5GGUgFMMQ"},"version":2},"_wpas_customize_per_network":false},"categories":[405],"tags":[],"class_list":["post-35205","post","type-post","status-publish","format-standard","has-post-thumbnail","hentry","category-actu-france-monde"],"jetpack_publicize_connections":[],"jetpack_featured_media_url":"https:\/\/i0.wp.com\/www.iceagetv.com\/radiosite\/wp-content\/uploads\/2025\/05\/4kwZ8w1L.jpg?fit=679%2C293&ssl=1","jetpack_sharing_enabled":true,"_links":{"self":[{"href":"https:\/\/www.iceagetv.com\/radiosite\/wp-json\/wp\/v2\/posts\/35205","targetHints":{"allow":["GET"]}}],"collection":[{"href":"https:\/\/www.iceagetv.com\/radiosite\/wp-json\/wp\/v2\/posts"}],"about":[{"href":"https:\/\/www.iceagetv.com\/radiosite\/wp-json\/wp\/v2\/types\/post"}],"author":[{"embeddable":true,"href":"https:\/\/www.iceagetv.com\/radiosite\/wp-json\/wp\/v2\/users\/2"}],"replies":[{"embeddable":true,"href":"https:\/\/www.iceagetv.com\/radiosite\/wp-json\/wp\/v2\/comments?post=35205"}],"version-history":[{"count":1,"href":"https:\/\/www.iceagetv.com\/radiosite\/wp-json\/wp\/v2\/posts\/35205\/revisions"}],"predecessor-version":[{"id":35207,"href":"https:\/\/www.iceagetv.com\/radiosite\/wp-json\/wp\/v2\/posts\/35205\/revisions\/35207"}],"wp:featuredmedia":[{"embeddable":true,"href":"https:\/\/www.iceagetv.com\/radiosite\/wp-json\/wp\/v2\/media\/35206"}],"wp:attachment":[{"href":"https:\/\/www.iceagetv.com\/radiosite\/wp-json\/wp\/v2\/media?parent=35205"}],"wp:term":[{"taxonomy":"category","embeddable":true,"href":"https:\/\/www.iceagetv.com\/radiosite\/wp-json\/wp\/v2\/categories?post=35205"},{"taxonomy":"post_tag","embeddable":true,"href":"https:\/\/www.iceagetv.com\/radiosite\/wp-json\/wp\/v2\/tags?post=35205"}],"curies":[{"name":"wp","href":"https:\/\/api.w.org\/{rel}","templated":true}]}}