{"id":35208,"date":"2025-05-22T08:20:05","date_gmt":"2025-05-22T06:20:05","guid":{"rendered":"https:\/\/www.iceagetv.com\/radiosite\/?p=35208"},"modified":"2025-05-22T08:20:09","modified_gmt":"2025-05-22T06:20:09","slug":"attaque-antisemite-a-washington-yaron-et-sa-compagne-membres-du-personnel-de-lambassade-israelienne-aux-us-tues-pres-du-musee-juif-lauteur-des-tirs-a-ete-arrete-et-a-scande-fr","status":"publish","type":"post","link":"https:\/\/www.iceagetv.com\/radiosite\/attaque-antisemite-a-washington-yaron-et-sa-compagne-membres-du-personnel-de-lambassade-israelienne-aux-us-tues-pres-du-musee-juif-lauteur-des-tirs-a-ete-arrete-et-a-scande-fr\/","title":{"rendered":"Attaque antis\u00e9mite \u00e0 Washington &#8211; Yaron et sa compagne, membres du personnel de l\u2019ambassade isra\u00e9lienne aux US tu\u00e9s pr\u00e8s du mus\u00e9e juif &#8211; L\u2019auteur des tirs a \u00e9t\u00e9 arr\u00eat\u00e9 et a scand\u00e9 \u00ab\u00a0Free Palestine\u00a0\u00bb"},"content":{"rendered":"\n<p class=\"\"><strong>\u00a0D\u2019apr\u00e8s des responsables interrog\u00e9s par des m\u00e9dias locaux, le suspect, Elias Rodriguez, a \u00e9t\u00e9 aper\u00e7u en train d\u2019arpenter les abords du Mus\u00e9e Juif de la capitale<\/strong>\u00a0am\u00e9ricaine avant d\u2019ouvrir le feu. Selon le r\u00e9cit recueilli par CNN d\u2019un t\u00e9moin pr\u00e9sent sur place juste apr\u00e8s la fusillade, apr\u00e8s avoir tir\u00e9 sur les deux victimes, il aurait attendu l\u2019arriv\u00e9e de la police pendant dix minutes et se serait fait passer pour un t\u00e9moin de la sc\u00e8ne. Une fois interpell\u00e9, il aurait cri\u00e9 \u00abFree Palestine\u00bb (\u00abLib\u00e9rez la Palestine\u00bb) lors de son arrestation.<strong>Un nouveau bilan \u00e9voque 2 morts qui seraient un jeune couple mais \u00e9galement 2 bless\u00e9s en lien avec l&rsquo;ambassade d&rsquo;Isra\u00eblTed Deutch, le PDG de l&rsquo;American Jewish Committee (AJC), a confirm\u00e9 \u00e0 ABC News que l&rsquo;AJC avait organis\u00e9 un \u00e9v\u00e9nement au mus\u00e9e mercredi soir, ajoutant: \u00ab\u00a0Nous sommes d\u00e9vast\u00e9s qu&rsquo;un acte de violence innommable ait eu lieu \u00e0 l&rsquo;ext\u00e9rieur du lieu.<\/strong>\u00a0En attendant de plus amples informations de la police sur ce qui s&rsquo;est pass\u00e9, notre attention et nos pens\u00e9es vont exclusivement aux victimes et \u00e0 leurs familles\u00a0\u00bb<strong>Le suspect, identifi\u00e9 comme Elias Rodriguez, 30 ans, de Chicago, a \u00e9t\u00e9 observ\u00e9 en train de faire les cent pas \u00e0 l\u2019ext\u00e9rieur du mus\u00e9e avant la fusillade, est entr\u00e9 dans le mus\u00e9e apr\u00e8s la fusillade et a \u00e9t\u00e9 arr\u00eat\u00e9 par la s\u00e9curit\u00e9 de l\u2019\u00e9v\u00e9nement, a d\u00e9clar\u00e9 Smith.\u00a0<\/strong>Lors de son arrestation, le suspect a commenc\u00e9 \u00e0 scander \u00ab Lib\u00e9rez, lib\u00e9rez la Palestine \u00bb, a d\u00e9clar\u00e9 Smith. Un \u00ab acte antis\u00e9mite \u00bb D\u2019autres employ\u00e9s de l\u2019ambassade auraient aussi \u00e9t\u00e9 bless\u00e9s, selon Danny Danon, ambassadeur d\u2019Isra\u00ebl aupr\u00e8s des Nations Unies, qui a qualifi\u00e9 cette fusillade \u00ab d\u2019acte antis\u00e9mite \u00bb.<strong>\u00a0Selon les premiers \u00e9l\u00e9ments de l\u2019enqu\u00eate, le jeune couple qui \u00e9tait sur le point de se fiancer a \u00e9t\u00e9 abattu \u00e0 bout pourtant \u00e0 l\u2019ext\u00e9rieur du mus\u00e9e juif, o\u00f9 un \u00e9v\u00e9nement \u00e9tait organis\u00e9.<\/strong>\u00a0Les deux victimes quittaient le mus\u00e9e juif de la capitale lorsque le suspect s\u2019est approch\u00e9 d\u2019un groupe de quatre personnes et a ouvert le feu, a d\u00e9clar\u00e9 la chef de la police m\u00e9tropolitaine Pamela Smith lors d\u2019une conf\u00e9rence de presse.<strong>Le pr\u00e9sident am\u00e9ricain Donald Trump a qualifi\u00e9 d\u2019\u00ab horribles \u00bb les meurtres de deux agents de l\u2019ambassade d\u2019Isra\u00ebl aux Etats-Unis<\/strong>, survenus aux abords du mus\u00e9e juif de Washington.\u00a0\u00ab\u00a0Ces horribles meurtres \u00e0 Washington, \u00e9videmment motiv\u00e9s par l\u2019antis\u00e9mitisme, doivent cesser, MAINTENANT\u00a0!\u00a0\u00bb, a-t-il r\u00e9agi sur son r\u00e9seau Truth Social. \u00ab\u00a0La haine et le radicalisme n\u2019ont pas leur place aux Etats-Unis\u00a0\u00bb, a-t-il ajout\u00e9.L\u2019ambassadeur d\u2019Isra\u00ebl aupr\u00e8s des Nations Unies, Danny Danon, a r\u00e9agi aux informations relay\u00e9es par les m\u00e9dias concernant la fusillade, d\u00e9clarant dans un communiqu\u00e9 sur X : \u00abLa fusillade mortelle survenue en marge de l\u2019\u00e9v\u00e9nement qui s\u2019est tenu au Mus\u00e9e juif de Washington, DC \u2013 au cours duquel des employ\u00e9s de l\u2019ambassade d\u2019Isra\u00ebl ont \u00e9galement \u00e9t\u00e9 bless\u00e9s \u2013 est un acte de terrorisme antis\u00e9mite odieux.\u00bb<\/p>\n","protected":false},"excerpt":{"rendered":"<p>\u00a0D\u2019apr\u00e8s des responsables interrog\u00e9s par des m\u00e9dias locaux, le suspect, Elias Rodriguez, a \u00e9t\u00e9 aper\u00e7u en train d\u2019arpenter les abords du Mus\u00e9e Juif de la capitale\u00a0am\u00e9ricaine avant d\u2019ouvrir le feu. Selon le r\u00e9cit recueilli par CNN d\u2019un t\u00e9moin pr\u00e9sent sur place juste apr\u00e8s la fusillade, apr\u00e8s avoir tir\u00e9 sur les deux victimes, il aurait attendu [&hellip;]<\/p>\n","protected":false},"author":2,"featured_media":35209,"comment_status":"open","ping_status":"open","sticky":false,"template":"","format":"standard","meta":{"_jetpack_memberships_contains_paid_content":false,"footnotes":"","jetpack_publicize_message":"","jetpack_publicize_feature_enabled":true,"jetpack_social_post_already_shared":true,"jetpack_social_options":{"image_generator_settings":{"template":"highway","enabled":true,"token":"eyJpbWciOiJodHRwczpcL1wvd3d3LmljZWFnZXR2LmNvbVwvcmFkaW9zaXRlXC93cC1jb250ZW50XC91cGxvYWRzXC8yMDI1XC8wNVwvRzhZS0FRSDkuanBnIiwidHh0IjoiQXR0YXF1ZSBhbnRpc1x1MDBlOW1pdGUgXHUwMGUwIFdhc2hpbmd0b24gJiM4MjExOyBZYXJvbiBldCBzYSBjb21wYWduZSwgbWVtYnJlcyBkdSBwZXJzb25uZWwgZGUgbFx1MjAxOWFtYmFzc2FkZSBpc3JhXHUwMGU5bGllbm5lIGF1eCBVUyB0dVx1MDBlOXMgcHJcdTAwZThzIGR1IG11c1x1MDBlOWUganVpZiAmIzgyMTE7IExcdTIwMTlhdXRldXIgZGVzIHRpcnMgYSBcdTAwZTl0XHUwMGU5IGFyclx1MDBlYXRcdTAwZTkgZXQgYSBzY2FuZFx1MDBlOSAmIzgyMjA7RnJlZSBQYWxlc3RpbmUmIzgyMjE7IiwidGVtcGxhdGUiOiJoaWdod2F5IiwiYmxvZ19pZCI6MTExMDE2NDYxfQ.ite5HqIaC60FFYacGnAKoY7Wbk-c8w1yyPm2sBlqeVcMQ"},"version":2},"_wpas_customize_per_network":false},"categories":[405],"tags":[],"class_list":["post-35208","post","type-post","status-publish","format-standard","has-post-thumbnail","hentry","category-actu-france-monde"],"jetpack_publicize_connections":[],"jetpack_featured_media_url":"https:\/\/i0.wp.com\/www.iceagetv.com\/radiosite\/wp-content\/uploads\/2025\/05\/G8YKAQH9.jpg?fit=679%2C293&ssl=1","jetpack_sharing_enabled":true,"_links":{"self":[{"href":"https:\/\/www.iceagetv.com\/radiosite\/wp-json\/wp\/v2\/posts\/35208","targetHints":{"allow":["GET"]}}],"collection":[{"href":"https:\/\/www.iceagetv.com\/radiosite\/wp-json\/wp\/v2\/posts"}],"about":[{"href":"https:\/\/www.iceagetv.com\/radiosite\/wp-json\/wp\/v2\/types\/post"}],"author":[{"embeddable":true,"href":"https:\/\/www.iceagetv.com\/radiosite\/wp-json\/wp\/v2\/users\/2"}],"replies":[{"embeddable":true,"href":"https:\/\/www.iceagetv.com\/radiosite\/wp-json\/wp\/v2\/comments?post=35208"}],"version-history":[{"count":1,"href":"https:\/\/www.iceagetv.com\/radiosite\/wp-json\/wp\/v2\/posts\/35208\/revisions"}],"predecessor-version":[{"id":35210,"href":"https:\/\/www.iceagetv.com\/radiosite\/wp-json\/wp\/v2\/posts\/35208\/revisions\/35210"}],"wp:featuredmedia":[{"embeddable":true,"href":"https:\/\/www.iceagetv.com\/radiosite\/wp-json\/wp\/v2\/media\/35209"}],"wp:attachment":[{"href":"https:\/\/www.iceagetv.com\/radiosite\/wp-json\/wp\/v2\/media?parent=35208"}],"wp:term":[{"taxonomy":"category","embeddable":true,"href":"https:\/\/www.iceagetv.com\/radiosite\/wp-json\/wp\/v2\/categories?post=35208"},{"taxonomy":"post_tag","embeddable":true,"href":"https:\/\/www.iceagetv.com\/radiosite\/wp-json\/wp\/v2\/tags?post=35208"}],"curies":[{"name":"wp","href":"https:\/\/api.w.org\/{rel}","templated":true}]}}