{"id":35250,"date":"2025-05-23T17:59:04","date_gmt":"2025-05-23T15:59:04","guid":{"rendered":"https:\/\/www.iceagetv.com\/radiosite\/?p=35250"},"modified":"2025-05-23T17:59:08","modified_gmt":"2025-05-23T15:59:08","slug":"le-photographe-franco-bresilien-sebastiao-salgado-celebre-pour-ses-reportages-humanistes-en-noir-et-blanc-est-mort-a-lage-de-81-ans","status":"publish","type":"post","link":"https:\/\/www.iceagetv.com\/radiosite\/le-photographe-franco-bresilien-sebastiao-salgado-celebre-pour-ses-reportages-humanistes-en-noir-et-blanc-est-mort-a-lage-de-81-ans\/","title":{"rendered":"Le photographe franco-br\u00e9silien Sebasti\u00e3o Salgado, c\u00e9l\u00e8bre pour ses reportages humanistes en noir et blanc, est mort \u00e0 l&rsquo;\u00e2ge de 81 ans"},"content":{"rendered":"\n<p class=\"\">Il \u00e9tait mondialement connu pour ses photos d&rsquo;actualit\u00e9 et son combat en faveur de l&rsquo;environnement.L&rsquo;Acad\u00e9mie des Beaux-Arts annonce, vendredi 23 mai, la mort du photographe franco-br\u00e9silien\u00a0Sebasti\u00e3o Salgado. Il \u00e9tait mondialement connu pour ses reportages d&rsquo;actualit\u00e9 empreints d&rsquo;humanit\u00e9 et son combat en faveur de l&rsquo;environnement.\u00a0<em>\u00ab\u00a0Laurent Petitgirard, secr\u00e9taire perp\u00e9tuel, les membres et correspondants de l&rsquo;Acad\u00e9mie des beaux-arts ont l&rsquo;immense tristesse de faire part du d\u00e9c\u00e8s, de leur confr\u00e8re Sebasti\u00e3o Salgado\u00a0\u00bb<\/em>, a \u00e9crit cette Acad\u00e9mie, qui avait \u00e9lu parmi les siens en 2016 ce\u00a0<em>\u00ab\u00a0grand t\u00e9moin de la condition humaine et de l&rsquo;\u00e9tat de la plan\u00e8te\u00a0\u00bb<\/em>.<\/p>\n","protected":false},"excerpt":{"rendered":"<p>Il \u00e9tait mondialement connu pour ses photos d&rsquo;actualit\u00e9 et son combat en faveur de l&rsquo;environnement.L&rsquo;Acad\u00e9mie des Beaux-Arts annonce, vendredi 23 mai, la mort du photographe franco-br\u00e9silien\u00a0Sebasti\u00e3o Salgado. Il \u00e9tait mondialement connu pour ses reportages d&rsquo;actualit\u00e9 empreints d&rsquo;humanit\u00e9 et son combat en faveur de l&rsquo;environnement.\u00a0\u00ab\u00a0Laurent Petitgirard, secr\u00e9taire perp\u00e9tuel, les membres et correspondants de l&rsquo;Acad\u00e9mie des beaux-arts [&hellip;]<\/p>\n","protected":false},"author":2,"featured_media":35251,"comment_status":"open","ping_status":"open","sticky":false,"template":"","format":"standard","meta":{"_jetpack_memberships_contains_paid_content":false,"footnotes":"","jetpack_publicize_message":"","jetpack_publicize_feature_enabled":true,"jetpack_social_post_already_shared":true,"jetpack_social_options":{"image_generator_settings":{"template":"highway","enabled":true,"token":"eyJpbWciOiJodHRwczpcL1wvd3d3LmljZWFnZXR2LmNvbVwvcmFkaW9zaXRlXC93cC1jb250ZW50XC91cGxvYWRzXC8yMDI1XC8wNVwvU2ViYXN0aWFvLVNhbGdhZG8uanBnIiwidHh0IjoiTGUgcGhvdG9ncmFwaGUgZnJhbmNvLWJyXHUwMGU5c2lsaWVuIFNlYmFzdGlcdTAwZTNvIFNhbGdhZG8sIGNcdTAwZTlsXHUwMGU4YnJlIHBvdXIgc2VzIHJlcG9ydGFnZXMgaHVtYW5pc3RlcyBlbiBub2lyIGV0IGJsYW5jLCBlc3QgbW9ydCBcdTAwZTAgbCYjODIxNztcdTAwZTJnZSBkZSA4MSBhbnMiLCJ0ZW1wbGF0ZSI6ImhpZ2h3YXkiLCJibG9nX2lkIjoxMTEwMTY0NjF9.ocoRTxF8-f0N0s8CtIDpFKWqOinh-Hce7jkZKnQMiPwMQ"},"version":2},"_wpas_customize_per_network":false},"categories":[68],"tags":[],"class_list":["post-35250","post","type-post","status-publish","format-standard","has-post-thumbnail","hentry","category-actu-culturelle"],"jetpack_publicize_connections":[],"jetpack_featured_media_url":"https:\/\/i0.wp.com\/www.iceagetv.com\/radiosite\/wp-content\/uploads\/2025\/05\/Sebastiao-Salgado.jpg?fit=778%2C449&ssl=1","jetpack_sharing_enabled":true,"_links":{"self":[{"href":"https:\/\/www.iceagetv.com\/radiosite\/wp-json\/wp\/v2\/posts\/35250","targetHints":{"allow":["GET"]}}],"collection":[{"href":"https:\/\/www.iceagetv.com\/radiosite\/wp-json\/wp\/v2\/posts"}],"about":[{"href":"https:\/\/www.iceagetv.com\/radiosite\/wp-json\/wp\/v2\/types\/post"}],"author":[{"embeddable":true,"href":"https:\/\/www.iceagetv.com\/radiosite\/wp-json\/wp\/v2\/users\/2"}],"replies":[{"embeddable":true,"href":"https:\/\/www.iceagetv.com\/radiosite\/wp-json\/wp\/v2\/comments?post=35250"}],"version-history":[{"count":1,"href":"https:\/\/www.iceagetv.com\/radiosite\/wp-json\/wp\/v2\/posts\/35250\/revisions"}],"predecessor-version":[{"id":35252,"href":"https:\/\/www.iceagetv.com\/radiosite\/wp-json\/wp\/v2\/posts\/35250\/revisions\/35252"}],"wp:featuredmedia":[{"embeddable":true,"href":"https:\/\/www.iceagetv.com\/radiosite\/wp-json\/wp\/v2\/media\/35251"}],"wp:attachment":[{"href":"https:\/\/www.iceagetv.com\/radiosite\/wp-json\/wp\/v2\/media?parent=35250"}],"wp:term":[{"taxonomy":"category","embeddable":true,"href":"https:\/\/www.iceagetv.com\/radiosite\/wp-json\/wp\/v2\/categories?post=35250"},{"taxonomy":"post_tag","embeddable":true,"href":"https:\/\/www.iceagetv.com\/radiosite\/wp-json\/wp\/v2\/tags?post=35250"}],"curies":[{"name":"wp","href":"https:\/\/api.w.org\/{rel}","templated":true}]}}