{"id":35282,"date":"2025-05-25T08:59:31","date_gmt":"2025-05-25T06:59:31","guid":{"rendered":"https:\/\/www.iceagetv.com\/radiosite\/?p=35282"},"modified":"2025-05-25T08:59:34","modified_gmt":"2025-05-25T06:59:34","slug":"festival-de-cannes-2025-la-palme-dor-attribuee-au-film-un-simple-accident-de-liranien-jafar-panahi-retrouvez-le-palmares-complet","status":"publish","type":"post","link":"https:\/\/www.iceagetv.com\/radiosite\/festival-de-cannes-2025-la-palme-dor-attribuee-au-film-un-simple-accident-de-liranien-jafar-panahi-retrouvez-le-palmares-complet\/","title":{"rendered":"Festival de Cannes 2025 : la Palme d&rsquo;or attribu\u00e9e au film \u00ab\u00a0Un simple accident\u00a0\u00bb de l&rsquo;Iranien Jafar Panahi, retrouvez le palmar\u00e8s complet"},"content":{"rendered":"\n<p class=\"\">Le jury de la 78e \u00e9dition du Festival de Cannes, pr\u00e9sid\u00e9 par Juliette Binoche, a rendu son verdict. A l&rsquo;issue de pr\u00e8s de deux semaines de comp\u00e9tition, qui a vu s&rsquo;affronter&nbsp;<a href=\"https:\/\/www.franceinfo.fr\/culture\/cinema\/festival-de-cannes\/critiques\/\">vingt-deux films pour la Palme d&rsquo;or<\/a>, la r\u00e9compense supr\u00eame a \u00e9t\u00e9 d\u00e9cern\u00e9e, samedi 24 mai, au film&nbsp;<a href=\"https:\/\/www.franceinfo.fr\/culture\/cinema\/festival-de-cannes\/critiques\/festival-de-cannes-2025-jafar-panahi-dedie-la-projection-de-son-film-un-simple-accident-a-tous-les-artistes-iraniens-qui-ont-du-quitter-l-iran_7261947.html\"><em>Un simple accident<\/em><\/a>, de l&rsquo;Iranien Jafar Panahi. Le jury a envoy\u00e9 un signal politique fort en sacrant ce dissident, emprisonn\u00e9 deux fois en Iran. Son long-m\u00e9trage, tourn\u00e9 clandestinement et qui pourrait lui valoir des repr\u00e9sailles, est un conte moral auscultant le dilemme d&rsquo;anciens d\u00e9tenus tent\u00e9s de se venger de leur tortionnaire.<\/p>\n\n\n\n<p class=\"\"><em>\u00ab\u00a0<\/em><em>C&rsquo;est le moment de demander une chose, \u00e0 tous les Iraniens et partout dans le monde&nbsp;: mettons tous les probl\u00e8mes, les diff\u00e9rences \u00e0 c\u00f4t\u00e9, le plus important, c&rsquo;est notre pays et la libert\u00e9 de notre pays\u00a0\u00bb,&nbsp;<\/em><em>a-t-il r\u00e9agi.&nbsp;<\/em>L&rsquo;arriv\u00e9e du r\u00e9alisateur \u00e0 Cannes, apr\u00e8s avoir \u00e9t\u00e9 assign\u00e9 dans son pays pendant 15 ans, fut un moment fort.&nbsp;<\/p>\n\n\n\n<p class=\"\"><strong>Les Prix d&rsquo;interpr\u00e9tation pour Wagner Moura et Nadia Melliti.<\/strong>&nbsp;Le prix d&rsquo;interpr\u00e9tation masculine a \u00e9t\u00e9 remis \u00e0 Wagner Moura, vedette du film br\u00e9silien&nbsp;<em>L&rsquo;Agent secret,&nbsp;<\/em>qui a \u00e9galement remport\u00e9 le Prix de la mise en sc\u00e8ne. L&rsquo;actrice fran\u00e7aise Nadia Melliti a elle re\u00e7u le Prix d&rsquo;interpr\u00e9tation f\u00e9minine pour son premier r\u00f4le dans&nbsp;<em>La Petite derni\u00e8re,<\/em>&nbsp;de Hafsia Herzi, adaptation du livre de Fatima Daas.&nbsp;<\/p>\n\n\n\n<p class=\"\"><strong>Le Prix du sc\u00e9nario attribu\u00e9 aux fr\u00e8res Dardenne.<\/strong>&nbsp;Le Prix du sc\u00e9nario a \u00e9t\u00e9 attribu\u00e9 \u00e0 Jean-Pierre et Luc Dardenne pour<em>&nbsp;Jeunes M\u00e8res<\/em>. Habitu\u00e9s de la Croisette, les cin\u00e9astes belges avaient d\u00e9j\u00e0 \u00e9t\u00e9 sacr\u00e9s de la Palme d&rsquo;or en 1999 pour&nbsp;<em>Rosetta<\/em>, qui avait r\u00e9v\u00e9l\u00e9 l&rsquo;actrice Emilie Dequenne, morte en mars d&rsquo;un cancer, puis en 2005 pour&nbsp;<em>L&rsquo;Enfant<\/em>.<\/p>\n\n\n\n<p class=\"\"><strong>Le palmar\u00e8s complet<\/strong><\/p>\n\n\n\n<p class=\"\">Prix sp\u00e9cial :&nbsp;<em>R\u00e9surrection,<\/em>&nbsp;de Bi Gan<em><br><\/em>Prix d&rsquo;interpr\u00e9tation masculine :&nbsp;<em>Wagner Moura, dans&nbsp;L&rsquo;Agent secret<br><\/em>Prix du sc\u00e9nario : J<em>ean-Pierre et Luc Dardenne pour&nbsp;Jeunes M\u00e8res<br><\/em>Prix du jury :&nbsp;<em>Sir\u00e2t, d&rsquo;Oliver Laxe et&nbsp;<\/em><em>Sound of Falling,&nbsp;<\/em>de Mascha Schilinski<br>Prix de la mise en sc\u00e8ne :Kleber Mendon\u00e7a Filho, pour<em>&nbsp;L&rsquo;Agent secret<br><\/em>Prix d&rsquo;interpr\u00e9tation f\u00e9minine : Nadia Melliti, dans&nbsp;<em>La Petite Derni\u00e8re<br><\/em>Grand Prix :&nbsp;<em>Valeur sentimentale<\/em>,&nbsp;de Joachim Trier<em><br><\/em>Palme d&rsquo;or :&nbsp;<em>Un simple accident<\/em>,&nbsp;de Jafar Panahi<\/p>\n\n\n\n<p class=\"\"><strong>Le festival bri\u00e8vement perturb\u00e9 par une coupure d&rsquo;\u00e9lectricit\u00e9.&nbsp;<\/strong>La projection du film&nbsp;<em>Sir\u00e2t&nbsp;<\/em>a \u00e9t\u00e9 interrompue sur la Croisette samedi matin en raison d&rsquo;une vaste panne de courant dans la ville et ses environs, provoqu\u00e9e par des actes malveillants, selon les autorit\u00e9s. Mais la tenue de la c\u00e9r\u00e9monie elle-m\u00eame n&rsquo;a jamais \u00e9t\u00e9 menac\u00e9e, avaient assur\u00e9 les organisateurs \u00e0 la mi-journ\u00e9e. Le Palais des Festivals dispose en effet d&rsquo;<em>\u00ab\u00a0un syst\u00e8me d&rsquo;alimentation \u00e9lectrique ind\u00e9pendant\u00a0\u00bb<\/em>, ont-ils pr\u00e9cis\u00e9 dans un communiqu\u00e9.<\/p>\n","protected":false},"excerpt":{"rendered":"<p>Le jury de la 78e \u00e9dition du Festival de Cannes, pr\u00e9sid\u00e9 par Juliette Binoche, a rendu son verdict. A l&rsquo;issue de pr\u00e8s de deux semaines de comp\u00e9tition, qui a vu s&rsquo;affronter&nbsp;vingt-deux films pour la Palme d&rsquo;or, la r\u00e9compense supr\u00eame a \u00e9t\u00e9 d\u00e9cern\u00e9e, samedi 24 mai, au film&nbsp;Un simple accident, de l&rsquo;Iranien Jafar Panahi. Le jury [&hellip;]<\/p>\n","protected":false},"author":2,"featured_media":35283,"comment_status":"open","ping_status":"open","sticky":false,"template":"","format":"standard","meta":{"_jetpack_memberships_contains_paid_content":false,"footnotes":"","jetpack_publicize_message":"","jetpack_publicize_feature_enabled":true,"jetpack_social_post_already_shared":true,"jetpack_social_options":{"image_generator_settings":{"template":"highway","enabled":true,"token":"eyJpbWciOiJodHRwczpcL1wvd3d3LmljZWFnZXR2LmNvbVwvcmFkaW9zaXRlXC93cC1jb250ZW50XC91cGxvYWRzXC8yMDI1XC8wNVwvRmVzdGl2YWwtZGUtQ2FubmVzLTIwMjUuanBnIiwidHh0IjoiRmVzdGl2YWwgZGUgQ2FubmVzIDIwMjUgOiBsYSBQYWxtZSBkJiM4MjE3O29yIGF0dHJpYnVcdTAwZTllIGF1IGZpbG0gJiM4MjIwO1VuIHNpbXBsZSBhY2NpZGVudCYjODIyMTsgZGUgbCYjODIxNztJcmFuaWVuIEphZmFyIFBhbmFoaSwgcmV0cm91dmV6IGxlIHBhbG1hclx1MDBlOHMgY29tcGxldCIsInRlbXBsYXRlIjoiaGlnaHdheSIsImJsb2dfaWQiOjExMTAxNjQ2MX0.R4By24uXLcLhcAFqFYN_VnoXOHojwj-ou8oh30SB_Y8MQ"},"version":2},"_wpas_customize_per_network":false},"categories":[68],"tags":[],"class_list":["post-35282","post","type-post","status-publish","format-standard","has-post-thumbnail","hentry","category-actu-culturelle"],"jetpack_publicize_connections":[],"jetpack_featured_media_url":"https:\/\/i0.wp.com\/www.iceagetv.com\/radiosite\/wp-content\/uploads\/2025\/05\/Festival-de-Cannes-2025.jpg?fit=758%2C434&ssl=1","jetpack_sharing_enabled":true,"_links":{"self":[{"href":"https:\/\/www.iceagetv.com\/radiosite\/wp-json\/wp\/v2\/posts\/35282","targetHints":{"allow":["GET"]}}],"collection":[{"href":"https:\/\/www.iceagetv.com\/radiosite\/wp-json\/wp\/v2\/posts"}],"about":[{"href":"https:\/\/www.iceagetv.com\/radiosite\/wp-json\/wp\/v2\/types\/post"}],"author":[{"embeddable":true,"href":"https:\/\/www.iceagetv.com\/radiosite\/wp-json\/wp\/v2\/users\/2"}],"replies":[{"embeddable":true,"href":"https:\/\/www.iceagetv.com\/radiosite\/wp-json\/wp\/v2\/comments?post=35282"}],"version-history":[{"count":1,"href":"https:\/\/www.iceagetv.com\/radiosite\/wp-json\/wp\/v2\/posts\/35282\/revisions"}],"predecessor-version":[{"id":35284,"href":"https:\/\/www.iceagetv.com\/radiosite\/wp-json\/wp\/v2\/posts\/35282\/revisions\/35284"}],"wp:featuredmedia":[{"embeddable":true,"href":"https:\/\/www.iceagetv.com\/radiosite\/wp-json\/wp\/v2\/media\/35283"}],"wp:attachment":[{"href":"https:\/\/www.iceagetv.com\/radiosite\/wp-json\/wp\/v2\/media?parent=35282"}],"wp:term":[{"taxonomy":"category","embeddable":true,"href":"https:\/\/www.iceagetv.com\/radiosite\/wp-json\/wp\/v2\/categories?post=35282"},{"taxonomy":"post_tag","embeddable":true,"href":"https:\/\/www.iceagetv.com\/radiosite\/wp-json\/wp\/v2\/tags?post=35282"}],"curies":[{"name":"wp","href":"https:\/\/api.w.org\/{rel}","templated":true}]}}