{"id":35304,"date":"2025-05-25T16:55:24","date_gmt":"2025-05-25T14:55:24","guid":{"rendered":"https:\/\/www.iceagetv.com\/radiosite\/?p=35304"},"modified":"2025-05-25T16:55:28","modified_gmt":"2025-05-25T14:55:28","slug":"suisse-les-corps-sans-vie-de-cinq-skieurs-retrouves-pres-de-la-station-de-zermatt","status":"publish","type":"post","link":"https:\/\/www.iceagetv.com\/radiosite\/suisse-les-corps-sans-vie-de-cinq-skieurs-retrouves-pres-de-la-station-de-zermatt\/","title":{"rendered":"Suisse: les corps sans vie de cinq skieurs retrouv\u00e9s pr\u00e8s de la station de Zermatt"},"content":{"rendered":"\n<p class=\"\">Les corps ont \u00e9t\u00e9 retrouv\u00e9s samedi dans le massif Rimpfischhorn. L&rsquo;identification formelle des cinq victimes \u00ab\u00a0est toujours en cours\u00a0\u00bb, d&rsquo;apr\u00e8s la police du canton du Valais.<\/p>\n\n\n\n<p class=\"\">Les corps sans vie de cinq skieurs ont \u00e9t\u00e9 trouv\u00e9s ce samedi 24 mai dans le massif Rimpfischhorn, dans les environs de la&nbsp;<a href=\"https:\/\/www.bfmtv.com\/international\/europe\/suisse\/suisse-plusieurs-personnes-emportees-par-une-avalanche-pres-de-zermatt_AD-202404010527.html\">station de ski de Zermatt<\/a>&nbsp;en Suisse, a indiqu\u00e9 la police du canton du Valais dans un communiqu\u00e9 publi\u00e9 dimanche.<\/p>\n\n\n\n<p class=\"\">L&rsquo;identification formelle des victimes, qui se trouvaient sur le glacier de l&rsquo;Adler, \u00ab\u00a0est toujours en cours\u00a0\u00bb, a pr\u00e9cis\u00e9 la police. \u00ab\u00a0Le Minist\u00e8re public a ouvert une instruction afin de d\u00e9terminer les circonstances exactes de cet accident\u00a0\u00bb, indique t-elle.Interrog\u00e9e par l&rsquo;AFP, la porte-parole de la police Kathleen Pralong-Cornaille, a pr\u00e9cis\u00e9 que les identifications et des d\u00e9tails sur les circonstances du d\u00e9c\u00e8s des cinq skieurs devraient \u00eatre disponibles dans les jours qui viennent.<\/p>\n\n\n\n<h2 class=\"wp-block-heading\" id=\"u5uv\">L&rsquo;alerte donn\u00e9e par deux randonneurs<\/h2>\n\n\n\n<p class=\"\">Ce sont deux randonneurs qui ont donn\u00e9 l&rsquo;alerte samedi vers 16h30 apr\u00e8s avoir vu des skis abandonn\u00e9s en contrebas du Rimpfischhorn, \u00e0 4.000&nbsp;m\u00e8tres d\u2019altitude, sans avoir crois\u00e9 leurs propri\u00e9taires, pr\u00e9cise&nbsp;<a href=\"https:\/\/www.rts.ch\/info\/regions\/valais\/2025\/article\/drame-a-zermatt-5-skieurs-retrouves-morts-sur-le-glacier-de-l-adler-28894686.html\" target=\"_blank\" rel=\"noreferrer noopener\">l&rsquo;agence de presse suisse ATS<\/a>.<\/p>\n\n\n\n<p class=\"\">Les cinq corps ont \u00e9t\u00e9 localis\u00e9s apr\u00e8s un survol de la zone par un h\u00e9licopt\u00e8re d&rsquo;Air Zermatt, une compagnie a\u00e9rienne assurant le sauvetage a\u00e9rien dans une partie du canton du Valais, et des recherches men\u00e9es au sol.<\/p>\n\n\n\n<p class=\"\">Selon l&rsquo;ATS, trois d&rsquo;entre eux se trouvaient sur un c\u00f4ne d\u2019avalanche, situ\u00e9 environ 500 m\u00e8tres en contrebas de l&rsquo;endroit o\u00f9 avaient \u00e9t\u00e9 rep\u00e9r\u00e9s les skis. Les deux autres corps se trouvaient pr\u00e8s de 200&nbsp;m\u00e8tres plus haut.<\/p>\n\n\n\n<h2 class=\"wp-block-heading\" id=\"9obv\">Trois personnes d\u00e9couvertes sur un c\u00f4ne d&rsquo;avalanche<\/h2>\n\n\n\n<p class=\"\">Dans un communiqu\u00e9, Air Zermatt a pr\u00e9cis\u00e9 que l&rsquo;\u00e9quipage de l&rsquo;h\u00e9licopt\u00e8re \u00ab\u00a0a d\u00e9couvert trois alpinistes sur un c\u00f4ne d&rsquo;avalanche\u00a0\u00bb \u00e0 \u00ab\u00a0environ 500 m\u00e8tres en-dessous\u00a0\u00bb de l&rsquo;endroit o\u00f9 se trouve un d\u00e9p\u00f4t de skis. Le m\u00e9decin urgentiste n&rsquo;a pu que constater leur d\u00e9c\u00e8s.<\/p>\n\n\n\n<blockquote class=\"wp-block-quote is-layout-flow wp-block-quote-is-layout-flow\">\n<p class=\"\">\u00ab\u00a0Alors que l&rsquo;\u00e9quipage continuait \u00e0 fouiller la paroi rocheuse au-dessus, ils ont d\u00e9couvert deux autres personnes sur une petite plaque de neige \u00e0 environ 200 m\u00e8tres au-dessus\u00a0\u00bb, a ajout\u00e9 Air Zermatt, pr\u00e9cisant que l\u00e0 encore les deux skieurs \u00e9taient d\u00e9j\u00e0 morts \u00e0 l&rsquo;arriv\u00e9e de l&rsquo;\u00e9quipage.<\/p>\n<\/blockquote>\n\n\n\n<p class=\"\">En mars 2024, ce sont six skieurs de randonn\u00e9e qui sont d\u00e9c\u00e9d\u00e9s dans une violente temp\u00eate de neige pr\u00e8s de Zermatt. Le groupe \u00e2g\u00e9s de 21 \u00e0 58 ans, comprenait cinq membres d&rsquo;une m\u00eame famille.<\/p>\n","protected":false},"excerpt":{"rendered":"<p>Les corps ont \u00e9t\u00e9 retrouv\u00e9s samedi dans le massif Rimpfischhorn. L&rsquo;identification formelle des cinq victimes \u00ab\u00a0est toujours en cours\u00a0\u00bb, d&rsquo;apr\u00e8s la police du canton du Valais. Les corps sans vie de cinq skieurs ont \u00e9t\u00e9 trouv\u00e9s ce samedi 24 mai dans le massif Rimpfischhorn, dans les environs de la&nbsp;station de ski de Zermatt&nbsp;en Suisse, a [&hellip;]<\/p>\n","protected":false},"author":2,"featured_media":35305,"comment_status":"open","ping_status":"open","sticky":false,"template":"","format":"standard","meta":{"_jetpack_memberships_contains_paid_content":false,"footnotes":"","jetpack_publicize_message":"","jetpack_publicize_feature_enabled":true,"jetpack_social_post_already_shared":true,"jetpack_social_options":{"image_generator_settings":{"template":"highway","enabled":true,"token":"eyJpbWciOiJodHRwczpcL1wvd3d3LmljZWFnZXR2LmNvbVwvcmFkaW9zaXRlXC93cC1jb250ZW50XC91cGxvYWRzXC8yMDI1XC8wNVwvbGVzLWNvcnBzLXNhbnMtdmllLWRlLWNpbnEtc2tpZXVycy1yZXRyb3V2ZXMtcHJlcy1kZS1sYS1zdGF0aW9uLWRlLVplcm1hdHQuanBnIiwidHh0IjoiU3Vpc3NlOiBsZXMgY29ycHMgc2FucyB2aWUgZGUgY2lucSBza2lldXJzIHJldHJvdXZcdTAwZTlzIHByXHUwMGU4cyBkZSBsYSBzdGF0aW9uIGRlIFplcm1hdHQiLCJ0ZW1wbGF0ZSI6ImhpZ2h3YXkiLCJibG9nX2lkIjoxMTEwMTY0NjF9.ej8ddovOmbNzPCq-4OGXRsbaNSTh68Gc91VHJLB_bnQMQ"},"version":2},"_wpas_customize_per_network":false},"categories":[405],"tags":[],"class_list":["post-35304","post","type-post","status-publish","format-standard","has-post-thumbnail","hentry","category-actu-france-monde"],"jetpack_publicize_connections":[],"jetpack_featured_media_url":"https:\/\/i0.wp.com\/www.iceagetv.com\/radiosite\/wp-content\/uploads\/2025\/05\/les-corps-sans-vie-de-cinq-skieurs-retrouves-pres-de-la-station-de-Zermatt.jpg?fit=712%2C396&ssl=1","jetpack_sharing_enabled":true,"_links":{"self":[{"href":"https:\/\/www.iceagetv.com\/radiosite\/wp-json\/wp\/v2\/posts\/35304","targetHints":{"allow":["GET"]}}],"collection":[{"href":"https:\/\/www.iceagetv.com\/radiosite\/wp-json\/wp\/v2\/posts"}],"about":[{"href":"https:\/\/www.iceagetv.com\/radiosite\/wp-json\/wp\/v2\/types\/post"}],"author":[{"embeddable":true,"href":"https:\/\/www.iceagetv.com\/radiosite\/wp-json\/wp\/v2\/users\/2"}],"replies":[{"embeddable":true,"href":"https:\/\/www.iceagetv.com\/radiosite\/wp-json\/wp\/v2\/comments?post=35304"}],"version-history":[{"count":1,"href":"https:\/\/www.iceagetv.com\/radiosite\/wp-json\/wp\/v2\/posts\/35304\/revisions"}],"predecessor-version":[{"id":35306,"href":"https:\/\/www.iceagetv.com\/radiosite\/wp-json\/wp\/v2\/posts\/35304\/revisions\/35306"}],"wp:featuredmedia":[{"embeddable":true,"href":"https:\/\/www.iceagetv.com\/radiosite\/wp-json\/wp\/v2\/media\/35305"}],"wp:attachment":[{"href":"https:\/\/www.iceagetv.com\/radiosite\/wp-json\/wp\/v2\/media?parent=35304"}],"wp:term":[{"taxonomy":"category","embeddable":true,"href":"https:\/\/www.iceagetv.com\/radiosite\/wp-json\/wp\/v2\/categories?post=35304"},{"taxonomy":"post_tag","embeddable":true,"href":"https:\/\/www.iceagetv.com\/radiosite\/wp-json\/wp\/v2\/tags?post=35304"}],"curies":[{"name":"wp","href":"https:\/\/api.w.org\/{rel}","templated":true}]}}