{"id":35309,"date":"2025-05-25T17:58:10","date_gmt":"2025-05-25T15:58:10","guid":{"rendered":"https:\/\/www.iceagetv.com\/radiosite\/?p=35309"},"modified":"2025-05-25T17:58:14","modified_gmt":"2025-05-25T15:58:14","slug":"sabotages-dans-le-sud-de-la-france-le-ministre-de-linterieur-bruno-retailleau-demande-a-tous-les-prefets-un-renforcement-de-la-protection-du-reseau-electrique","status":"publish","type":"post","link":"https:\/\/www.iceagetv.com\/radiosite\/sabotages-dans-le-sud-de-la-france-le-ministre-de-linterieur-bruno-retailleau-demande-a-tous-les-prefets-un-renforcement-de-la-protection-du-reseau-electrique\/","title":{"rendered":"Sabotages dans le sud de la France : Le Ministre de l&rsquo;Int\u00e9rieur, Bruno Retailleau demande \u00e0 tous les Pr\u00e9fets un renforcement de la protection du r\u00e9seau \u00e9lectrique"},"content":{"rendered":"\n<p class=\"\">Dans un t\u00e9l\u00e9gramme adress\u00e9 \u00e0 l\u2019ensemble des pr\u00e9fets samedi, Bruno Retailleau demande un renforcement de la s\u00e9curit\u00e9 de ces infrastructures strat\u00e9giques, selon des informations du&nbsp;Figaro. Dans ce message que ce sont procur\u00e9s nos confr\u00e8res, on peut lire :&nbsp;<\/p>\n\n\n\n<p class=\"\">\u00ab\u00a0Je vous demande d\u00e8s \u00e0 pr\u00e9sent de prendre toutes les mesures n\u00e9cessaires pour renforcer, en lien avec les op\u00e9rateurs concern\u00e9s, la s\u00e9curit\u00e9 des principaux sites et infrastructures du r\u00e9seau \u00e9lectrique. Vous mobiliserez pour cela l\u2019ensemble de vos services afin notamment de disposer d\u2019une cartographie pr\u00e9cise de ces sites, d\u2019intensifier la recherche du renseignement pour d\u00e9tecter les menaces, ou encore renforcer la surveillance des sites identifi\u00e9s en renfor\u00e7ant les patrouilles.\u00a0\u00bb<\/p>\n\n\n\n<p class=\"\">Apr\u00e8s les sabotages intervenus dans la nuit de vendredi \u00e0 samedi, un nouvel incendie d&rsquo;origine ind\u00e9termin\u00e9e s&rsquo;est d\u00e9clar\u00e9 cette nuit sur un transformateur \u00e9lectrique \u00e0 Nice, a annonc\u00e9 Damien Martinelli, procureur de la R\u00e9publique de Nice. Il fait \u00e9tat de \u00ab\u00a0d\u00e9gradations volontaires\u00a0\u00bb. Le feu s&rsquo;est d\u00e9clar\u00e9 dans la nuit sur un poste \u00e9lectrique situ\u00e9 dans le quartier des Moulins, avenue Paul Montel, dans l&rsquo;ouest de Nice, a indiqu\u00e9 le parquet \u00e0 l&rsquo;AFP, sans plus de pr\u00e9cisions.<\/p>\n\n\n\n<p class=\"\">A cette heure 45.000 foyers ont \u00e9t\u00e9 touch\u00e9s au pic de la coupure.<\/p>\n\n\n\n<p class=\"\">La Ville de Nice porte plainte Le Service interd\u00e9partemental de la police judiciaire de Nice a \u00e9t\u00e9 saisi d&rsquo;une enqu\u00eate en flagrance du chef de destruction par incendie en bande organis\u00e9e. L&rsquo;\u00e9tendue des d\u00e9g\u00e2ts est en cours d&rsquo;examination, pr\u00e9cise le procureur.<\/p>\n\n\n\n<p class=\"\">Sur X, le maire de Nice, Christian Estrosi d\u00e9nonce des \u00ab\u00a0actes malveillants\u00a0\u00bb et annonce d\u00e9poser plainte.<\/p>\n","protected":false},"excerpt":{"rendered":"<p>Dans un t\u00e9l\u00e9gramme adress\u00e9 \u00e0 l\u2019ensemble des pr\u00e9fets samedi, Bruno Retailleau demande un renforcement de la s\u00e9curit\u00e9 de ces infrastructures strat\u00e9giques, selon des informations du&nbsp;Figaro. Dans ce message que ce sont procur\u00e9s nos confr\u00e8res, on peut lire :&nbsp; \u00ab\u00a0Je vous demande d\u00e8s \u00e0 pr\u00e9sent de prendre toutes les mesures n\u00e9cessaires pour renforcer, en lien avec [&hellip;]<\/p>\n","protected":false},"author":2,"featured_media":35310,"comment_status":"open","ping_status":"open","sticky":false,"template":"","format":"standard","meta":{"_jetpack_memberships_contains_paid_content":false,"footnotes":"","jetpack_publicize_message":"","jetpack_publicize_feature_enabled":true,"jetpack_social_post_already_shared":true,"jetpack_social_options":{"image_generator_settings":{"template":"highway","enabled":true,"token":"eyJpbWciOiJodHRwczpcL1wvd3d3LmljZWFnZXR2LmNvbVwvcmFkaW9zaXRlXC93cC1jb250ZW50XC91cGxvYWRzXC8yMDI1XC8wNVwvVU5qamxRYzkuanBnIiwidHh0IjoiU2Fib3RhZ2VzIGRhbnMgbGUgc3VkIGRlIGxhIEZyYW5jZSA6IExlIE1pbmlzdHJlIGRlIGwmIzgyMTc7SW50XHUwMGU5cmlldXIsIEJydW5vIFJldGFpbGxlYXUgZGVtYW5kZSBcdTAwZTAgdG91cyBsZXMgUHJcdTAwZTlmZXRzIHVuIHJlbmZvcmNlbWVudCBkZSBsYSBwcm90ZWN0aW9uIGR1IHJcdTAwZTlzZWF1IFx1MDBlOWxlY3RyaXF1ZSIsInRlbXBsYXRlIjoiaGlnaHdheSIsImJsb2dfaWQiOjExMTAxNjQ2MX0.LSFFTwX05iovrBWaN_jKxMqC7x5yWBQg8Z32jGDykAkMQ"},"version":2},"_wpas_customize_per_network":false},"categories":[405],"tags":[],"class_list":["post-35309","post","type-post","status-publish","format-standard","has-post-thumbnail","hentry","category-actu-france-monde"],"jetpack_publicize_connections":[],"jetpack_featured_media_url":"https:\/\/i0.wp.com\/www.iceagetv.com\/radiosite\/wp-content\/uploads\/2025\/05\/UNjjlQc9.jpg?fit=679%2C293&ssl=1","jetpack_sharing_enabled":true,"_links":{"self":[{"href":"https:\/\/www.iceagetv.com\/radiosite\/wp-json\/wp\/v2\/posts\/35309","targetHints":{"allow":["GET"]}}],"collection":[{"href":"https:\/\/www.iceagetv.com\/radiosite\/wp-json\/wp\/v2\/posts"}],"about":[{"href":"https:\/\/www.iceagetv.com\/radiosite\/wp-json\/wp\/v2\/types\/post"}],"author":[{"embeddable":true,"href":"https:\/\/www.iceagetv.com\/radiosite\/wp-json\/wp\/v2\/users\/2"}],"replies":[{"embeddable":true,"href":"https:\/\/www.iceagetv.com\/radiosite\/wp-json\/wp\/v2\/comments?post=35309"}],"version-history":[{"count":1,"href":"https:\/\/www.iceagetv.com\/radiosite\/wp-json\/wp\/v2\/posts\/35309\/revisions"}],"predecessor-version":[{"id":35311,"href":"https:\/\/www.iceagetv.com\/radiosite\/wp-json\/wp\/v2\/posts\/35309\/revisions\/35311"}],"wp:featuredmedia":[{"embeddable":true,"href":"https:\/\/www.iceagetv.com\/radiosite\/wp-json\/wp\/v2\/media\/35310"}],"wp:attachment":[{"href":"https:\/\/www.iceagetv.com\/radiosite\/wp-json\/wp\/v2\/media?parent=35309"}],"wp:term":[{"taxonomy":"category","embeddable":true,"href":"https:\/\/www.iceagetv.com\/radiosite\/wp-json\/wp\/v2\/categories?post=35309"},{"taxonomy":"post_tag","embeddable":true,"href":"https:\/\/www.iceagetv.com\/radiosite\/wp-json\/wp\/v2\/tags?post=35309"}],"curies":[{"name":"wp","href":"https:\/\/api.w.org\/{rel}","templated":true}]}}