{"id":35313,"date":"2025-05-26T13:36:09","date_gmt":"2025-05-26T11:36:09","guid":{"rendered":"https:\/\/www.iceagetv.com\/radiosite\/?p=35313"},"modified":"2025-05-26T13:36:14","modified_gmt":"2025-05-26T11:36:14","slug":"le-cri-dalarme-des-forains-de-la-foire-du-trone-face-a-une-baisse-de-frequentation-record-cette-annee-ils-denoncent-les-reseaux-sociaux-qui-donnent-une-image-deformee-de-la-foire","status":"publish","type":"post","link":"https:\/\/www.iceagetv.com\/radiosite\/le-cri-dalarme-des-forains-de-la-foire-du-trone-face-a-une-baisse-de-frequentation-record-cette-annee-ils-denoncent-les-reseaux-sociaux-qui-donnent-une-image-deformee-de-la-foire\/","title":{"rendered":"Le cri d\u2019alarme des forains de la Foire du Tr\u00f4ne face \u00e0 une baisse de fr\u00e9quentation record cette ann\u00e9e: Ils d\u00e9noncent les r\u00e9seaux sociaux qui \u00ab\u00a0donnent une image d\u00e9form\u00e9e\u00a0\u00bb de la foire"},"content":{"rendered":"\n<p class=\"\">Dans un communiqu\u00e9, les forains de la Foire du Tr\u00f4ne \u00e9voquent leur situation face \u00e0 une baisse de fr\u00e9quentation record cette ann\u00e9e. \u00ab\u00a0Alors que 2025 est la 1.067\u00e8me \u00e9dition de la Foire du Tr\u00f4ne, les 2.000 forains qui travaillent sur le site sont tr\u00e8s inquiets par une baisse de fr\u00e9quentation record\u00a0\u00bb, \u00e9crivent-ils dans un texte d\u00e9non\u00e7ant deux raisons : l&rsquo;acc\u00e8s et le ph\u00e9nom\u00e8ne national des r\u00e9seaux sociaux.<\/p>\n\n\n\n<p class=\"\">\u00ab\u00a0La bretelle de sortie Charenton du p\u00e9riph\u00e9rique ext\u00e9rieur est ferm\u00e9e et des barrages filtrants sont organis\u00e9s autour de la Pelouse de Reuilly \u00e0 la demande de la ville de Charenton. Les rues de Charenton sont inaccessibles ainsi les visiteurs ne peuvent acc\u00e9der au parking public de la ville. Aux alentours dans le bois de Vincennes, le stationnement est quasiment impossible\u00a0\u00bb, expliquent-ils.<\/p>\n\n\n\n<p class=\"\">Et d&rsquo;ajouter : \u00ab\u00a0Si la ville de Paris ne r\u00e9pond pas aux sollicitations des repr\u00e9sentants des forains, en lib\u00e9rant les all\u00e9es pour se garer et en retirant les appareils b\u00e9liers samedi matin au plus tard, l\u2019ensemble de la communaut\u00e9 indique pr\u00e9voir un blocage de Paris avec le soutien des motards en col\u00e8re et du mouvement Gueux ZFE. Rappelons que pour l\u2019organisation de la Foire du Tr\u00f4ne, les forains reversent \u00e0 la ville de Paris pr\u00e8s de 2 000 000 d\u2019\u20acuros, cela comprend les droits de place et les charges\u00a0\u00bb.<\/p>\n\n\n\n<p class=\"\">\u00ab\u00a0Depuis plusieurs semaines, des vid\u00e9os virales publi\u00e9es sur TikTok, Instagram, X ou Facebook donnent une image d\u00e9form\u00e9e de la Foire du Tr\u00f4ne. Quelques faits isol\u00e9s sont grossis, sortis de leur contexte, voire mis en sc\u00e8ne pour cr\u00e9er artificiellement un sentiment d\u2019ins\u00e9curit\u00e9 Derri\u00e8re ces contenus se cache souvent une logique bien rod\u00e9e : provoquer, filmer, publier\u2026 pour engranger des vues, gagner en notori\u00e9t\u00e9, et parfois obtenir une r\u00e9mun\u00e9ration li\u00e9e au statut d\u2019\u201cinfluenceur\u201d\u00a0\u00bb, indiquent les forains.<\/p>\n\n\n\n<p class=\"\">\u00ab\u00a0Ce ph\u00e9nom\u00e8ne d\u00e9passe la Foire du Tr\u00f4ne : il s\u2019inscrit dans une tendance de fond o\u00f9 l\u2019incivilit\u00e9, qu\u2019elle vise les forces de l\u2019ordre, les soignants, les enseignants ou les commer\u00e7ants, envahit les r\u00e9seaux sociaux. Une minorit\u00e9 d\u2019individus cr\u00e9e des situations de tension, les filme, puis les diffuse massivement. R\u00e9sultat : une impression de chaos g\u00e9n\u00e9ralis\u00e9, alors que dans les faits, ces comportements restent tr\u00e8s marginaux\u00a0\u00bb.<\/p>\n\n\n\n<p class=\"\">Face \u00e0 ces comportements, des poursuites judiciaires sont en cours contre les auteurs de contenus diffamatoires et ceux qui participent \u00e0 leur diffusion. \u00ab\u00a0La Foire du Tr\u00f4ne refuse d\u2019\u00eatre caricatur\u00e9e. Elle reste un lieu de f\u00eate, de transmission et de respect, et entend bien d\u00e9fendre cette r\u00e9alit\u00e9\u00a0\u00bb, conclut le communiqu\u00e9.<\/p>\n","protected":false},"excerpt":{"rendered":"<p>Dans un communiqu\u00e9, les forains de la Foire du Tr\u00f4ne \u00e9voquent leur situation face \u00e0 une baisse de fr\u00e9quentation record cette ann\u00e9e. \u00ab\u00a0Alors que 2025 est la 1.067\u00e8me \u00e9dition de la Foire du Tr\u00f4ne, les 2.000 forains qui travaillent sur le site sont tr\u00e8s inquiets par une baisse de fr\u00e9quentation record\u00a0\u00bb, \u00e9crivent-ils dans un texte [&hellip;]<\/p>\n","protected":false},"author":2,"featured_media":35314,"comment_status":"open","ping_status":"open","sticky":false,"template":"","format":"standard","meta":{"_jetpack_memberships_contains_paid_content":false,"footnotes":"","jetpack_publicize_message":"","jetpack_publicize_feature_enabled":true,"jetpack_social_post_already_shared":true,"jetpack_social_options":{"image_generator_settings":{"template":"highway","enabled":true,"token":"eyJpbWciOiJodHRwczpcL1wvd3d3LmljZWFnZXR2LmNvbVwvcmFkaW9zaXRlXC93cC1jb250ZW50XC91cGxvYWRzXC8yMDI1XC8wNVwvOWI2cjNveWouanBnIiwidHh0IjoiTGUgY3JpIGRcdTIwMTlhbGFybWUgZGVzIGZvcmFpbnMgZGUgbGEgRm9pcmUgZHUgVHJcdTAwZjRuZSBmYWNlIFx1MDBlMCB1bmUgYmFpc3NlIGRlIGZyXHUwMGU5cXVlbnRhdGlvbiByZWNvcmQgY2V0dGUgYW5uXHUwMGU5ZTogSWxzIGRcdTAwZTlub25jZW50IGxlcyByXHUwMGU5c2VhdXggc29jaWF1eCBxdWkgJiM4MjIwO2Rvbm5lbnQgdW5lIGltYWdlIGRcdTAwZTlmb3JtXHUwMGU5ZSYjODIyMTsgZGUgbGEgZm9pcmUiLCJ0ZW1wbGF0ZSI6ImhpZ2h3YXkiLCJibG9nX2lkIjoxMTEwMTY0NjF9.wVbD4EVX_qSpd0QJ7zNYmKJEnWXBN5oD_INoTPraEO4MQ"},"version":2},"_wpas_customize_per_network":false},"categories":[405],"tags":[],"class_list":["post-35313","post","type-post","status-publish","format-standard","has-post-thumbnail","hentry","category-actu-france-monde"],"jetpack_publicize_connections":[],"jetpack_featured_media_url":"https:\/\/i0.wp.com\/www.iceagetv.com\/radiosite\/wp-content\/uploads\/2025\/05\/9b6r3oyj.jpg?fit=679%2C293&ssl=1","jetpack_sharing_enabled":true,"_links":{"self":[{"href":"https:\/\/www.iceagetv.com\/radiosite\/wp-json\/wp\/v2\/posts\/35313","targetHints":{"allow":["GET"]}}],"collection":[{"href":"https:\/\/www.iceagetv.com\/radiosite\/wp-json\/wp\/v2\/posts"}],"about":[{"href":"https:\/\/www.iceagetv.com\/radiosite\/wp-json\/wp\/v2\/types\/post"}],"author":[{"embeddable":true,"href":"https:\/\/www.iceagetv.com\/radiosite\/wp-json\/wp\/v2\/users\/2"}],"replies":[{"embeddable":true,"href":"https:\/\/www.iceagetv.com\/radiosite\/wp-json\/wp\/v2\/comments?post=35313"}],"version-history":[{"count":1,"href":"https:\/\/www.iceagetv.com\/radiosite\/wp-json\/wp\/v2\/posts\/35313\/revisions"}],"predecessor-version":[{"id":35315,"href":"https:\/\/www.iceagetv.com\/radiosite\/wp-json\/wp\/v2\/posts\/35313\/revisions\/35315"}],"wp:featuredmedia":[{"embeddable":true,"href":"https:\/\/www.iceagetv.com\/radiosite\/wp-json\/wp\/v2\/media\/35314"}],"wp:attachment":[{"href":"https:\/\/www.iceagetv.com\/radiosite\/wp-json\/wp\/v2\/media?parent=35313"}],"wp:term":[{"taxonomy":"category","embeddable":true,"href":"https:\/\/www.iceagetv.com\/radiosite\/wp-json\/wp\/v2\/categories?post=35313"},{"taxonomy":"post_tag","embeddable":true,"href":"https:\/\/www.iceagetv.com\/radiosite\/wp-json\/wp\/v2\/tags?post=35313"}],"curies":[{"name":"wp","href":"https:\/\/api.w.org\/{rel}","templated":true}]}}