{"id":35316,"date":"2025-05-26T15:51:33","date_gmt":"2025-05-26T13:51:33","guid":{"rendered":"https:\/\/www.iceagetv.com\/radiosite\/?p=35316"},"modified":"2025-05-26T15:51:37","modified_gmt":"2025-05-26T13:51:37","slug":"des-chauffeurs-de-taxis-ont-mene-ce-matin-un-mouvement-statique-devant-plusieurs-terminaux-des-aeroports-parisiens-dorly-et-roissy-charles-de-gaulle","status":"publish","type":"post","link":"https:\/\/www.iceagetv.com\/radiosite\/des-chauffeurs-de-taxis-ont-mene-ce-matin-un-mouvement-statique-devant-plusieurs-terminaux-des-aeroports-parisiens-dorly-et-roissy-charles-de-gaulle\/","title":{"rendered":"Des chauffeurs de taxis ont men\u00e9 ce matin un \u00ab\u00a0mouvement statique\u00a0\u00bb devant plusieurs terminaux des a\u00e9roports parisiens d&rsquo;Orly et Roissy-Charles de Gaulle"},"content":{"rendered":"\n<p class=\"\">Des&nbsp;chauffeurs de taxis&nbsp;ont men\u00e9 ce matin un&nbsp;\u00abmouvement statique\u00bb&nbsp;devant plusieurs terminaux des a\u00e9roports parisiens d&rsquo;Orly et Roissy-Charles de Gaulle, a indiqu\u00e9 la F\u00e9d\u00e9ration nationale du taxi (FNDT).&nbsp;\u00abCharles-de-Gaulle et Orly sont occup\u00e9s comme pr\u00e9vu depuis 6H\u00bb, a indiqu\u00e9 lundi matin Emmanuelle Cordier, pr\u00e9sidente de la F\u00e9d\u00e9ration nationale du taxi (FNDT).<\/p>\n\n\n\n<p class=\"\">Cette action, pr\u00e9vue entre 6H et 8H, consistait en un&nbsp;\u00abmouvement statique\u00bb:&nbsp;\u00absi vous vous mettez devant des terminaux, plus personne ne peut les atteindre\u00bb, a d\u00e9clar\u00e9 le secr\u00e9taire f\u00e9d\u00e9ral de la FNDT, Dominique Buisson, qui n\u2019a pas pr\u00e9cis\u00e9 le nombre de taxis participant \u00e0 l\u2019action.<\/p>\n\n\n\n<p class=\"\">Les chauffeurs devaient ensuite rejoindre leurs coll\u00e8gues Boulevard Raspail \u00e0 Paris, pr\u00e8s du minist\u00e8re des Transports, o\u00f9 ils sont rassembl\u00e9s depuis le d\u00e9but de leur mouvement.&nbsp;\u00abAujourd\u2019hui c\u2019est soft, c\u2019est \u00e0 partir de mercredi o\u00f9 il y aura vraiment aura un blocage si v\u00e9ritablement les r\u00e9unions ne donnent pas plus que \u00e7a\u00bb, a ajout\u00e9 Dominique Buisson.<\/p>\n\n\n\n<p class=\"\">\u00c0 l\u2019issue d\u2019une rencontre avec les repr\u00e9sentants des chauffeurs, Fran\u00e7ois Bayrou avait annonc\u00e9 samedi soir le r\u00e9examen \u00e0 partir de mardi de la convention qui pr\u00e9voit une unification des tarifs pour le transport des malades, ainsi qu\u2019un travail sur le respect des r\u00e8gles par les plateformes de VTC, deux revendications majeures des taxis. Dimanche, les chauffeurs de taxis avaient d\u00e9cid\u00e9 de prolonger leur mobilisation.<\/p>\n","protected":false},"excerpt":{"rendered":"<p>Des&nbsp;chauffeurs de taxis&nbsp;ont men\u00e9 ce matin un&nbsp;\u00abmouvement statique\u00bb&nbsp;devant plusieurs terminaux des a\u00e9roports parisiens d&rsquo;Orly et Roissy-Charles de Gaulle, a indiqu\u00e9 la F\u00e9d\u00e9ration nationale du taxi (FNDT).&nbsp;\u00abCharles-de-Gaulle et Orly sont occup\u00e9s comme pr\u00e9vu depuis 6H\u00bb, a indiqu\u00e9 lundi matin Emmanuelle Cordier, pr\u00e9sidente de la F\u00e9d\u00e9ration nationale du taxi (FNDT). Cette action, pr\u00e9vue entre 6H et 8H, [&hellip;]<\/p>\n","protected":false},"author":2,"featured_media":35317,"comment_status":"open","ping_status":"open","sticky":false,"template":"","format":"standard","meta":{"_jetpack_memberships_contains_paid_content":false,"footnotes":"","jetpack_publicize_message":"","jetpack_publicize_feature_enabled":true,"jetpack_social_post_already_shared":true,"jetpack_social_options":{"image_generator_settings":{"template":"highway","enabled":true,"token":"eyJpbWciOiJodHRwczpcL1wvd3d3LmljZWFnZXR2LmNvbVwvcmFkaW9zaXRlXC93cC1jb250ZW50XC91cGxvYWRzXC8yMDI1XC8wNVwvMGNYSlhxMXIuanBnIiwidHh0IjoiRGVzIGNoYXVmZmV1cnMgZGUgdGF4aXMgb250IG1lblx1MDBlOSBjZSBtYXRpbiB1biAmIzgyMjA7bW91dmVtZW50IHN0YXRpcXVlJiM4MjIxOyBkZXZhbnQgcGx1c2lldXJzIHRlcm1pbmF1eCBkZXMgYVx1MDBlOXJvcG9ydHMgcGFyaXNpZW5zIGQmIzgyMTc7T3JseSBldCBSb2lzc3ktQ2hhcmxlcyBkZSBHYXVsbGUiLCJ0ZW1wbGF0ZSI6ImhpZ2h3YXkiLCJibG9nX2lkIjoxMTEwMTY0NjF9.WuSSpwzhTfQAM4nx-zliq5y1YmYakdLGsqwtNzrb1a8MQ"},"version":2},"_wpas_customize_per_network":false},"categories":[405],"tags":[],"class_list":["post-35316","post","type-post","status-publish","format-standard","has-post-thumbnail","hentry","category-actu-france-monde"],"jetpack_publicize_connections":[],"jetpack_featured_media_url":"https:\/\/i0.wp.com\/www.iceagetv.com\/radiosite\/wp-content\/uploads\/2025\/05\/0cXJXq1r.jpg?fit=679%2C293&ssl=1","jetpack_sharing_enabled":true,"_links":{"self":[{"href":"https:\/\/www.iceagetv.com\/radiosite\/wp-json\/wp\/v2\/posts\/35316","targetHints":{"allow":["GET"]}}],"collection":[{"href":"https:\/\/www.iceagetv.com\/radiosite\/wp-json\/wp\/v2\/posts"}],"about":[{"href":"https:\/\/www.iceagetv.com\/radiosite\/wp-json\/wp\/v2\/types\/post"}],"author":[{"embeddable":true,"href":"https:\/\/www.iceagetv.com\/radiosite\/wp-json\/wp\/v2\/users\/2"}],"replies":[{"embeddable":true,"href":"https:\/\/www.iceagetv.com\/radiosite\/wp-json\/wp\/v2\/comments?post=35316"}],"version-history":[{"count":1,"href":"https:\/\/www.iceagetv.com\/radiosite\/wp-json\/wp\/v2\/posts\/35316\/revisions"}],"predecessor-version":[{"id":35318,"href":"https:\/\/www.iceagetv.com\/radiosite\/wp-json\/wp\/v2\/posts\/35316\/revisions\/35318"}],"wp:featuredmedia":[{"embeddable":true,"href":"https:\/\/www.iceagetv.com\/radiosite\/wp-json\/wp\/v2\/media\/35317"}],"wp:attachment":[{"href":"https:\/\/www.iceagetv.com\/radiosite\/wp-json\/wp\/v2\/media?parent=35316"}],"wp:term":[{"taxonomy":"category","embeddable":true,"href":"https:\/\/www.iceagetv.com\/radiosite\/wp-json\/wp\/v2\/categories?post=35316"},{"taxonomy":"post_tag","embeddable":true,"href":"https:\/\/www.iceagetv.com\/radiosite\/wp-json\/wp\/v2\/tags?post=35316"}],"curies":[{"name":"wp","href":"https:\/\/api.w.org\/{rel}","templated":true}]}}