{"id":35337,"date":"2025-05-27T14:16:03","date_gmt":"2025-05-27T12:16:03","guid":{"rendered":"https:\/\/www.iceagetv.com\/radiosite\/?p=35337"},"modified":"2025-05-27T14:16:09","modified_gmt":"2025-05-27T12:16:09","slug":"anne-sophie-lapix-est-ecartee-de-la-presentation-du-20h-de-france-2-quelle-anime-depuis-septembre-2017-la-journaliste-partira-a-la-mi-juillet-caroline-roux-en-route-pour-le-20h-de-france-2","status":"publish","type":"post","link":"https:\/\/www.iceagetv.com\/radiosite\/anne-sophie-lapix-est-ecartee-de-la-presentation-du-20h-de-france-2-quelle-anime-depuis-septembre-2017-la-journaliste-partira-a-la-mi-juillet-caroline-roux-en-route-pour-le-20h-de-france-2\/","title":{"rendered":"Anne-Sophie Lapix est \u00e9cart\u00e9e de la pr\u00e9sentation du 20h de France 2, qu&rsquo;elle anime depuis septembre 2017 &#8211; La journaliste partira \u00e0 la mi-juillet &#8211; Caroline Roux en route pour le 20h de France 2 ?"},"content":{"rendered":"\n<p class=\"\">Anne-Sophie Lapix va quitter mi-juillet la pr\u00e9sentation du journal t\u00e9l\u00e9vis\u00e9 de 20H00 sur France 2, qu&rsquo;elle animait depuis septembre 2017, a annonc\u00e9 mardi France T\u00e9l\u00e9visions.A l&rsquo;initiative de ce d\u00e9part, la direction du groupe public \u00ab\u00a0souhaite pouvoir compter \u00e0 la rentr\u00e9e sur le talent d&rsquo;Anne-Sophie Lapix et travaille avec elle sur de nouveaux projets au sein de France T\u00e9l\u00e9visions\u00a0\u00bb, a-t-on pr\u00e9cis\u00e9 dans une d\u00e9claration. Le nom de la personne qui lui succ\u00e8dera \u00e0 la pr\u00e9sentation du 20H00 n&rsquo;a pas encore \u00e9t\u00e9 d\u00e9voil\u00e9.La journaliste de 53 ans a annonc\u00e9 elle-m\u00eame son d\u00e9part \u00e0 son \u00e9quipe mardi matin. La direction de France T\u00e9l\u00e9 \u00ab\u00a0la remercie pour son engagement, son professionnalisme, pour ces huit derni\u00e8res ann\u00e9es au service de l&rsquo;information du service public\u00a0\u00bb.Sa pr\u00e9sidente, Delphine Ernotte Cunci, l&rsquo;a souvent d\u00e9fendue, alors que des rumeurs ont r\u00e9guli\u00e8rement circul\u00e9 sur des pressions politiques pour que la pr\u00e9sentatrice, au ton parfois jug\u00e9 incisif, soit d\u00e9barqu\u00e9e.En janvier dernier, interrog\u00e9e sur Anne-Sophie Lapix et Laurent Delahousse, qui tient les r\u00eanes du 20H00 le week-end, Mme Ernotte Cunci avait dit souhaiter \u00ab\u00a0la plus grande stabilit\u00e9 \u00e0 l&rsquo;antenne\u00a0\u00bb. \u00ab\u00a0Et ramener la question du 20 Heures \u00e0 la personne qui l&rsquo;incarne est tr\u00e8s r\u00e9ducteur\u00a0\u00bb, avait-elle ajout\u00e9.Depuis septembre, la dur\u00e9e du JT a \u00e9t\u00e9 allong\u00e9e \u00e0 une heure, pour mieux \u00ab\u00a0prendre le temps de l&rsquo;information\u00a0\u00bb et \u00ab\u00a0attirer de nouveaux publics\u00a0\u00bb. Mais le 20H00 de TF1, pr\u00e9sent\u00e9 par Gilles Bouleau en semaine, continue de faire la course en t\u00eate.Lundi par exemple, la premi\u00e8re partie du JT de France 2 (entre 20H00 et 20H46), a rassembl\u00e9 3,4 millions de t\u00e9l\u00e9spectateurs en moyenne, contre 5,2 millions pour celui de TF1. Le week-end dernier, Le Parisien indiquait que ce d\u00e9part du JT pourrait, sans aucun doute, \u00eatre justifi\u00e9 par les mauvaises audiences du 20h de France 2.Depuis plusieurs mois, affiche d\u00e9sormais au minimum un million d&rsquo;\u00e9cart avec le journal de Gilles Bouleau sur TF1 en semaine, mais parfois l&rsquo;\u00e9cart peut monter jusqu&rsquo;\u00e0 un million et demi. Le contenu du journal, les choix \u00e9ditoriaux et le positionnement politique marqu\u00e9 \u00e0 gauche, pourrait \u00e9galement avoir un r\u00f4le dans ces scores en baisse.Qui pour remplacer Anne-Sophie Lapix \u00e0 la rentr\u00e9e prochaine ? Connaissant Delphine Ernotte, il est certain que l&rsquo;on voit mal la patronne de France T\u00e9l\u00e9 remplacer une femme par un homme \u00e0 la t\u00eate d&rsquo;un journal aussi symbolique que le 20h. C&rsquo;est donc du c\u00f4t\u00e9 des femmes qu&rsquo;il faut chercher et en particulier de celles qui sont connue du public de la cha\u00eene.Elise Lucet d\u00e9j\u00e0 \u00e0 la t\u00eate de plusieurs magazines ne serait pas en course, reste alors Caroline Roux dont le nom circule avec insistance, m\u00eame si la principale int\u00e9ress\u00e9e a toujours expliqu\u00e9 que ce poste ne la faisait pas r\u00eaver. C&rsquo;est elle qui \u00e0 cette heure tiendrait la corde. A moins que la cha\u00eene fasse un recrutement surprise du c\u00f4t\u00e9 de TF1, M6 ou sur les cha\u00eenes infos&#8230;<\/p>\n","protected":false},"excerpt":{"rendered":"<p>Anne-Sophie Lapix va quitter mi-juillet la pr\u00e9sentation du journal t\u00e9l\u00e9vis\u00e9 de 20H00 sur France 2, qu&rsquo;elle animait depuis septembre 2017, a annonc\u00e9 mardi France T\u00e9l\u00e9visions.A l&rsquo;initiative de ce d\u00e9part, la direction du groupe public \u00ab\u00a0souhaite pouvoir compter \u00e0 la rentr\u00e9e sur le talent d&rsquo;Anne-Sophie Lapix et travaille avec elle sur de nouveaux projets au sein [&hellip;]<\/p>\n","protected":false},"author":2,"featured_media":35338,"comment_status":"open","ping_status":"open","sticky":false,"template":"","format":"standard","meta":{"_jetpack_memberships_contains_paid_content":false,"footnotes":"","jetpack_publicize_message":"","jetpack_publicize_feature_enabled":true,"jetpack_social_post_already_shared":true,"jetpack_social_options":{"image_generator_settings":{"template":"highway","default_image_id":0,"enabled":true,"token":"eyJpbWciOiJodHRwczpcL1wvd3d3LmljZWFnZXR2LmNvbVwvcmFkaW9zaXRlXC93cC1jb250ZW50XC91cGxvYWRzXC8yMDI1XC8wNVwvU2NyZWVuc2hvdF8yMDI1MDUyN18xNDE0NTUuanBnIiwidHh0IjoiQW5uZS1Tb3BoaWUgTGFwaXggZXN0IFx1MDBlOWNhcnRcdTAwZTllIGRlIGxhIHByXHUwMGU5c2VudGF0aW9uIGR1IDIwaCBkZSBGcmFuY2UgMiwgcXUmIzgyMTc7ZWxsZSBhbmltZSBkZXB1aXMgc2VwdGVtYnJlIDIwMTcgJiM4MjExOyBMYSBqb3VybmFsaXN0ZSBwYXJ0aXJhIFx1MDBlMCBsYSBtaS1qdWlsbGV0ICYjODIxMTsgQ2Fyb2xpbmUgUm91eCBlbiByb3V0ZSBwb3VyIGxlIDIwaCBkZSBGcmFuY2UgMiA_IiwidGVtcGxhdGUiOiJoaWdod2F5IiwiYmxvZ19pZCI6MTExMDE2NDYxfQ.Qom9w46tguY5KZp-gcmMjtOMJ2KXGX76RctKesAKdoAMQ"},"version":2},"_wpas_customize_per_network":false},"categories":[68],"tags":[],"class_list":["post-35337","post","type-post","status-publish","format-standard","has-post-thumbnail","hentry","category-actu-culturelle"],"jetpack_publicize_connections":[],"jetpack_featured_media_url":"https:\/\/i0.wp.com\/www.iceagetv.com\/radiosite\/wp-content\/uploads\/2025\/05\/Screenshot_20250527_141455.jpg?fit=930%2C414&ssl=1","jetpack_sharing_enabled":true,"_links":{"self":[{"href":"https:\/\/www.iceagetv.com\/radiosite\/wp-json\/wp\/v2\/posts\/35337","targetHints":{"allow":["GET"]}}],"collection":[{"href":"https:\/\/www.iceagetv.com\/radiosite\/wp-json\/wp\/v2\/posts"}],"about":[{"href":"https:\/\/www.iceagetv.com\/radiosite\/wp-json\/wp\/v2\/types\/post"}],"author":[{"embeddable":true,"href":"https:\/\/www.iceagetv.com\/radiosite\/wp-json\/wp\/v2\/users\/2"}],"replies":[{"embeddable":true,"href":"https:\/\/www.iceagetv.com\/radiosite\/wp-json\/wp\/v2\/comments?post=35337"}],"version-history":[{"count":1,"href":"https:\/\/www.iceagetv.com\/radiosite\/wp-json\/wp\/v2\/posts\/35337\/revisions"}],"predecessor-version":[{"id":35339,"href":"https:\/\/www.iceagetv.com\/radiosite\/wp-json\/wp\/v2\/posts\/35337\/revisions\/35339"}],"wp:featuredmedia":[{"embeddable":true,"href":"https:\/\/www.iceagetv.com\/radiosite\/wp-json\/wp\/v2\/media\/35338"}],"wp:attachment":[{"href":"https:\/\/www.iceagetv.com\/radiosite\/wp-json\/wp\/v2\/media?parent=35337"}],"wp:term":[{"taxonomy":"category","embeddable":true,"href":"https:\/\/www.iceagetv.com\/radiosite\/wp-json\/wp\/v2\/categories?post=35337"},{"taxonomy":"post_tag","embeddable":true,"href":"https:\/\/www.iceagetv.com\/radiosite\/wp-json\/wp\/v2\/tags?post=35337"}],"curies":[{"name":"wp","href":"https:\/\/api.w.org\/{rel}","templated":true}]}}