{"id":35354,"date":"2025-05-28T09:21:43","date_gmt":"2025-05-28T07:21:43","guid":{"rendered":"https:\/\/www.iceagetv.com\/radiosite\/?p=35354"},"modified":"2025-05-28T09:21:48","modified_gmt":"2025-05-28T07:21:48","slug":"tout-est-parti-tres-vite-le-choc-des-vacanciers-sinistres-apres-le-virulent-incendie-dans-un-camping-du-cap-dagde","status":"publish","type":"post","link":"https:\/\/www.iceagetv.com\/radiosite\/tout-est-parti-tres-vite-le-choc-des-vacanciers-sinistres-apres-le-virulent-incendie-dans-un-camping-du-cap-dagde\/","title":{"rendered":"\u00ab\u00a0Tout est parti tr\u00e8s vite\u00a0\u00bb: le choc des vacanciers sinistr\u00e9s apr\u00e8s le virulent incendie dans un camping du Cap d&rsquo;Agde"},"content":{"rendered":"\n<p class=\"\">Un incendie a ravag\u00e9 pr\u00e8s de 1,5 hectare et 181 mobile-homes dans un camping au Cap d&rsquo;Agde, dans l&rsquo;H\u00e9rault, faisant quatre bless\u00e9s l\u00e9gers et provoquant l&rsquo;\u00e9vacuation de pr\u00e8s de 600 vacanciers. Le feu est d\u00e9sormais \u00ab\u00a0circonscrit\u00a0\u00bb, selon les pompiers.Un \u00e9pais panache noir \u00e9tait visible des kilom\u00e8tres \u00e0 la ronde. Mardi 27 mai, pr\u00e8s de 600 vacanciers ont d\u00fb quitt\u00e9 le camping Les Sables d&rsquo;or au Cap d&rsquo;Agde (H\u00e9rault), dans la soir\u00e9e, suite \u00e0 un incendie ayant fait au moins deux bless\u00e9s l\u00e9gers.\u00a0\u00bbOn \u00e9tait dans la piscine et on a vu de la fum\u00e9e noire. Un quart d&rsquo;heure apr\u00e8s, on nous disait d&rsquo;\u00e9vacuer\u00a0\u00bb, raconte un vacancier \u00e0 BFMTV.Environ 160 sapeurs-pompiers ont \u00e9t\u00e9 engag\u00e9s pour \u00e9teindre le feu \u00ab\u00a0tr\u00e8s violent et tr\u00e8s dur\u00a0\u00bb qui s&rsquo;est propag\u00e9 \u00ab\u00a0de mani\u00e8re tr\u00e8s virulente\u00a0\u00bb \u00e0 l&rsquo;ext\u00e9rieur de l&rsquo;\u00e9tablissement en raison du vent, a d\u00e9crit le directeur des sapeurs pompiers de l&rsquo;H\u00e9rault, le g\u00e9n\u00e9ral \u00c9ric Flor\u00e8s.\u00a0\u00bbJe n&rsquo;ai ni ma voiture, ni des affaires pour mes enfants\u00a0\u00bbFace \u00e0 l&rsquo;urgence de la situation, la plupart des vacanciers on \u00e0 peine eu le temps d&rsquo;attraper quelques effets personnels. \u00ab\u00a0Je n&rsquo;ai ni ma voiture, ni des affaires pour mes enfants. Rien\u00a0\u00bb, t\u00e9moigne une femme, assise dans les gradins d&rsquo;un gymnase mis \u00e0 disposition par la ville pour accueillir les sinistr\u00e9s. \u00ab\u00a0On a \u00e9t\u00e9 plus que bien trait\u00e9\u00a0\u00bb, par les \u00e9quipes de secours, assure-t-elle.L&rsquo;\u00e9vacuation du camping \u00ab\u00a0s&rsquo;est faite rapidement\u00a0\u00bb, s&rsquo;est f\u00e9licit\u00e9 hier le g\u00e9n\u00e9ral \u00c9ric Flor\u00e8s. \u00ab\u00a0Tout est parti tr\u00e8s vite\u00a0\u00bb, du fait du vent et de la pr\u00e9sence d&rsquo;arbres, conduisant in\u00e9vitablement \u00e0 \u00ab\u00a0une guerre du feu entre nous (les pompiers) et la vitesse de propagation de ce sinistre\u00a0\u00bb.L&rsquo;incendie a ravag\u00e9 1,5 hectare, 181 mobile-homes et 12 v\u00e9hicules, selon un d\u00e9compte de la pr\u00e9fecture de l&rsquo;H\u00e9rault. Malgr\u00e9 le week-end prolong\u00e9 qui s&rsquo;annonce, certaines familles ne pourront, h\u00e9las, pas poursuivre leurs vacances. \u00ab\u00a0On descend en principe au mois d&rsquo;avril quand le campng ouvre et on reste jusqu&rsquo;\u00e0 la fermeture. Mais malheureusement, demain on devra repartir\u00a0\u00bb, regrette une vacanci\u00e8re.Des solutions de secoursLa nuit derni\u00e8re, le maire (DVD) d&rsquo;Agde, S\u00e9bastien Frey, a annonc\u00e9 qu'\u00a0\u00bbaucun retour ne sera possible dans le camping et dans les bungalows\u00a0\u00bb. \u00ab\u00a0Pour certaines d&rsquo;entre elles, le choc a \u00e9t\u00e9 violent, la peur les a envahies, ce qu&rsquo;on peut parfaitement comprendre\u00a0\u00bb, a d\u00e9taill\u00e9 le maire dans la soir\u00e9e.D\u00e8s ce mercredi matin, la ville s&rsquo;est engag\u00e9 \u00e0 reloger les vacanciers qui n&rsquo;auraient pas de moyen de se loger. \u00ab\u00a0Nous sommes en mesure de leur proposer des solutions d&rsquo;h\u00e9bergement plus conforme \u00e0 ce qu&rsquo;ils \u00e9taient venus chercher ici \u00e0 Agde\u00a0\u00bb, a d\u00e9clar\u00e9 l&rsquo;\u00e9dile.<\/p>\n","protected":false},"excerpt":{"rendered":"<p>Un incendie a ravag\u00e9 pr\u00e8s de 1,5 hectare et 181 mobile-homes dans un camping au Cap d&rsquo;Agde, dans l&rsquo;H\u00e9rault, faisant quatre bless\u00e9s l\u00e9gers et provoquant l&rsquo;\u00e9vacuation de pr\u00e8s de 600 vacanciers. Le feu est d\u00e9sormais \u00ab\u00a0circonscrit\u00a0\u00bb, selon les pompiers.Un \u00e9pais panache noir \u00e9tait visible des kilom\u00e8tres \u00e0 la ronde. Mardi 27 mai, pr\u00e8s de 600 [&hellip;]<\/p>\n","protected":false},"author":2,"featured_media":35355,"comment_status":"open","ping_status":"open","sticky":false,"template":"","format":"standard","meta":{"_jetpack_memberships_contains_paid_content":false,"footnotes":"","jetpack_publicize_message":"","jetpack_publicize_feature_enabled":true,"jetpack_social_post_already_shared":true,"jetpack_social_options":{"image_generator_settings":{"template":"highway","default_image_id":0,"enabled":true,"token":"eyJpbWciOiJodHRwczpcL1wvd3d3LmljZWFnZXR2LmNvbVwvcmFkaW9zaXRlXC93cC1jb250ZW50XC91cGxvYWRzXC8yMDI1XC8wNVwvU2NyZWVuc2hvdF8yMDI1MDUyOF8wOTIwNDMuanBnIiwidHh0IjoiJiM4MjIwO1RvdXQgZXN0IHBhcnRpIHRyXHUwMGU4cyB2aXRlJiM4MjIxOzogbGUgY2hvYyBkZXMgdmFjYW5jaWVycyBzaW5pc3RyXHUwMGU5cyBhcHJcdTAwZThzIGxlIHZpcnVsZW50IGluY2VuZGllIGRhbnMgdW4gY2FtcGluZyBkdSBDYXAgZCYjODIxNztBZ2RlIiwidGVtcGxhdGUiOiJoaWdod2F5IiwiYmxvZ19pZCI6MTExMDE2NDYxfQ.xFveHV06XIDkx6f7Gxn-LHwyWIqMJTC2foMxYgcq1isMQ"},"version":2},"_wpas_customize_per_network":false},"categories":[405],"tags":[],"class_list":["post-35354","post","type-post","status-publish","format-standard","has-post-thumbnail","hentry","category-actu-france-monde"],"jetpack_publicize_connections":[],"jetpack_featured_media_url":"https:\/\/i0.wp.com\/www.iceagetv.com\/radiosite\/wp-content\/uploads\/2025\/05\/Screenshot_20250528_092043.jpg?fit=974%2C574&ssl=1","jetpack_sharing_enabled":true,"_links":{"self":[{"href":"https:\/\/www.iceagetv.com\/radiosite\/wp-json\/wp\/v2\/posts\/35354","targetHints":{"allow":["GET"]}}],"collection":[{"href":"https:\/\/www.iceagetv.com\/radiosite\/wp-json\/wp\/v2\/posts"}],"about":[{"href":"https:\/\/www.iceagetv.com\/radiosite\/wp-json\/wp\/v2\/types\/post"}],"author":[{"embeddable":true,"href":"https:\/\/www.iceagetv.com\/radiosite\/wp-json\/wp\/v2\/users\/2"}],"replies":[{"embeddable":true,"href":"https:\/\/www.iceagetv.com\/radiosite\/wp-json\/wp\/v2\/comments?post=35354"}],"version-history":[{"count":1,"href":"https:\/\/www.iceagetv.com\/radiosite\/wp-json\/wp\/v2\/posts\/35354\/revisions"}],"predecessor-version":[{"id":35356,"href":"https:\/\/www.iceagetv.com\/radiosite\/wp-json\/wp\/v2\/posts\/35354\/revisions\/35356"}],"wp:featuredmedia":[{"embeddable":true,"href":"https:\/\/www.iceagetv.com\/radiosite\/wp-json\/wp\/v2\/media\/35355"}],"wp:attachment":[{"href":"https:\/\/www.iceagetv.com\/radiosite\/wp-json\/wp\/v2\/media?parent=35354"}],"wp:term":[{"taxonomy":"category","embeddable":true,"href":"https:\/\/www.iceagetv.com\/radiosite\/wp-json\/wp\/v2\/categories?post=35354"},{"taxonomy":"post_tag","embeddable":true,"href":"https:\/\/www.iceagetv.com\/radiosite\/wp-json\/wp\/v2\/tags?post=35354"}],"curies":[{"name":"wp","href":"https:\/\/api.w.org\/{rel}","templated":true}]}}