{"id":35371,"date":"2025-05-29T08:22:25","date_gmt":"2025-05-29T06:22:25","guid":{"rendered":"https:\/\/www.iceagetv.com\/radiosite\/?p=35371"},"modified":"2025-05-29T08:22:29","modified_gmt":"2025-05-29T06:22:29","slug":"le-milliardaire-elon-musk-a-confirme-cette-nuit-son-depart-comme-prevu-du-gouvernement-de-donald-trump-au-sein-duquel-il-devait-tailler-dans-les-depenses-publiques","status":"publish","type":"post","link":"https:\/\/www.iceagetv.com\/radiosite\/le-milliardaire-elon-musk-a-confirme-cette-nuit-son-depart-comme-prevu-du-gouvernement-de-donald-trump-au-sein-duquel-il-devait-tailler-dans-les-depenses-publiques\/","title":{"rendered":"Le milliardaire Elon Musk a confirm\u00e9 cette nuit son d\u00e9part comme \u00abpr\u00e9vu\u00bb du gouvernement de Donald Trump, au sein duquel il devait tailler dans les d\u00e9penses publiques"},"content":{"rendered":"\n<p class=\"\">e milliardaire Elon Musk a confirm\u00e9 cette nuit son d\u00e9part comme \u00abpr\u00e9vu\u00bb du gouvernement de Donald Trump, au sein duquel il dirigeait un organisme charg\u00e9 de tailler dans les d\u00e9penses publiques, suscitant de nombreuses critiques parmi la classe politique am\u00e9ricaine. \u00abAlors que ma p\u00e9riode pr\u00e9vue en tant qu\u2019employ\u00e9 sp\u00e9cial du gouvernement touche \u00e0 sa fin, je voudrais remercier le pr\u00e9sident Donald Trump de m\u2019avoir donn\u00e9 l\u2019occasion de r\u00e9duire les d\u00e9penses inutiles\u00bb, a \u00e9crit l\u2019homme d\u2019affaires sur son r\u00e9seau social X.<\/p>\n\n\n\n<p class=\"\">Cette annonce intervient apr\u00e8s les critiques publiques de Musk concernant le projet de loi phare de Trump, surnomm\u00e9 le \u00ab\u00a0big beautiful bill\u00a0\u00bb. S&rsquo;exprimant sur CBS, il avait qualifi\u00e9 cette l\u00e9gislation, combinant r\u00e9ductions d&rsquo;imp\u00f4ts et renforcement de l&rsquo;immigration, de \u00ab\u00a0projet de loi de d\u00e9penses massives\u00a0\u00bb qui creuse le d\u00e9ficit f\u00e9d\u00e9ral. \u00ab\u00a0Je pense qu&rsquo;un projet de loi peut \u00eatre grand ou il pourrait \u00eatre beau, mais je ne sais pas s&rsquo;il pourrait \u00eatre les deux\u00a0\u00bb, avait d\u00e9clar\u00e9 Musk.<\/p>\n\n\n\n<p class=\"\">Trump avait nomm\u00e9 Musk \u00e0 la t\u00eate du D\u00e9partement d&rsquo;efficacit\u00e9 gouvernementale (DOGE) apr\u00e8s sa r\u00e9\u00e9lection en novembre. L&rsquo;homme d&rsquo;affaires Vivek Ramaswamy devait codirige cette structure, mais s&rsquo;\u00e9tait retir\u00e9 quelques heures apr\u00e8s l&rsquo;investiture pr\u00e9sidentielle en janvier.<\/p>\n\n\n\n<p class=\"\">Des rapports du mois dernier indiquaient d\u00e9j\u00e0 que Trump avait inform\u00e9 son Cabinet du d\u00e9part prochain de Musk, notamment apr\u00e8s l&rsquo;annonce par ce dernier d&rsquo;une enqu\u00eate sur les sources d&rsquo;enrichissement des membres du Congr\u00e8s.<\/p>\n","protected":false},"excerpt":{"rendered":"<p>e milliardaire Elon Musk a confirm\u00e9 cette nuit son d\u00e9part comme \u00abpr\u00e9vu\u00bb du gouvernement de Donald Trump, au sein duquel il dirigeait un organisme charg\u00e9 de tailler dans les d\u00e9penses publiques, suscitant de nombreuses critiques parmi la classe politique am\u00e9ricaine. \u00abAlors que ma p\u00e9riode pr\u00e9vue en tant qu\u2019employ\u00e9 sp\u00e9cial du gouvernement touche \u00e0 sa fin, [&hellip;]<\/p>\n","protected":false},"author":2,"featured_media":35373,"comment_status":"open","ping_status":"open","sticky":false,"template":"","format":"standard","meta":{"_jetpack_memberships_contains_paid_content":false,"footnotes":"","jetpack_publicize_message":"","jetpack_publicize_feature_enabled":true,"jetpack_social_post_already_shared":true,"jetpack_social_options":{"image_generator_settings":{"template":"highway","default_image_id":0,"enabled":true,"token":"eyJpbWciOiJodHRwczpcL1wvd3d3LmljZWFnZXR2LmNvbVwvcmFkaW9zaXRlXC93cC1jb250ZW50XC91cGxvYWRzXC8yMDI1XC8wNVwvQ2FwdHVyZS1kZWNyYW4tMjAyNS0wNS0yOS0wODIxNDUucG5nIiwidHh0IjoiTGUgbWlsbGlhcmRhaXJlIEVsb24gTXVzayBhIGNvbmZpcm1cdTAwZTkgY2V0dGUgbnVpdCBzb24gZFx1MDBlOXBhcnQgY29tbWUgXHUwMGFicHJcdTAwZTl2dVx1MDBiYiBkdSBnb3V2ZXJuZW1lbnQgZGUgRG9uYWxkIFRydW1wLCBhdSBzZWluIGR1cXVlbCBpbCBkZXZhaXQgdGFpbGxlciBkYW5zIGxlcyBkXHUwMGU5cGVuc2VzIHB1YmxpcXVlcyIsInRlbXBsYXRlIjoiaGlnaHdheSIsImJsb2dfaWQiOjExMTAxNjQ2MX0.9AEjeIpi2KcCyl0P6Syp6BqJ2nvb6KDTBJWz-sG10twMQ"},"version":2},"_wpas_customize_per_network":false},"categories":[405],"tags":[],"class_list":["post-35371","post","type-post","status-publish","format-standard","has-post-thumbnail","hentry","category-actu-france-monde"],"jetpack_publicize_connections":[],"jetpack_featured_media_url":"https:\/\/i0.wp.com\/www.iceagetv.com\/radiosite\/wp-content\/uploads\/2025\/05\/Capture-decran-2025-05-29-082145.png?fit=600%2C268&ssl=1","jetpack_sharing_enabled":true,"_links":{"self":[{"href":"https:\/\/www.iceagetv.com\/radiosite\/wp-json\/wp\/v2\/posts\/35371","targetHints":{"allow":["GET"]}}],"collection":[{"href":"https:\/\/www.iceagetv.com\/radiosite\/wp-json\/wp\/v2\/posts"}],"about":[{"href":"https:\/\/www.iceagetv.com\/radiosite\/wp-json\/wp\/v2\/types\/post"}],"author":[{"embeddable":true,"href":"https:\/\/www.iceagetv.com\/radiosite\/wp-json\/wp\/v2\/users\/2"}],"replies":[{"embeddable":true,"href":"https:\/\/www.iceagetv.com\/radiosite\/wp-json\/wp\/v2\/comments?post=35371"}],"version-history":[{"count":1,"href":"https:\/\/www.iceagetv.com\/radiosite\/wp-json\/wp\/v2\/posts\/35371\/revisions"}],"predecessor-version":[{"id":35374,"href":"https:\/\/www.iceagetv.com\/radiosite\/wp-json\/wp\/v2\/posts\/35371\/revisions\/35374"}],"wp:featuredmedia":[{"embeddable":true,"href":"https:\/\/www.iceagetv.com\/radiosite\/wp-json\/wp\/v2\/media\/35373"}],"wp:attachment":[{"href":"https:\/\/www.iceagetv.com\/radiosite\/wp-json\/wp\/v2\/media?parent=35371"}],"wp:term":[{"taxonomy":"category","embeddable":true,"href":"https:\/\/www.iceagetv.com\/radiosite\/wp-json\/wp\/v2\/categories?post=35371"},{"taxonomy":"post_tag","embeddable":true,"href":"https:\/\/www.iceagetv.com\/radiosite\/wp-json\/wp\/v2\/tags?post=35371"}],"curies":[{"name":"wp","href":"https:\/\/api.w.org\/{rel}","templated":true}]}}