{"id":35394,"date":"2025-05-30T11:49:30","date_gmt":"2025-05-30T09:49:30","guid":{"rendered":"https:\/\/www.iceagetv.com\/radiosite\/?p=35394"},"modified":"2025-05-30T11:49:33","modified_gmt":"2025-05-30T09:49:33","slug":"les-ventes-de-tabac-ont-chute-de-115-en-france-en-2024","status":"publish","type":"post","link":"https:\/\/www.iceagetv.com\/radiosite\/les-ventes-de-tabac-ont-chute-de-115-en-france-en-2024\/","title":{"rendered":"Les ventes de tabac ont chut\u00e9 de 11,5% en France en 2024"},"content":{"rendered":"\n<p class=\"\">En France en 2024, les ventes de tabac ont chut\u00e9 de 11,5%, r\u00e9v\u00e8le ce vendredi l&rsquo;Observatoire fran\u00e7ais des drogues et des tendances addictives. Cette tendance est continue depuis plusieurs ann\u00e9es, avec en moyenne -7% de ventes chaque ann\u00e9e entre 2017 et 2024.<\/p>\n\n\n\n<p class=\"\">Alors que le\u00a0<a href=\"https:\/\/www.francebleu.fr\/infos\/sante-sciences\/il-sera-interdit-de-fumer-a-proximite-des-plages-parcs-ecoles-a-partir-du-1er-juillet-annonce-catherine-vautrin-8866756\">gouvernement a annonc\u00e9 ce jeudi l&rsquo;interdiction de fumer sur les plages, dans les parcs, ou encore \u00e0 proximit\u00e9 des \u00e9coles<\/a>, l&rsquo;Observatoire fran\u00e7ais des drogues et des tendances addictives\u00a0(OFDT) dresse ce vendredi le bilan de l&rsquo;ann\u00e9e 2024. Les ventes de tabac ont chut\u00e9 de 11,5% par rapport \u00e0 2023 en France, selon l&rsquo;observatoire, qui note qui d\u00e9taille une baisse de 12,3% des cigarettes et de 13,2% pour le tabac \u00e0 rouler.Cette tendance est continue depuis plusieurs ann\u00e9es (-7% en moyenne entre 2017 et 2024) est aujourd&rsquo;hui uniforme sur le territoire, soulignent les auteurs de la note, relevant en particulier une&nbsp;<strong>diminution dans les m\u00eames proportions dans les d\u00e9partements frontaliers avec la Belgique<\/strong>, l\u00e0 o\u00f9 la baisse est d&rsquo;ordinaire plus marqu\u00e9e en raison des achats transfrontaliers. Mais la Belgique a appliqu\u00e9 \u00e0 partir de janvier 2024 une hausse de 25% des prix du tabac.<\/p>\n\n\n\n<p class=\"\">Au total, en 2024, les ventes de tabac chez les buralistes en France \u00ab\u00a0continentale\u00a0\u00bb s&rsquo;\u00e9l\u00e8vent \u00e0 32.846 tonnes.&nbsp;La baisse des ventes \u00ab\u00a0<em>s&rsquo;accompagne d&rsquo;une diminution continue du tabagisme<\/em>\u00ab\u00a0, qui se situe \u00e0 un \u00ab\u00a0<em>niveau historiquement bas<\/em>\u00ab\u00a0, estime cet organe de r\u00e9f\u00e9rence, qui se r\u00e9f\u00e8re sur ce point \u00e0 des donn\u00e9es de 2023. Moins d&rsquo;un quart des adultes de 18 \u00e0 75 ans d\u00e9clarait fumer quotidiennement, selon ces derni\u00e8res donn\u00e9es, soit \u00ab\u00a0<em>la pr\u00e9valence la plus faible jamais enregistr\u00e9e depuis 2000<\/em>\u00ab\u00a0.<\/p>\n\n\n\n<p class=\"\">Malgr\u00e9 la diminution des ventes et du tabagisme, \u00ab\u00a0<em>le chiffre d&rsquo;affaires global du tabac atteint 19,3 milliards d&rsquo;euros, avec une croissance moyenne de 0,9% par an depuis 2017 port\u00e9e par la hausse des prix<\/em>\u00ab\u00a0, note l&rsquo;Observatoire.<\/p>\n","protected":false},"excerpt":{"rendered":"<p>En France en 2024, les ventes de tabac ont chut\u00e9 de 11,5%, r\u00e9v\u00e8le ce vendredi l&rsquo;Observatoire fran\u00e7ais des drogues et des tendances addictives. Cette tendance est continue depuis plusieurs ann\u00e9es, avec en moyenne -7% de ventes chaque ann\u00e9e entre 2017 et 2024. Alors que le\u00a0gouvernement a annonc\u00e9 ce jeudi l&rsquo;interdiction de fumer sur les plages, [&hellip;]<\/p>\n","protected":false},"author":2,"featured_media":35395,"comment_status":"open","ping_status":"open","sticky":false,"template":"","format":"standard","meta":{"_jetpack_memberships_contains_paid_content":false,"footnotes":"","jetpack_publicize_message":"","jetpack_publicize_feature_enabled":true,"jetpack_social_post_already_shared":true,"jetpack_social_options":{"image_generator_settings":{"template":"highway","default_image_id":0,"enabled":true,"token":"eyJpbWciOiJodHRwczpcL1wvd3d3LmljZWFnZXR2LmNvbVwvcmFkaW9zaXRlXC93cC1jb250ZW50XC91cGxvYWRzXC8yMDI1XC8wNVwvQ2FwdHVyZS1kZWNyYW4tMjAyNS0wNS0zMC0xMTQ4NDYucG5nIiwidHh0IjoiTGVzIHZlbnRlcyBkZSB0YWJhYyBvbnQgY2h1dFx1MDBlOSBkZSAxMSw1JSBlbiBGcmFuY2UgZW4gMjAyNCIsInRlbXBsYXRlIjoiaGlnaHdheSIsImJsb2dfaWQiOjExMTAxNjQ2MX0.FTLdsZOloKv7aq33nUWiVM8Mb_W2qIfL6cgwtbxaOWwMQ"},"version":2},"_wpas_customize_per_network":false},"categories":[405],"tags":[],"class_list":["post-35394","post","type-post","status-publish","format-standard","has-post-thumbnail","hentry","category-actu-france-monde"],"jetpack_publicize_connections":[],"jetpack_featured_media_url":"https:\/\/i0.wp.com\/www.iceagetv.com\/radiosite\/wp-content\/uploads\/2025\/05\/Capture-decran-2025-05-30-114846.png?fit=763%2C373&ssl=1","jetpack_sharing_enabled":true,"_links":{"self":[{"href":"https:\/\/www.iceagetv.com\/radiosite\/wp-json\/wp\/v2\/posts\/35394","targetHints":{"allow":["GET"]}}],"collection":[{"href":"https:\/\/www.iceagetv.com\/radiosite\/wp-json\/wp\/v2\/posts"}],"about":[{"href":"https:\/\/www.iceagetv.com\/radiosite\/wp-json\/wp\/v2\/types\/post"}],"author":[{"embeddable":true,"href":"https:\/\/www.iceagetv.com\/radiosite\/wp-json\/wp\/v2\/users\/2"}],"replies":[{"embeddable":true,"href":"https:\/\/www.iceagetv.com\/radiosite\/wp-json\/wp\/v2\/comments?post=35394"}],"version-history":[{"count":1,"href":"https:\/\/www.iceagetv.com\/radiosite\/wp-json\/wp\/v2\/posts\/35394\/revisions"}],"predecessor-version":[{"id":35396,"href":"https:\/\/www.iceagetv.com\/radiosite\/wp-json\/wp\/v2\/posts\/35394\/revisions\/35396"}],"wp:featuredmedia":[{"embeddable":true,"href":"https:\/\/www.iceagetv.com\/radiosite\/wp-json\/wp\/v2\/media\/35395"}],"wp:attachment":[{"href":"https:\/\/www.iceagetv.com\/radiosite\/wp-json\/wp\/v2\/media?parent=35394"}],"wp:term":[{"taxonomy":"category","embeddable":true,"href":"https:\/\/www.iceagetv.com\/radiosite\/wp-json\/wp\/v2\/categories?post=35394"},{"taxonomy":"post_tag","embeddable":true,"href":"https:\/\/www.iceagetv.com\/radiosite\/wp-json\/wp\/v2\/tags?post=35394"}],"curies":[{"name":"wp","href":"https:\/\/api.w.org\/{rel}","templated":true}]}}