{"id":35397,"date":"2025-05-30T13:46:39","date_gmt":"2025-05-30T11:46:39","guid":{"rendered":"https:\/\/www.iceagetv.com\/radiosite\/?p=35397"},"modified":"2025-05-30T13:46:43","modified_gmt":"2025-05-30T11:46:43","slug":"nantes-une-jeune-fille-de-19-ans-poignardee-a-une-dizaine-de-reprises-en-pleine-rue-par-son-ancien-compagnon-contre-qui-elle-avait-depose-plainte-pour-tentative-dagression","status":"publish","type":"post","link":"https:\/\/www.iceagetv.com\/radiosite\/nantes-une-jeune-fille-de-19-ans-poignardee-a-une-dizaine-de-reprises-en-pleine-rue-par-son-ancien-compagnon-contre-qui-elle-avait-depose-plainte-pour-tentative-dagression\/","title":{"rendered":"Nantes : Une jeune fille de 19 ans poignard\u00e9e \u00e0 une dizaine de reprises, en pleine rue, par son ancien compagnon, contre qui elle avait d\u00e9pos\u00e9 plainte pour \u00ab\u00a0tentative d&rsquo;agression\u00a0\u00bb"},"content":{"rendered":"\n<p class=\"\">Une jeune fille \u00e2g\u00e9e de 19 ans a \u00e9t\u00e9 poignard\u00e9e \u00e0 une dizaine de reprises, \u00e0 Nantes, alors qu&rsquo;elle se trouvait rue de la R\u00e9volution-des-Oeilllets. Selon Ouest France qui r\u00e9v\u00e8le l&rsquo;information, le drame s&rsquo;est produit pr\u00e8s d\u2019un parc \u00e0 l\u2019extr\u00e9mit\u00e9 orientale du quartier sensible de Malakoff.<\/p>\n\n\n\n<p class=\"\">La jeune femme a \u00e9t\u00e9 transport\u00e9e dans un \u00e9tat tr\u00e8s pr\u00e9occupant au CHU de Nantes. Le pronostic vital de la victime n\u2019\u00e9tait plus engag\u00e9.<\/p>\n\n\n\n<p class=\"\">Plusieurs t\u00e9moins de l\u2019attaque ont cherch\u00e9 en vain \u00e0 ma\u00eetriser l\u2019assaillant, qui a pris la fuite en d\u00e9but de soir\u00e9e.&nbsp;Accompagn\u00e9 d\u2019un autre homme, un homme est intervenu et s&rsquo;est confi\u00e9 \u00e0 Ouest France:&nbsp;\u00ab<\/p>\n\n\n\n<p class=\"\">&nbsp;Au d\u00e9part, j\u2019ai pens\u00e9 \u00e0 des enfants qui se battaient.&nbsp;Mais en faisant plus attention, j\u2019ai vu que c\u2019\u00e9tait un homme, en train de donner des coups de couteau \u00e0 une femme.&nbsp;Nous avons essay\u00e9 de ma\u00eetriser l\u2019agresseur, de le s\u00e9parer de la femme.\u00a0\u00bb<\/p>\n\n\n\n<p class=\"\">Ce matin, l\u2019individu \u00e9tait encore activement recherch\u00e9 par les forces de l\u2019ordre, pour \u00abtentative d\u2019homicide\u00bb.<\/p>\n\n\n\n<p class=\"\">De leur c\u00f4t\u00e9, nos confr\u00e8res du Figaro indiquent que l\u2019auteur des faits est l\u2019ancien compagnon de la victime qui pourrait avoir cherch\u00e9 \u00e0 pi\u00e9ger sa victime dans un traquenard.<\/p>\n\n\n\n<p class=\"\">Connu des forces de l\u2019ordre, l\u2019individu avait \u00e9t\u00e9 plac\u00e9 en garde \u00e0 vue en d\u00e9but de semaine, apr\u00e8s une plainte d\u00e9pos\u00e9e par la victime en raison de plusieurs \u00abtentatives d\u2019agression\u00bb.<\/p>\n\n\n\n<p class=\"\">Son audition n\u2019avait d\u00e9bouch\u00e9 sur aucune poursuite judiciaire, aussi a-t-il pu ressortir libre.<\/p>\n","protected":false},"excerpt":{"rendered":"<p>Une jeune fille \u00e2g\u00e9e de 19 ans a \u00e9t\u00e9 poignard\u00e9e \u00e0 une dizaine de reprises, \u00e0 Nantes, alors qu&rsquo;elle se trouvait rue de la R\u00e9volution-des-Oeilllets. Selon Ouest France qui r\u00e9v\u00e8le l&rsquo;information, le drame s&rsquo;est produit pr\u00e8s d\u2019un parc \u00e0 l\u2019extr\u00e9mit\u00e9 orientale du quartier sensible de Malakoff. La jeune femme a \u00e9t\u00e9 transport\u00e9e dans un \u00e9tat [&hellip;]<\/p>\n","protected":false},"author":2,"featured_media":35398,"comment_status":"open","ping_status":"open","sticky":false,"template":"","format":"standard","meta":{"_jetpack_memberships_contains_paid_content":false,"footnotes":"","jetpack_publicize_message":"","jetpack_publicize_feature_enabled":true,"jetpack_social_post_already_shared":true,"jetpack_social_options":{"image_generator_settings":{"template":"highway","default_image_id":0,"enabled":true,"token":"eyJpbWciOiJodHRwczpcL1wvd3d3LmljZWFnZXR2LmNvbVwvcmFkaW9zaXRlXC93cC1jb250ZW50XC91cGxvYWRzXC8yMDI1XC8wNVwvQ2FwdHVyZS1kZWNyYW4tMjAyNS0wNS0zMC0xMzQ1NTkucG5nIiwidHh0IjoiTmFudGVzIDogVW5lIGpldW5lIGZpbGxlIGRlIDE5IGFucyBwb2lnbmFyZFx1MDBlOWUgXHUwMGUwIHVuZSBkaXphaW5lIGRlIHJlcHJpc2VzLCBlbiBwbGVpbmUgcnVlLCBwYXIgc29uIGFuY2llbiBjb21wYWdub24sIGNvbnRyZSBxdWkgZWxsZSBhdmFpdCBkXHUwMGU5cG9zXHUwMGU5IHBsYWludGUgcG91ciAmIzgyMjA7dGVudGF0aXZlIGQmIzgyMTc7YWdyZXNzaW9uJiM4MjIxOyIsInRlbXBsYXRlIjoiaGlnaHdheSIsImJsb2dfaWQiOjExMTAxNjQ2MX0.3cb4CULZIXaUhI_rm6W_TF3LMdB1S7T2ToCw5gcXOQoMQ"},"version":2},"_wpas_customize_per_network":false},"categories":[405],"tags":[],"class_list":["post-35397","post","type-post","status-publish","format-standard","has-post-thumbnail","hentry","category-actu-france-monde"],"jetpack_publicize_connections":[],"jetpack_featured_media_url":"https:\/\/i0.wp.com\/www.iceagetv.com\/radiosite\/wp-content\/uploads\/2025\/05\/Capture-decran-2025-05-30-134559.png?fit=577%2C277&ssl=1","jetpack_sharing_enabled":true,"_links":{"self":[{"href":"https:\/\/www.iceagetv.com\/radiosite\/wp-json\/wp\/v2\/posts\/35397","targetHints":{"allow":["GET"]}}],"collection":[{"href":"https:\/\/www.iceagetv.com\/radiosite\/wp-json\/wp\/v2\/posts"}],"about":[{"href":"https:\/\/www.iceagetv.com\/radiosite\/wp-json\/wp\/v2\/types\/post"}],"author":[{"embeddable":true,"href":"https:\/\/www.iceagetv.com\/radiosite\/wp-json\/wp\/v2\/users\/2"}],"replies":[{"embeddable":true,"href":"https:\/\/www.iceagetv.com\/radiosite\/wp-json\/wp\/v2\/comments?post=35397"}],"version-history":[{"count":1,"href":"https:\/\/www.iceagetv.com\/radiosite\/wp-json\/wp\/v2\/posts\/35397\/revisions"}],"predecessor-version":[{"id":35399,"href":"https:\/\/www.iceagetv.com\/radiosite\/wp-json\/wp\/v2\/posts\/35397\/revisions\/35399"}],"wp:featuredmedia":[{"embeddable":true,"href":"https:\/\/www.iceagetv.com\/radiosite\/wp-json\/wp\/v2\/media\/35398"}],"wp:attachment":[{"href":"https:\/\/www.iceagetv.com\/radiosite\/wp-json\/wp\/v2\/media?parent=35397"}],"wp:term":[{"taxonomy":"category","embeddable":true,"href":"https:\/\/www.iceagetv.com\/radiosite\/wp-json\/wp\/v2\/categories?post=35397"},{"taxonomy":"post_tag","embeddable":true,"href":"https:\/\/www.iceagetv.com\/radiosite\/wp-json\/wp\/v2\/tags?post=35397"}],"curies":[{"name":"wp","href":"https:\/\/api.w.org\/{rel}","templated":true}]}}