{"id":35406,"date":"2025-05-30T18:46:44","date_gmt":"2025-05-30T16:46:44","guid":{"rendered":"https:\/\/www.iceagetv.com\/radiosite\/?p=35406"},"modified":"2025-05-30T18:46:49","modified_gmt":"2025-05-30T16:46:49","slug":"aisne-un-train-deraille-sur-la-ligne-laon-paris-3-blesses","status":"publish","type":"post","link":"https:\/\/www.iceagetv.com\/radiosite\/aisne-un-train-deraille-sur-la-ligne-laon-paris-3-blesses\/","title":{"rendered":"Aisne : un train d\u00e9raille sur la ligne Laon-Paris, 3 bless\u00e9s"},"content":{"rendered":"\n<p class=\"\">Un train sorti des voies. Un accident s&rsquo;est produit ce vendredi 30 mai sur la ligne Laon-Paris, dans l&rsquo;Aisne, indique un communiqu\u00e9(nouvelle fen\u00eatre) de la pr\u00e9f\u00e8te du d\u00e9partement. \u00ab\u00a0T\u00f4t ce matin, un train TER circulant de Laon vers Paris a fait l&rsquo;objet d&rsquo;un accident \u00e0 la sortie de Laon, au croisement de la D750 et de la D1044\u00a0\u00bb, \u00e9crit-elle. \u00ab\u00a0Le train a d\u00e9raill\u00e9, mais est rest\u00e9 debout. Un incendie s&rsquo;est d\u00e9clar\u00e9 dans deux des douze voitures du train.Pas de retour \u00e0 la normale avant mardi 3 juinAu total, 25 personnes se trouvaient \u00e0 bord de ce TER. Parmi elles, trois ont \u00e9t\u00e9 l\u00e9g\u00e8rement bless\u00e9es. \u00ab\u00a0Elles ont \u00e9t\u00e9 prises en charge par les services de secours et transport\u00e9s \u00e0 l&rsquo;h\u00f4pital de Laon pour y recevoir des soins\u00a0\u00bb, fait savoir la pr\u00e9fecture. \u00ab\u00a0Un gymnase \u00e0 proximit\u00e9 du lieu de l&rsquo;accident\u00a0\u00bb a \u00e9t\u00e9 ouvert pour accueillir les autres passagers, \u00ab\u00a0le temps d&rsquo;une \u00e9valuation de leur \u00e9tat de sant\u00e9 et de s&rsquo;assurer qu&rsquo;ils pouvaient repartir sans risque\u00a0\u00bb. \u00ab\u00a0\u00c0 l&rsquo;issue, tous ont \u00e9t\u00e9 pris en charge par la SNCF et sont rentr\u00e9s chez eux.\u00a0\u00bbPour l&rsquo;heure, la ligne reste coup\u00e9e. \u00ab\u00a0La circulation des trains est interrompue dans les deux sens entre Soissons et Laon en raison d&rsquo;un incident de circulation dans le secteur de Clacy-Mons\u00a0\u00bb, peut-on lire sur le site de la SNCF(nouvelle fen\u00eatre). \u00ab\u00a0La reprise normale des circulations est pr\u00e9vue le mardi 3 juin \u00e0 6h.\u00a0\u00bb Des bus de substitution ont \u00e9t\u00e9 mis en place.<\/p>\n","protected":false},"excerpt":{"rendered":"<p>Un train sorti des voies. Un accident s&rsquo;est produit ce vendredi 30 mai sur la ligne Laon-Paris, dans l&rsquo;Aisne, indique un communiqu\u00e9(nouvelle fen\u00eatre) de la pr\u00e9f\u00e8te du d\u00e9partement. \u00ab\u00a0T\u00f4t ce matin, un train TER circulant de Laon vers Paris a fait l&rsquo;objet d&rsquo;un accident \u00e0 la sortie de Laon, au croisement de la D750 et [&hellip;]<\/p>\n","protected":false},"author":2,"featured_media":35407,"comment_status":"open","ping_status":"open","sticky":false,"template":"","format":"standard","meta":{"_jetpack_memberships_contains_paid_content":false,"footnotes":"","jetpack_publicize_message":"","jetpack_publicize_feature_enabled":true,"jetpack_social_post_already_shared":true,"jetpack_social_options":{"image_generator_settings":{"template":"highway","default_image_id":0,"enabled":true,"token":"eyJpbWciOiJodHRwczpcL1wvd3d3LmljZWFnZXR2LmNvbVwvcmFkaW9zaXRlXC93cC1jb250ZW50XC91cGxvYWRzXC8yMDI1XC8wNVwvMjAyNTA1MzBfMTg0NTQwLTEwMjR4NTc2LmpwZyIsInR4dCI6IkFpc25lIDogdW4gdHJhaW4gZFx1MDBlOXJhaWxsZSBzdXIgbGEgbGlnbmUgTGFvbi1QYXJpcywgMyBibGVzc1x1MDBlOXMiLCJ0ZW1wbGF0ZSI6ImhpZ2h3YXkiLCJibG9nX2lkIjoxMTEwMTY0NjF9.ldPaFQvq2I4sNgdYJS9iGAMOwT2BtbrPBh-cX-zCMY0MQ"},"version":2},"_wpas_customize_per_network":false},"categories":[17],"tags":[],"class_list":["post-35406","post","type-post","status-publish","format-standard","has-post-thumbnail","hentry","category-actu-regions"],"jetpack_publicize_connections":[],"jetpack_featured_media_url":"https:\/\/i0.wp.com\/www.iceagetv.com\/radiosite\/wp-content\/uploads\/2025\/05\/20250530_184540.jpg?fit=1280%2C720&ssl=1","jetpack_sharing_enabled":true,"_links":{"self":[{"href":"https:\/\/www.iceagetv.com\/radiosite\/wp-json\/wp\/v2\/posts\/35406","targetHints":{"allow":["GET"]}}],"collection":[{"href":"https:\/\/www.iceagetv.com\/radiosite\/wp-json\/wp\/v2\/posts"}],"about":[{"href":"https:\/\/www.iceagetv.com\/radiosite\/wp-json\/wp\/v2\/types\/post"}],"author":[{"embeddable":true,"href":"https:\/\/www.iceagetv.com\/radiosite\/wp-json\/wp\/v2\/users\/2"}],"replies":[{"embeddable":true,"href":"https:\/\/www.iceagetv.com\/radiosite\/wp-json\/wp\/v2\/comments?post=35406"}],"version-history":[{"count":1,"href":"https:\/\/www.iceagetv.com\/radiosite\/wp-json\/wp\/v2\/posts\/35406\/revisions"}],"predecessor-version":[{"id":35408,"href":"https:\/\/www.iceagetv.com\/radiosite\/wp-json\/wp\/v2\/posts\/35406\/revisions\/35408"}],"wp:featuredmedia":[{"embeddable":true,"href":"https:\/\/www.iceagetv.com\/radiosite\/wp-json\/wp\/v2\/media\/35407"}],"wp:attachment":[{"href":"https:\/\/www.iceagetv.com\/radiosite\/wp-json\/wp\/v2\/media?parent=35406"}],"wp:term":[{"taxonomy":"category","embeddable":true,"href":"https:\/\/www.iceagetv.com\/radiosite\/wp-json\/wp\/v2\/categories?post=35406"},{"taxonomy":"post_tag","embeddable":true,"href":"https:\/\/www.iceagetv.com\/radiosite\/wp-json\/wp\/v2\/tags?post=35406"}],"curies":[{"name":"wp","href":"https:\/\/api.w.org\/{rel}","templated":true}]}}