{"id":35418,"date":"2025-05-31T11:45:01","date_gmt":"2025-05-31T09:45:01","guid":{"rendered":"https:\/\/www.iceagetv.com\/radiosite\/?p=35418"},"modified":"2025-05-31T11:45:05","modified_gmt":"2025-05-31T09:45:05","slug":"degradations-antisemites-a-paris-le-memorial-de-la-shoah-deux-synagogues-et-un-restaurant-chez-marianne-vises-cette-nuit-dans-le-marais","status":"publish","type":"post","link":"https:\/\/www.iceagetv.com\/radiosite\/degradations-antisemites-a-paris-le-memorial-de-la-shoah-deux-synagogues-et-un-restaurant-chez-marianne-vises-cette-nuit-dans-le-marais\/","title":{"rendered":"\u00a0D\u00e9gradations antis\u00e9mites \u00e0 Paris : Le M\u00e9morial de la Shoah, deux synagogues et un restaurant \u00ab\u00a0Chez Marianne\u00a0\u00bb vis\u00e9s cette nuit dans Le Marais"},"content":{"rendered":"\n<p class=\"\">&nbsp;Le ministre de l\u2019Int\u00e9rieur, Bruno Retailleau, avait&nbsp; demand\u00e9 ce jeudi 22 mai aux pr\u00e9fets de \u00abrenforcer la surveillance des sites li\u00e9s \u00e0 la communaut\u00e9 juive\u00bb en France, apr\u00e8s l\u2019attaque ayant tu\u00e9 deux employ\u00e9s de l\u2019ambassade isra\u00e9lienne \u00e0 Washington. Dans un t\u00e9l\u00e9gramme consult\u00e9 par l\u2019AFP, le ministre souligne que les dispositifs de s\u00e9curit\u00e9 mis en place en France, o\u00f9 vit la premi\u00e8re communaut\u00e9 juive d\u2019Europe, doivent \u00eatre \u00abvisibles et dissuasifs\u00bb, avec des \u00abpatrouilles\u00bb polici\u00e8res et des \u00abpoints fixes\u00bb.<\/p>\n\n\n\n<p class=\"\">La s\u00e9curit\u00e9 des synagogues, des \u00e9coles, des commerces mais aussi des m\u00e9dias ou des \u00e9v\u00e9nements culturels notamment doit ainsi \u00eatre renforc\u00e9e \u00abavec l\u2019appui compl\u00e9mentaire\u00bb des militaires de l\u2019op\u00e9ration Sentinelle, pr\u00e9cise Bruno Retailleau.<\/p>\n\n\n\n<p class=\"\">Le ministre demande en outre aux responsables de l\u2019Etat de prendre attache avec les procureurs \u00abafin d\u2019assurer la bonne coordination des mesures de contr\u00f4les (identit\u00e9, bagage, v\u00e9hicule\u2026) avec l\u2019autorit\u00e9 judiciaire\u00bb.<strong>Les d\u00e9gradations ont \u00e9t\u00e9 commises \u00e0 l\u2019aide de jets de peinture verte. Une relecture des cam\u00e9ras de vid\u00e9osurveillance du M\u00e9morial de la Shoah a permis de rep\u00e9rer un individu v\u00eatu de noir taguant les lieux vers 4h35. Un pot de peinture entam\u00e9 a \u00e9t\u00e9 retrouv\u00e9 devant le restaurant. Aucune revendication n\u2019a encore \u00e9t\u00e9 formul\u00e9e.<\/strong><\/p>\n\n\n\n<p class=\"\">Situ\u00e9 \u00e0 Paris, au coeur du quartier historique du Marais, le M\u00e9morial de la Shoah propose \u00e0 ses visiteurs de nombreuses ressources et activit\u00e9s sur une surface totale de pr\u00e8s de 5 000 m\u00b2.&nbsp;Dans la crypte situ\u00e9e sous le parvis se trouve une \u00e9toile de David en marbre noir. C\u2019est le tombeau symbolique des six millions de Juifs morts sans s\u00e9pulture.<\/p>\n\n\n\n<p class=\"\">Dans ce lieu sont m\u00eal\u00e9es les cendres des martyrs recueillies dans les camps de la mort ainsi que dans les ruines du ghetto de Varsovie. Ces cendres ont \u00e9t\u00e9 ensevelies le 24 f\u00e9vrier 1957 dans de la terre d\u2019Isra\u00ebl, conform\u00e9ment \u00e0 la tradition, par le grand Rabbin Jacob Kaplan.<strong>Parmi les lieux qui ont \u00e9t\u00e9 d\u00e9grad\u00e9s et cit\u00e9s par RTL, on trouve, le M\u00e9morial de la Shoah, la synagogue des Tournelles, le restaurant \u00ab\u00a0Chez Marianne\u00a0\u00bb et la synagogue Agoudas Hakhelios ont \u00e9t\u00e9 d\u00e9grad\u00e9s par des jets de peinture verte.Quatre \u00e9tablissements fr\u00e9quent\u00e9s par la communaut\u00e9 juive ont \u00e9t\u00e9 la cible de d\u00e9gradations, cette nuit, dans le quartier du Marais, au centre de la capitale, selon les informations de RTL.<\/strong><\/p>\n","protected":false},"excerpt":{"rendered":"<p>&nbsp;Le ministre de l\u2019Int\u00e9rieur, Bruno Retailleau, avait&nbsp; demand\u00e9 ce jeudi 22 mai aux pr\u00e9fets de \u00abrenforcer la surveillance des sites li\u00e9s \u00e0 la communaut\u00e9 juive\u00bb en France, apr\u00e8s l\u2019attaque ayant tu\u00e9 deux employ\u00e9s de l\u2019ambassade isra\u00e9lienne \u00e0 Washington. Dans un t\u00e9l\u00e9gramme consult\u00e9 par l\u2019AFP, le ministre souligne que les dispositifs de s\u00e9curit\u00e9 mis en place [&hellip;]<\/p>\n","protected":false},"author":2,"featured_media":35419,"comment_status":"open","ping_status":"open","sticky":false,"template":"","format":"standard","meta":{"_jetpack_memberships_contains_paid_content":false,"footnotes":"","jetpack_publicize_message":"","jetpack_publicize_feature_enabled":true,"jetpack_social_post_already_shared":true,"jetpack_social_options":{"image_generator_settings":{"template":"highway","default_image_id":0,"enabled":true,"token":"eyJpbWciOiJodHRwczpcL1wvd3d3LmljZWFnZXR2LmNvbVwvcmFkaW9zaXRlXC93cC1jb250ZW50XC91cGxvYWRzXC8yMDI1XC8wNVwvQ2FwdHVyZS1kZWNyYW4tMjAyNS0wNS0zMS0xMTQ0MTUucG5nIiwidHh0IjoiXHUwMGEwRFx1MDBlOWdyYWRhdGlvbnMgYW50aXNcdTAwZTltaXRlcyBcdTAwZTAgUGFyaXMgOiBMZSBNXHUwMGU5bW9yaWFsIGRlIGxhIFNob2FoLCBkZXV4IHN5bmFnb2d1ZXMgZXQgdW4gcmVzdGF1cmFudCAmIzgyMjA7Q2hleiBNYXJpYW5uZSYjODIyMTsgdmlzXHUwMGU5cyBjZXR0ZSBudWl0IGRhbnMgTGUgTWFyYWlzIiwidGVtcGxhdGUiOiJoaWdod2F5IiwiYmxvZ19pZCI6MTExMDE2NDYxfQ.cccJkQGkvjLdTV6JL8q1gbI_CK7hHRk_QozMn6MPgwoMQ"},"version":2},"_wpas_customize_per_network":false},"categories":[405],"tags":[],"class_list":["post-35418","post","type-post","status-publish","format-standard","has-post-thumbnail","hentry","category-actu-france-monde"],"jetpack_publicize_connections":[],"jetpack_featured_media_url":"https:\/\/i0.wp.com\/www.iceagetv.com\/radiosite\/wp-content\/uploads\/2025\/05\/Capture-decran-2025-05-31-114415.png?fit=1005%2C406&ssl=1","jetpack_sharing_enabled":true,"_links":{"self":[{"href":"https:\/\/www.iceagetv.com\/radiosite\/wp-json\/wp\/v2\/posts\/35418","targetHints":{"allow":["GET"]}}],"collection":[{"href":"https:\/\/www.iceagetv.com\/radiosite\/wp-json\/wp\/v2\/posts"}],"about":[{"href":"https:\/\/www.iceagetv.com\/radiosite\/wp-json\/wp\/v2\/types\/post"}],"author":[{"embeddable":true,"href":"https:\/\/www.iceagetv.com\/radiosite\/wp-json\/wp\/v2\/users\/2"}],"replies":[{"embeddable":true,"href":"https:\/\/www.iceagetv.com\/radiosite\/wp-json\/wp\/v2\/comments?post=35418"}],"version-history":[{"count":1,"href":"https:\/\/www.iceagetv.com\/radiosite\/wp-json\/wp\/v2\/posts\/35418\/revisions"}],"predecessor-version":[{"id":35420,"href":"https:\/\/www.iceagetv.com\/radiosite\/wp-json\/wp\/v2\/posts\/35418\/revisions\/35420"}],"wp:featuredmedia":[{"embeddable":true,"href":"https:\/\/www.iceagetv.com\/radiosite\/wp-json\/wp\/v2\/media\/35419"}],"wp:attachment":[{"href":"https:\/\/www.iceagetv.com\/radiosite\/wp-json\/wp\/v2\/media?parent=35418"}],"wp:term":[{"taxonomy":"category","embeddable":true,"href":"https:\/\/www.iceagetv.com\/radiosite\/wp-json\/wp\/v2\/categories?post=35418"},{"taxonomy":"post_tag","embeddable":true,"href":"https:\/\/www.iceagetv.com\/radiosite\/wp-json\/wp\/v2\/tags?post=35418"}],"curies":[{"name":"wp","href":"https:\/\/api.w.org\/{rel}","templated":true}]}}