{"id":35451,"date":"2025-06-01T11:40:05","date_gmt":"2025-06-01T09:40:05","guid":{"rendered":"https:\/\/www.iceagetv.com\/radiosite\/?p=35451"},"modified":"2025-06-01T11:40:11","modified_gmt":"2025-06-01T09:40:11","slug":"parade-des-joueurs-du-psg-de-roissy-au-parc-des-princes-via-les-champs-elysees-le-parcours-prevu","status":"publish","type":"post","link":"https:\/\/www.iceagetv.com\/radiosite\/parade-des-joueurs-du-psg-de-roissy-au-parc-des-princes-via-les-champs-elysees-le-parcours-prevu\/","title":{"rendered":"Parade des joueurs du PSG : de Roissy au Parc des Princes via les Champs-Elys\u00e9es, le parcours pr\u00e9vu"},"content":{"rendered":"\n<p class=\"\">Apr\u00e8s leur\u00a0<a href=\"https:\/\/actu.fr\/ile-de-france\/paris_75056\/irresistible-le-psg-remporte-la-premiere-ligue-des-champions-de-son-histoire-au-terme-d-une-finale-de-reve_62712076.html\">sacre historique en Ligue des champions<\/a>\u00a0samedi face \u00e0 l\u2019Inter Milan (5-0), les h\u00e9ros parisiens sont attendus dimanche apr\u00e8s-midi \u00e0 Paris pour \u00eatre port\u00e9s en triomphe par leurs supporters. Voici le programme qui les attend avec notamment\u00a0<a href=\"https:\/\/actu.fr\/ile-de-france\/paris_75056\/psg-inter-en-cas-de-victoire-des-parisiens-a-quoi-va-ressembler-la-parade-sur-les-champs-elysees_62705999.html\">la parade<\/a>\u00a0tant attendues par les supporters.\u00a0F\u00eat\u00e9s en h\u00e9ros dans la capitale<\/p>\n\n\n\n<p class=\"\">Dans la nuit de Munich, ils ont \u00e9crit, avec la fougue de la jeunesse et la vista de leur entra\u00eeneur Luis Enrique, l\u2019histoire du&nbsp;<a href=\"https:\/\/actu.fr\/tag\/paris-saint-germain-psg\">PSG<\/a>&nbsp;et du foot europ\u00e9en. Mais aussi un moment de t\u00e9l\u00e9vision: 11,5 millions de personnes ont suivi la finale sur Canal+ et M6.<\/p>\n\n\n\n<p class=\"\">Au m\u00eame moment, les&nbsp;<a href=\"https:\/\/actu.fr\/ile-de-france\/paris_75056\/video-tour-eiffel-scintillee-feux-d-artifice-paris-fete-la-victoire-du-psg-en-ligue-des-champions_62712684.html\">sc\u00e8nes de liesse<\/a>&nbsp;se multipliaient dans la capitale en \u00e9bullition, avec des rassemblements de supporters autour du&nbsp;<a href=\"https:\/\/actu.fr\/tag\/parc-des-princes\">Parc des Princes<\/a>&nbsp;et des&nbsp;<a href=\"https:\/\/actu.fr\/tag\/champs-elysees\">Champs-Elys\u00e9es<\/a>, ivres de joie apr\u00e8s des ann\u00e9es d\u2019\u00e9liminations frustrantes.<\/p>\n\n\n\n<p class=\"\">\u00ab&nbsp;Je n\u2019arrive pas \u00e0 r\u00e9aliser, je pense que demain on va r\u00e9aliser, commentait le jeune \u00ab&nbsp;titi&nbsp;\u00bb Senny Mayulu, 19 ans et buteur en finale. Dans le vestiaire, tout le monde a craqu\u00e9 \u00e0 sa mani\u00e8re, on le voyait dans leurs yeux, les gens \u00e9taient remplis de joie, de fiert\u00e9&nbsp;\u00bb.<\/p>\n\n\n\n<p class=\"\">Les Parisiens r\u00e9aliseront forc\u00e9ment leur performance m\u00e9morable au moment d\u2019\u00eatre f\u00eat\u00e9s en h\u00e9ros par la capitale : des sc\u00e8nes que r\u00eavent de vivre Marquinhos, Presnel Kimpembe, les propri\u00e9taires qataris et les fans parisiens depuis tant d\u2019ann\u00e9es.Champs-Elys\u00e9es, Elys\u00e9e, Parc des Princes<\/p>\n\n\n\n<p class=\"\">Apr\u00e8s une tr\u00e8s courte nuit, les Parisiens vont d\u00e9coller en d\u00e9but d\u2019apr\u00e8s-midi pour Paris o\u00f9 ils atterriront vers 15h30 \u00e0 l\u2019a\u00e9roport de Roissy. Ils seront escort\u00e9s ensuite jusqu\u2019aux Champs-Elys\u00e9es o\u00f9 100 000 supporters sont attendus : les joueurs et le staff de Luis Enrique d\u00e9fileront dans un bus \u00e0 imp\u00e9riale pendant plus d\u2019une heure, avec la Coupe aux grandes oreilles \u00e0 partir de 17h00 sur la plus c\u00e9l\u00e8bre avenue du monde, ferm\u00e9e \u00e0 la circulation.<\/p>\n\n\n\n<p class=\"\">Apr\u00e8s ce grand moment de f\u00eate, les joueurs seront re\u00e7us par&nbsp;<a href=\"https:\/\/actu.fr\/tag\/emmanuel-macron\">Emmanuel Macron<\/a>&nbsp;\u00e0 l\u2019Elys\u00e9e. Ils se rendront ensuite au Parc des Princes pour une \u00ab&nbsp;c\u00e9l\u00e9bration inoubliable&nbsp;\u00bb avec des concerts, assure le club.<\/p>\n\n\n\n<p class=\"\">\u00ab&nbsp;Tout le monde m\u00e9rite de savourer ce titre. Les gens \u00e0 Paris et au Parc, dans le monde entier&nbsp;\u00bb, savourait de son c\u00f4t\u00e9 Marquinhos, le seul survivant de la d\u00e9faite en finale en 2020 et de bon nombre de d\u00e9sillusions avec Presnel Kimpembe. Les deux \u00e9taient en larmes sur le terrain au coup de sifflet final. \u00ab&nbsp;On arrive demain, il faut qu\u2019ils attendent, qu\u2019ils n\u2019en fassent pas trop&nbsp;\u00bb samedi soir, lan\u00e7ait hilare le lat\u00e9ral portugais Nuno Mendes.<\/p>\n\n\n\n<p class=\"\">Apr\u00e8s des heures de f\u00eate s\u2019ensuivront quelques jours de repos. Mais de courte dur\u00e9e car les Parisiens continueront le rythme effr\u00e9n\u00e9 de la saison en jouant la Coupe du monde des clubs, disput\u00e9e pour la premi\u00e8re fois avec 32 \u00e9quipes et qui d\u00e9butera le 14 juin jusqu\u2019au 13 juillet. Puis, le 13 ao\u00fbt, ils affronteront Tottenham, qui a remport\u00e9 la Ligue Europa, en finale de la Supercoupe. &nbsp;<\/p>\n","protected":false},"excerpt":{"rendered":"<p>Apr\u00e8s leur\u00a0sacre historique en Ligue des champions\u00a0samedi face \u00e0 l\u2019Inter Milan (5-0), les h\u00e9ros parisiens sont attendus dimanche apr\u00e8s-midi \u00e0 Paris pour \u00eatre port\u00e9s en triomphe par leurs supporters. Voici le programme qui les attend avec notamment\u00a0la parade\u00a0tant attendues par les supporters.\u00a0F\u00eat\u00e9s en h\u00e9ros dans la capitale Dans la nuit de Munich, ils ont \u00e9crit, [&hellip;]<\/p>\n","protected":false},"author":2,"featured_media":35452,"comment_status":"open","ping_status":"open","sticky":false,"template":"","format":"standard","meta":{"_jetpack_memberships_contains_paid_content":false,"footnotes":"","jetpack_publicize_message":"","jetpack_publicize_feature_enabled":true,"jetpack_social_post_already_shared":true,"jetpack_social_options":{"image_generator_settings":{"template":"highway","default_image_id":0,"enabled":true,"token":"eyJpbWciOiJodHRwczpcL1wvd3d3LmljZWFnZXR2LmNvbVwvcmFkaW9zaXRlXC93cC1jb250ZW50XC91cGxvYWRzXC8yMDI1XC8wNlwvQ2FwdHVyZS1kZWNyYW4tMjAyNS0wNi0wMS0xMTM3NDIucG5nIiwidHh0IjoiUGFyYWRlIGRlcyBqb3VldXJzIGR1IFBTRyA6IGRlIFJvaXNzeSBhdSBQYXJjIGRlcyBQcmluY2VzIHZpYSBsZXMgQ2hhbXBzLUVseXNcdTAwZTllcywgbGUgcGFyY291cnMgcHJcdTAwZTl2dSIsInRlbXBsYXRlIjoiaGlnaHdheSIsImJsb2dfaWQiOjExMTAxNjQ2MX0.9sBCsNQHNyrCUSbS4-WsdCY3n-1V2JEEhq0iK-86BWoMQ"},"version":2},"_wpas_customize_per_network":false},"categories":[18],"tags":[],"class_list":["post-35451","post","type-post","status-publish","format-standard","has-post-thumbnail","hentry","category-actu-sport"],"jetpack_publicize_connections":[],"jetpack_featured_media_url":"https:\/\/i0.wp.com\/www.iceagetv.com\/radiosite\/wp-content\/uploads\/2025\/06\/Capture-decran-2025-06-01-113742.png?fit=822%2C546&ssl=1","jetpack_sharing_enabled":true,"_links":{"self":[{"href":"https:\/\/www.iceagetv.com\/radiosite\/wp-json\/wp\/v2\/posts\/35451","targetHints":{"allow":["GET"]}}],"collection":[{"href":"https:\/\/www.iceagetv.com\/radiosite\/wp-json\/wp\/v2\/posts"}],"about":[{"href":"https:\/\/www.iceagetv.com\/radiosite\/wp-json\/wp\/v2\/types\/post"}],"author":[{"embeddable":true,"href":"https:\/\/www.iceagetv.com\/radiosite\/wp-json\/wp\/v2\/users\/2"}],"replies":[{"embeddable":true,"href":"https:\/\/www.iceagetv.com\/radiosite\/wp-json\/wp\/v2\/comments?post=35451"}],"version-history":[{"count":1,"href":"https:\/\/www.iceagetv.com\/radiosite\/wp-json\/wp\/v2\/posts\/35451\/revisions"}],"predecessor-version":[{"id":35453,"href":"https:\/\/www.iceagetv.com\/radiosite\/wp-json\/wp\/v2\/posts\/35451\/revisions\/35453"}],"wp:featuredmedia":[{"embeddable":true,"href":"https:\/\/www.iceagetv.com\/radiosite\/wp-json\/wp\/v2\/media\/35452"}],"wp:attachment":[{"href":"https:\/\/www.iceagetv.com\/radiosite\/wp-json\/wp\/v2\/media?parent=35451"}],"wp:term":[{"taxonomy":"category","embeddable":true,"href":"https:\/\/www.iceagetv.com\/radiosite\/wp-json\/wp\/v2\/categories?post=35451"},{"taxonomy":"post_tag","embeddable":true,"href":"https:\/\/www.iceagetv.com\/radiosite\/wp-json\/wp\/v2\/tags?post=35451"}],"curies":[{"name":"wp","href":"https:\/\/api.w.org\/{rel}","templated":true}]}}