{"id":35454,"date":"2025-06-02T06:26:16","date_gmt":"2025-06-02T04:26:16","guid":{"rendered":"https:\/\/www.iceagetv.com\/radiosite\/?p=35454"},"modified":"2025-06-02T06:26:19","modified_gmt":"2025-06-02T04:26:19","slug":"presidentielle-en-pologne-les-deux-candidats-revendiquent-la-victoire-au-coude-a-coude-dans-un-sondage-de-sortie-durne","status":"publish","type":"post","link":"https:\/\/www.iceagetv.com\/radiosite\/presidentielle-en-pologne-les-deux-candidats-revendiquent-la-victoire-au-coude-a-coude-dans-un-sondage-de-sortie-durne\/","title":{"rendered":"Pr\u00e9sidentielle en Pologne: les deux candidats revendiquent la victoire, au coude-\u00e0-coude dans un sondage de sortie d&rsquo;urne"},"content":{"rendered":"\n<p class=\"\">Les Polonais se sont rendu ce dimanche 1er juin aux urnes pour d\u00e9signer leur nouveau pr\u00e9sident. Les r\u00e9sultats officiels ne sont pas encore publi\u00e9s, mais les deux candidats revendiquent la victoire.Le candidat pro-UE et son rival nationaliste sortent au coude-\u00e0-coude du second tour de&nbsp;<a href=\"https:\/\/www.bfmtv.com\/international\/europe\/candidat-pro-trump-contre-pro-ue-debut-du-second-tour-d-une-presidentielle-cruciale-en-pologne_AN-202506010234.html\">l&rsquo;\u00e9lection pr\u00e9sidentielle de ce dimanche 1er juin en Pologne<\/a>, selon un sondage \u00e0 la sortie des urnes, l&rsquo;\u00e9cart infime entre eux ne permettant pas encore de d\u00e9signer le vainqueur.<\/p>\n\n\n\n<p class=\"\">Le maire de Varsovie Rafal Trzaskowski, soutenu par le gouvernement pro-europ\u00e9en, est cr\u00e9dit\u00e9 de 50,3% des voix, contre 49,7% pour l&rsquo;historien nationaliste Karol Nawrocki, selon le sondage d&rsquo;Ipsos dont la marge d&rsquo;erreur est de 2 points de pourcentage.Les deux candidats revendiquent d&rsquo;ores et d\u00e9j\u00e0 la victoire, alors que le r\u00e9sultat officiel n&rsquo;est \u00e0 cette heure pas connu et ne le sera pas avant lundi. Le taux de participation s&rsquo;est \u00e9lev\u00e9 \u00e0 72,8%, en hausse par rapport au scrutin pr\u00e9sidentiel de 2020 (68,17%).Le r\u00e9sultat aura des implications majeures pour la place de leur pays en Europe, mais aussi pour le droit \u00e0 l&rsquo;avortement et les personnes LGBT+, et l&rsquo;Etat de droit dans ce pays de l&rsquo;UE et de l&rsquo;Otan qui borde l&rsquo;Ukraine et reste un fervent soutien de son voisin qui se d\u00e9fend contre l&rsquo;invasion arm\u00e9e russe.\u00a0\u00bbNous avons gagn\u00e9\u00a0\u00bbRafal Trzaskowski, 53 ans, maire pro-UE de Varsovie et alli\u00e9 du gouvernement centriste, alors que son rival, l&rsquo;historien nationaliste Karol Nawrocki, 42 ans, est soutenu par le parti Droit et Justice (PiS) du pr\u00e9sident conservateur sortant Andrzej Duda.<\/p>\n","protected":false},"excerpt":{"rendered":"<p>Les Polonais se sont rendu ce dimanche 1er juin aux urnes pour d\u00e9signer leur nouveau pr\u00e9sident. Les r\u00e9sultats officiels ne sont pas encore publi\u00e9s, mais les deux candidats revendiquent la victoire.Le candidat pro-UE et son rival nationaliste sortent au coude-\u00e0-coude du second tour de&nbsp;l&rsquo;\u00e9lection pr\u00e9sidentielle de ce dimanche 1er juin en Pologne, selon un sondage [&hellip;]<\/p>\n","protected":false},"author":2,"featured_media":35455,"comment_status":"open","ping_status":"open","sticky":false,"template":"","format":"standard","meta":{"_jetpack_memberships_contains_paid_content":false,"footnotes":"","jetpack_publicize_message":"","jetpack_publicize_feature_enabled":true,"jetpack_social_post_already_shared":true,"jetpack_social_options":{"image_generator_settings":{"template":"highway","default_image_id":0,"enabled":true,"token":"eyJpbWciOiJodHRwczpcL1wvd3d3LmljZWFnZXR2LmNvbVwvcmFkaW9zaXRlXC93cC1jb250ZW50XC91cGxvYWRzXC8yMDI1XC8wNlwvUmFmYWwtVHJ6YXNrb3dza2ktZy1ldC1LYXJvbC1OYXdyb2NraS1kLTIwOTAzNzAud2VicCIsInR4dCI6IlByXHUwMGU5c2lkZW50aWVsbGUgZW4gUG9sb2duZTogbGVzIGRldXggY2FuZGlkYXRzIHJldmVuZGlxdWVudCBsYSB2aWN0b2lyZSwgYXUgY291ZGUtXHUwMGUwLWNvdWRlIGRhbnMgdW4gc29uZGFnZSBkZSBzb3J0aWUgZCYjODIxNzt1cm5lIiwidGVtcGxhdGUiOiJoaWdod2F5IiwiYmxvZ19pZCI6MTExMDE2NDYxfQ.1e5_UiNc6UEeLTqw_TV3lSM_4K8rUOZmShLLBHdL7cgMQ"},"version":2},"_wpas_customize_per_network":false},"categories":[405],"tags":[],"class_list":["post-35454","post","type-post","status-publish","format-standard","has-post-thumbnail","hentry","category-actu-france-monde"],"jetpack_publicize_connections":[],"jetpack_featured_media_url":"https:\/\/i0.wp.com\/www.iceagetv.com\/radiosite\/wp-content\/uploads\/2025\/06\/Rafal-Trzaskowski-g-et-Karol-Nawrocki-d-2090370.webp?fit=736%2C414&ssl=1","jetpack_sharing_enabled":true,"_links":{"self":[{"href":"https:\/\/www.iceagetv.com\/radiosite\/wp-json\/wp\/v2\/posts\/35454","targetHints":{"allow":["GET"]}}],"collection":[{"href":"https:\/\/www.iceagetv.com\/radiosite\/wp-json\/wp\/v2\/posts"}],"about":[{"href":"https:\/\/www.iceagetv.com\/radiosite\/wp-json\/wp\/v2\/types\/post"}],"author":[{"embeddable":true,"href":"https:\/\/www.iceagetv.com\/radiosite\/wp-json\/wp\/v2\/users\/2"}],"replies":[{"embeddable":true,"href":"https:\/\/www.iceagetv.com\/radiosite\/wp-json\/wp\/v2\/comments?post=35454"}],"version-history":[{"count":1,"href":"https:\/\/www.iceagetv.com\/radiosite\/wp-json\/wp\/v2\/posts\/35454\/revisions"}],"predecessor-version":[{"id":35456,"href":"https:\/\/www.iceagetv.com\/radiosite\/wp-json\/wp\/v2\/posts\/35454\/revisions\/35456"}],"wp:featuredmedia":[{"embeddable":true,"href":"https:\/\/www.iceagetv.com\/radiosite\/wp-json\/wp\/v2\/media\/35455"}],"wp:attachment":[{"href":"https:\/\/www.iceagetv.com\/radiosite\/wp-json\/wp\/v2\/media?parent=35454"}],"wp:term":[{"taxonomy":"category","embeddable":true,"href":"https:\/\/www.iceagetv.com\/radiosite\/wp-json\/wp\/v2\/categories?post=35454"},{"taxonomy":"post_tag","embeddable":true,"href":"https:\/\/www.iceagetv.com\/radiosite\/wp-json\/wp\/v2\/tags?post=35454"}],"curies":[{"name":"wp","href":"https:\/\/api.w.org\/{rel}","templated":true}]}}