{"id":35469,"date":"2025-06-02T18:11:20","date_gmt":"2025-06-02T16:11:20","guid":{"rendered":"https:\/\/www.iceagetv.com\/radiosite\/?p=35469"},"modified":"2025-06-02T18:11:23","modified_gmt":"2025-06-02T16:11:23","slug":"trois-ressortissants-etrangers-interpelles-dans-le-cadre-de-lenquete-sur-les-degradations-du-memorial-de-la-shoah-et-de-synagogues-a-paris-ce-week-end-ils-etaient-en-train-de-quitter-le-pay","status":"publish","type":"post","link":"https:\/\/www.iceagetv.com\/radiosite\/trois-ressortissants-etrangers-interpelles-dans-le-cadre-de-lenquete-sur-les-degradations-du-memorial-de-la-shoah-et-de-synagogues-a-paris-ce-week-end-ils-etaient-en-train-de-quitter-le-pay\/","title":{"rendered":"Trois ressortissants \u00e9trangers interpell\u00e9s dans le cadre de l\u2019enqu\u00eate sur les d\u00e9gradations du M\u00e9morial de la Shoah et de synagogues \u00e0 Paris ce week-end &#8211; Ils \u00e9taient en train de quitter le pays au moment de leur arrestation"},"content":{"rendered":"\n<p class=\"\">Trois ressortissants \u00e9trangers, soup\u00e7onn\u00e9s d&rsquo;avoir asperg\u00e9 de peinture verte le M\u00e9morial de la Shoah, trois synagogues et un restaurant juif \u00e0 Paris dans la nuit de vendredi \u00e0 samedi, ont \u00e9t\u00e9 interpell\u00e9s lundi, a appris l&rsquo;AFP aupr\u00e8s d&rsquo;une source proche de l&rsquo;enqu\u00eate.<\/p>\n\n\n\n<p class=\"\">Les faits ont \u00e9t\u00e9 d\u00e9couverts vers 05H15 samedi et les cam\u00e9ras de surveillance du M\u00e9morial et de deux des synagogues vis\u00e9es ont film\u00e9, pour les unes, un homme v\u00eatu de noir et pour l&rsquo;autre, deux hommes, l&rsquo;un aspergeant de peinture verte et l&rsquo;autre le filmant. L&rsquo;enqu\u00eate est conduite par la S\u00fbret\u00e9 territoriale pour \u00ab\u00a0d\u00e9gradations commises en raison de la religion\u00a0\u00bb. Le lieu des interpellations n&rsquo;a pas \u00e9t\u00e9 pr\u00e9cis\u00e9.<\/p>\n\n\n\n<p class=\"\">Mais, selon une source proche du dossier, les trois ressortissants \u00e9trangers \u00e9taient en train de quitter le pays au moment de leur arrestation.<\/p>\n\n\n\n<p class=\"\">Aucun message ni revendication n&rsquo;a \u00e9t\u00e9 d\u00e9couvert sur les diff\u00e9rents lieux pris pour cible, ce qui rappelle les \u00ab\u00a0mains rouges\u00a0\u00bb tagu\u00e9es sur le mur des Justes, au M\u00e9morial de la Shoah, en mai 2024.<\/p>\n\n\n\n<p class=\"\">Ces tags de \u00ab\u00a0mains rouges\u00a0\u00bb, symbole pouvant \u00eatre li\u00e9 au lynchage de soldats isra\u00e9liens \u00e0 Ramallah en 2000, ont \u00e9t\u00e9 analys\u00e9s par les services de s\u00e9curit\u00e9 comme une op\u00e9ration d&rsquo;ing\u00e9rence de la part de Russophones.<\/p>\n\n\n\n<p class=\"\">Les jets de peinture verte ont \u00e9t\u00e9 imm\u00e9diatement condamn\u00e9s par le ministre de l&rsquo;Int\u00e9rieur Bruno Retailleau, la maire de Paris Anne Hidalgo et l&rsquo;ensemble du spectre politique, et provoqu\u00e9 la col\u00e8re d&rsquo;Isra\u00ebl.<\/p>\n","protected":false},"excerpt":{"rendered":"<p>Trois ressortissants \u00e9trangers, soup\u00e7onn\u00e9s d&rsquo;avoir asperg\u00e9 de peinture verte le M\u00e9morial de la Shoah, trois synagogues et un restaurant juif \u00e0 Paris dans la nuit de vendredi \u00e0 samedi, ont \u00e9t\u00e9 interpell\u00e9s lundi, a appris l&rsquo;AFP aupr\u00e8s d&rsquo;une source proche de l&rsquo;enqu\u00eate. Les faits ont \u00e9t\u00e9 d\u00e9couverts vers 05H15 samedi et les cam\u00e9ras de surveillance [&hellip;]<\/p>\n","protected":false},"author":2,"featured_media":35470,"comment_status":"open","ping_status":"open","sticky":false,"template":"","format":"standard","meta":{"_jetpack_memberships_contains_paid_content":false,"footnotes":"","jetpack_publicize_message":"","jetpack_publicize_feature_enabled":true,"jetpack_social_post_already_shared":true,"jetpack_social_options":{"image_generator_settings":{"template":"highway","default_image_id":0,"enabled":true,"token":"eyJpbWciOiJodHRwczpcL1wvd3d3LmljZWFnZXR2LmNvbVwvcmFkaW9zaXRlXC93cC1jb250ZW50XC91cGxvYWRzXC8yMDI1XC8wNlwvQ2FwdHVyZS1kZWNyYW4tMjAyNS0wNi0wMi0xODEwMzUucG5nIiwidHh0IjoiVHJvaXMgcmVzc29ydGlzc2FudHMgXHUwMGU5dHJhbmdlcnMgaW50ZXJwZWxsXHUwMGU5cyBkYW5zIGxlIGNhZHJlIGRlIGxcdTIwMTllbnF1XHUwMGVhdGUgc3VyIGxlcyBkXHUwMGU5Z3JhZGF0aW9ucyBkdSBNXHUwMGU5bW9yaWFsIGRlIGxhIFNob2FoIGV0IGRlIHN5bmFnb2d1ZXMgXHUwMGUwIFBhcmlzIGNlIHdlZWstZW5kICYjODIxMTsgSWxzIFx1MDBlOXRhaWVudCBlbiB0cmFpbiBkZSBxdWl0dGVyIGxlIHBheXMgYXUgbW9tZW50IGRlIGxldXIgYXJyZXN0YXRpb24iLCJ0ZW1wbGF0ZSI6ImhpZ2h3YXkiLCJibG9nX2lkIjoxMTEwMTY0NjF9.CshL5aRxjNT_b36q5xFx726ecuDf4TFR607z6_SeDL4MQ"},"version":2},"_wpas_customize_per_network":false},"categories":[405],"tags":[],"class_list":["post-35469","post","type-post","status-publish","format-standard","has-post-thumbnail","hentry","category-actu-france-monde"],"jetpack_publicize_connections":[],"jetpack_featured_media_url":"https:\/\/i0.wp.com\/www.iceagetv.com\/radiosite\/wp-content\/uploads\/2025\/06\/Capture-decran-2025-06-02-181035.png?fit=583%2C247&ssl=1","jetpack_sharing_enabled":true,"_links":{"self":[{"href":"https:\/\/www.iceagetv.com\/radiosite\/wp-json\/wp\/v2\/posts\/35469","targetHints":{"allow":["GET"]}}],"collection":[{"href":"https:\/\/www.iceagetv.com\/radiosite\/wp-json\/wp\/v2\/posts"}],"about":[{"href":"https:\/\/www.iceagetv.com\/radiosite\/wp-json\/wp\/v2\/types\/post"}],"author":[{"embeddable":true,"href":"https:\/\/www.iceagetv.com\/radiosite\/wp-json\/wp\/v2\/users\/2"}],"replies":[{"embeddable":true,"href":"https:\/\/www.iceagetv.com\/radiosite\/wp-json\/wp\/v2\/comments?post=35469"}],"version-history":[{"count":1,"href":"https:\/\/www.iceagetv.com\/radiosite\/wp-json\/wp\/v2\/posts\/35469\/revisions"}],"predecessor-version":[{"id":35471,"href":"https:\/\/www.iceagetv.com\/radiosite\/wp-json\/wp\/v2\/posts\/35469\/revisions\/35471"}],"wp:featuredmedia":[{"embeddable":true,"href":"https:\/\/www.iceagetv.com\/radiosite\/wp-json\/wp\/v2\/media\/35470"}],"wp:attachment":[{"href":"https:\/\/www.iceagetv.com\/radiosite\/wp-json\/wp\/v2\/media?parent=35469"}],"wp:term":[{"taxonomy":"category","embeddable":true,"href":"https:\/\/www.iceagetv.com\/radiosite\/wp-json\/wp\/v2\/categories?post=35469"},{"taxonomy":"post_tag","embeddable":true,"href":"https:\/\/www.iceagetv.com\/radiosite\/wp-json\/wp\/v2\/tags?post=35469"}],"curies":[{"name":"wp","href":"https:\/\/api.w.org\/{rel}","templated":true}]}}