{"id":35495,"date":"2025-06-03T12:04:00","date_gmt":"2025-06-03T10:04:00","guid":{"rendered":"https:\/\/www.iceagetv.com\/radiosite\/?p=35495"},"modified":"2025-06-03T12:04:05","modified_gmt":"2025-06-03T10:04:05","slug":"casseurs-gerald-darmanin-tape-du-poing-sur-la-table-apres-les-peines-legeres-prononcees-hier-les-condamnations-ne-sont-plus-a-la-hauteur-de-la-violence-que-connait-notre-pays","status":"publish","type":"post","link":"https:\/\/www.iceagetv.com\/radiosite\/casseurs-gerald-darmanin-tape-du-poing-sur-la-table-apres-les-peines-legeres-prononcees-hier-les-condamnations-ne-sont-plus-a-la-hauteur-de-la-violence-que-connait-notre-pays\/","title":{"rendered":"Casseurs &#8211; G\u00e9rald Darmanin tape du poing sur la table apr\u00e8s les peines (l\u00e9g\u00e8res) prononc\u00e9es hier : \u00ab\u00a0Les condamnations ne sont plus \u00e0 la hauteur de la violence que conna\u00eet notre pays\u00a0\u00bb"},"content":{"rendered":"\n<p class=\"\">&nbsp;Aucune peine de prison ferme, \u00e0 cette heure, n&rsquo;a \u00e9t\u00e9 prononc\u00e9e comme les casseurs de ce week-end qui ont \u00e9t\u00e9 interpell\u00e9s \u00e0 Paris. C&rsquo;est le bilan des audiences d&rsquo;hier et, ce matin, G\u00e9rald Darmanin, le Ministre de la justice r\u00e9agit et estime que \u00ab\u00a0les condamnations ne sont pas \u00e0 la hauteurs des violences\u00a0\u00bb. Dans un message diffus\u00e9 sur X ce matin, il affirme :&nbsp;<\/p>\n\n\n\n<p class=\"\">\u00ab\u00a0\u00c0 la suite des graves incidents d\u2019ordre public et des d\u00e9sordres r\u00e9p\u00e9t\u00e9s de ce weekend, une partie des condamnations pour violences, notamment commises \u00e0 l\u2019encontre forces de l\u2019ordre et pour destructions de biens, ne sont plus \u00e0 la hauteur de la violence que conna\u00eet notre pays.<\/p>\n\n\n\n<p class=\"\">Il faut que les magistrats, en qui j\u2019ai toute confiance et qui appliquent le Code p\u00e9nal dans des conditions difficiles, puissent juger ces faits en disposant d\u2019une \u00e9chelle de peines ferme, simple et r\u00e9ellement adapt\u00e9e \u00e0 d\u00e9linquance d\u2019aujourd\u2019hui.<\/p>\n\n\n\n<p class=\"\">Comme je l\u2019ai propos\u00e9 publiquement, il faut faire \u00e9voluer radicalement la loi : supprimer les am\u00e9nagements de peine obligatoires, supprimer le sursis et mettre en place par la loi une condamnation minimum syst\u00e9matique une fois la culpabilit\u00e9 reconnue.<\/p>\n\n\n\n<p class=\"\">Par exemple, trois mois de prison ferme (r\u00e9ellement ex\u00e9cut\u00e9s) minimum pour toute agression envers un repr\u00e9sentant de l\u2019\u00c9tat ou encore amende tr\u00e8s \u00e9lev\u00e9e pour toute destruction. Ces propositions qu\u2019il nous faut mettre rapidement en vigueur, garantissent l\u2019ind\u00e9pendance des magistrats, que nous devons tous prot\u00e9ger, et l\u2019indispensable fermet\u00e9 et bon sens voulu par nos concitoyens.\u00a0\u00bb<\/p>\n\n\n\n<p class=\"\">Parmi les individus interpell\u00e9s, des majeurs et des mineurs avec, selon le pr\u00e9fet de police de Paris, un point commun : la volont\u00e9 d&rsquo;en d\u00e9coudre, de casser, de d\u00e9truire, et ce, peu importe le r\u00e9sultat du match.<\/p>\n\n\n\n<p class=\"\">\u00ab\u00a0Ces personnes \u00e9taient manifestement l\u00e0 pour s&rsquo;en prendre aux forces de l&rsquo;ordre, commettre des pillages, des d\u00e9gradations. C&rsquo;\u00e9tait manifestement leur seul but puisqu&rsquo;on pouvait constater avec l&rsquo;ensemble des forces de s\u00e9curit\u00e9 int\u00e9rieure mobilis\u00e9es qu&rsquo;ils ne regardaient m\u00eame pas le match\u00a0\u00bb a point\u00e9 le pr\u00e9fet de police de Paris.<\/p>\n\n\n\n<p class=\"\">Selon TF1, les individus interpell\u00e9s sont des hommes tr\u00e8s jeunes, souvent issus des banlieues parisiennes. Parmi les 570 personnes concern\u00e9es, une cinquantaine de mineurs \u00e2g\u00e9s de 15 ou 16 ans \u00e0 peine. Quant aux adultes, ils ont en moyenne une petite vingtaine d&rsquo;ann\u00e9es.<\/p>\n","protected":false},"excerpt":{"rendered":"<p>&nbsp;Aucune peine de prison ferme, \u00e0 cette heure, n&rsquo;a \u00e9t\u00e9 prononc\u00e9e comme les casseurs de ce week-end qui ont \u00e9t\u00e9 interpell\u00e9s \u00e0 Paris. C&rsquo;est le bilan des audiences d&rsquo;hier et, ce matin, G\u00e9rald Darmanin, le Ministre de la justice r\u00e9agit et estime que \u00ab\u00a0les condamnations ne sont pas \u00e0 la hauteurs des violences\u00a0\u00bb. Dans un [&hellip;]<\/p>\n","protected":false},"author":2,"featured_media":35497,"comment_status":"open","ping_status":"open","sticky":false,"template":"","format":"standard","meta":{"_jetpack_memberships_contains_paid_content":false,"footnotes":"","jetpack_publicize_message":"","jetpack_publicize_feature_enabled":true,"jetpack_social_post_already_shared":true,"jetpack_social_options":{"image_generator_settings":{"template":"highway","default_image_id":0,"enabled":true,"token":"eyJpbWciOiJodHRwczpcL1wvd3d3LmljZWFnZXR2LmNvbVwvcmFkaW9zaXRlXC93cC1jb250ZW50XC91cGxvYWRzXC8yMDI1XC8wNlwvQ2FwdHVyZS1kZWNyYW4tMjAyNS0wNi0wMy0xMjAzMjQucG5nIiwidHh0IjoiQ2Fzc2V1cnMgJiM4MjExOyBHXHUwMGU5cmFsZCBEYXJtYW5pbiB0YXBlIGR1IHBvaW5nIHN1ciBsYSB0YWJsZSBhcHJcdTAwZThzIGxlcyBwZWluZXMgKGxcdTAwZTlnXHUwMGU4cmVzKSBwcm9ub25jXHUwMGU5ZXMgaGllciA6ICYjODIyMDtMZXMgY29uZGFtbmF0aW9ucyBuZSBzb250IHBsdXMgXHUwMGUwIGxhIGhhdXRldXIgZGUgbGEgdmlvbGVuY2UgcXVlIGNvbm5hXHUwMGVldCBub3RyZSBwYXlzJiM4MjIxOyIsInRlbXBsYXRlIjoiaGlnaHdheSIsImJsb2dfaWQiOjExMTAxNjQ2MX0.4732zwoLZ8Xv99uOjXrh89kJj_EO2xITqafFHI453lMMQ"},"version":2},"_wpas_customize_per_network":false},"categories":[405],"tags":[],"class_list":["post-35495","post","type-post","status-publish","format-standard","has-post-thumbnail","hentry","category-actu-france-monde"],"jetpack_publicize_connections":[],"jetpack_featured_media_url":"https:\/\/i0.wp.com\/www.iceagetv.com\/radiosite\/wp-content\/uploads\/2025\/06\/Capture-decran-2025-06-03-120324.png?fit=625%2C272&ssl=1","jetpack_sharing_enabled":true,"_links":{"self":[{"href":"https:\/\/www.iceagetv.com\/radiosite\/wp-json\/wp\/v2\/posts\/35495","targetHints":{"allow":["GET"]}}],"collection":[{"href":"https:\/\/www.iceagetv.com\/radiosite\/wp-json\/wp\/v2\/posts"}],"about":[{"href":"https:\/\/www.iceagetv.com\/radiosite\/wp-json\/wp\/v2\/types\/post"}],"author":[{"embeddable":true,"href":"https:\/\/www.iceagetv.com\/radiosite\/wp-json\/wp\/v2\/users\/2"}],"replies":[{"embeddable":true,"href":"https:\/\/www.iceagetv.com\/radiosite\/wp-json\/wp\/v2\/comments?post=35495"}],"version-history":[{"count":1,"href":"https:\/\/www.iceagetv.com\/radiosite\/wp-json\/wp\/v2\/posts\/35495\/revisions"}],"predecessor-version":[{"id":35498,"href":"https:\/\/www.iceagetv.com\/radiosite\/wp-json\/wp\/v2\/posts\/35495\/revisions\/35498"}],"wp:featuredmedia":[{"embeddable":true,"href":"https:\/\/www.iceagetv.com\/radiosite\/wp-json\/wp\/v2\/media\/35497"}],"wp:attachment":[{"href":"https:\/\/www.iceagetv.com\/radiosite\/wp-json\/wp\/v2\/media?parent=35495"}],"wp:term":[{"taxonomy":"category","embeddable":true,"href":"https:\/\/www.iceagetv.com\/radiosite\/wp-json\/wp\/v2\/categories?post=35495"},{"taxonomy":"post_tag","embeddable":true,"href":"https:\/\/www.iceagetv.com\/radiosite\/wp-json\/wp\/v2\/tags?post=35495"}],"curies":[{"name":"wp","href":"https:\/\/api.w.org\/{rel}","templated":true}]}}