{"id":35520,"date":"2025-06-04T08:48:13","date_gmt":"2025-06-04T06:48:13","guid":{"rendered":"https:\/\/www.iceagetv.com\/radiosite\/?p=35520"},"modified":"2025-06-04T08:48:15","modified_gmt":"2025-06-04T06:48:15","slug":"grande-figure-de-la-culture-et-du-journalisme-philippe-labro-88-ans-est-decede-des-suites-dun-cancer-paris-match-il-avait-egalement-presente-le-13h-sur-antenne-2-et-des-emissions-culturelles","status":"publish","type":"post","link":"https:\/\/www.iceagetv.com\/radiosite\/grande-figure-de-la-culture-et-du-journalisme-philippe-labro-88-ans-est-decede-des-suites-dun-cancer-paris-match-il-avait-egalement-presente-le-13h-sur-antenne-2-et-des-emissions-culturelles\/","title":{"rendered":"Grande figure de la culture et du journalisme, Philippe Labro, 88 ans, est d\u00e9c\u00e9d\u00e9 des suites d&rsquo;un cancer (Paris Match) &#8211; Il avait \u00e9galement pr\u00e9sent\u00e9 le 13h sur Antenne 2 et des \u00e9missions culturelles sur Direct 8 puis C8"},"content":{"rendered":"\n<p class=\"\">Grande figure de la culture et du journalisme, Philippe Labro est d\u00e9c\u00e9d\u00e9 des suites d&rsquo;un cancer \u00e0 l&rsquo;\u00e2ge de 88 ans, \u00e0 Paris.&nbsp;<\/p>\n\n\n\n<p class=\"\">\u00c0 18 ans, il part \u00e9tudier en Virginie. Il en profite pour voyager \u00e0 travers tous les \u00c9tats-Unis. De retour en Europe, il devient reporter \u00e0 Europe 1 et \u00e0 France Soir gr\u00e2ce \u00e0 l&rsquo;\u00e9mission de Pierre Lafor\u00eat, intitul\u00e9 \u00ab\u00a0La Coupe des Reporters\u00a0\u00bb.<\/p>\n\n\n\n<p class=\"\">Militaire de 1960 \u00e0 1962 pendant la guerre d&rsquo;Alg\u00e9rie, Philippe Labro reprend ensuite ses activit\u00e9s de journaliste pour le compte de RTL, Paris Match, TF1 et Antenne 2. Il a \u00e9crit et r\u00e9alis\u00e9 plusieurs films dont \u00ab\u00a0Sans mobile apparent\u00a0\u00bb (1971) et \u00ab\u00a0Rive droite, rive gauche\u00a0\u00bb (1984).<\/p>\n\n\n\n<p class=\"\">En 1983, il publie \u00ab\u00a0Des cornichons au chocolat\u00a0\u00bb sous le pseudonyme de St\u00e9phanie. Vingt-quatre ans plus tard, Philippe Labro a d\u00e9cid\u00e9 de reconna\u00eetre ce \u00ab\u00a0roman cach\u00e9\u00a0\u00bb d&rsquo;autant qu&rsquo;il constitue le premier volet d&rsquo;une trilogie f\u00e9minine poursuivie avec \u00ab\u00a0Manuella\u00a0\u00bb (1999) et enfin avec \u00ab\u00a0Franz et Clara\u00a0\u00bb (2006).<\/p>\n\n\n\n<p class=\"\">De 1985 \u00e0 2000, il dirige les programmes de RTL pour ensuite devenir vice-pr\u00e9sident de la station (1992). Le 31 mars 2005, il lance avec Vincent Bollor\u00e9, Direct 8. Il y pr\u00e9sente l&rsquo;\u00e9mission de d\u00e9bat \u00ab\u00a0Langue de bois s&rsquo;abstenir\u00a0\u00bb.<\/p>\n\n\n\n<p class=\"\">Auteur de nombreux romans, il re\u00e7oit le prix Interalli\u00e9 1986 pour \u00ab\u00a0L\u2019\u00c9tudiant \u00e9tranger\u00a0\u00bb et publie en 2003 un t\u00e9moignage sinc\u00e8re sur la d\u00e9pression, \u00ab\u00a0Tomber sept fois, se relever huit\u00a0\u00bb.<\/p>\n\n\n\n<p class=\"\">Pendant l&rsquo;\u00e9t\u00e9 2011 puis 2012 il anime sur RTL l&rsquo;\u00e9mission Mon RTL \u00e0 moi chaque dimanche. Fin 2013, il publie \u00ab\u00a0On a tir\u00e9 sur le pr\u00e9sident\u00a0\u00bb, un r\u00e9cit-t\u00e9moignage sur l&rsquo;assassinat de Kennedy.<\/p>\n\n\n\n<p class=\"\">Depuis le 11 avril 2016, il pr\u00e9sente sa chronique L&rsquo;Humeur de Philippe Labro chaque lundi \u00e0 11h15 dans l&rsquo;\u00e9mission Le Duo de L&rsquo;Info pr\u00e9sent\u00e9e par Adrien Borne et Sonia Chironi sur iTELE.<\/p>\n\n\n\n<p class=\"\">En 2005, il lance Direct 8, nouvelle cha\u00eene de t\u00e9l\u00e9vision sur la TNT.<\/p>\n","protected":false},"excerpt":{"rendered":"<p>Grande figure de la culture et du journalisme, Philippe Labro est d\u00e9c\u00e9d\u00e9 des suites d&rsquo;un cancer \u00e0 l&rsquo;\u00e2ge de 88 ans, \u00e0 Paris.&nbsp; \u00c0 18 ans, il part \u00e9tudier en Virginie. Il en profite pour voyager \u00e0 travers tous les \u00c9tats-Unis. De retour en Europe, il devient reporter \u00e0 Europe 1 et \u00e0 France Soir [&hellip;]<\/p>\n","protected":false},"author":2,"featured_media":35522,"comment_status":"open","ping_status":"open","sticky":false,"template":"","format":"standard","meta":{"_jetpack_memberships_contains_paid_content":false,"footnotes":"","jetpack_publicize_message":"","jetpack_publicize_feature_enabled":true,"jetpack_social_post_already_shared":true,"jetpack_social_options":{"image_generator_settings":{"template":"highway","default_image_id":0,"enabled":true,"token":"eyJpbWciOiJodHRwczpcL1wvd3d3LmljZWFnZXR2LmNvbVwvcmFkaW9zaXRlXC93cC1jb250ZW50XC91cGxvYWRzXC8yMDI1XC8wNlwvQ2FwdHVyZS1kZWNyYW4tMjAyNS0wNi0wNC0wODQ3MzAucG5nIiwidHh0IjoiR3JhbmRlIGZpZ3VyZSBkZSBsYSBjdWx0dXJlIGV0IGR1IGpvdXJuYWxpc21lLCBQaGlsaXBwZSBMYWJybywgODggYW5zLCBlc3QgZFx1MDBlOWNcdTAwZTlkXHUwMGU5IGRlcyBzdWl0ZXMgZCYjODIxNzt1biBjYW5jZXIgKFBhcmlzIE1hdGNoKSAmIzgyMTE7IElsIGF2YWl0IFx1MDBlOWdhbGVtZW50IHByXHUwMGU5c2VudFx1MDBlOSBsZSAxM2ggc3VyIEFudGVubmUgMiBldCBkZXMgXHUwMGU5bWlzc2lvbnMgY3VsdHVyZWxsZXMgc3VyIERpcmVjdCA4IHB1aXMgQzgiLCJ0ZW1wbGF0ZSI6ImhpZ2h3YXkiLCJibG9nX2lkIjoxMTEwMTY0NjF9.VKHACOW5OxnjaRoAH5w0Zr7MoceTcn9o6R0Hs_-9vGAMQ"},"version":2},"_wpas_customize_per_network":false},"categories":[68],"tags":[],"class_list":["post-35520","post","type-post","status-publish","format-standard","has-post-thumbnail","hentry","category-actu-culturelle"],"jetpack_publicize_connections":[],"jetpack_featured_media_url":"https:\/\/i0.wp.com\/www.iceagetv.com\/radiosite\/wp-content\/uploads\/2025\/06\/Capture-decran-2025-06-04-084730.png?fit=652%2C310&ssl=1","jetpack_sharing_enabled":true,"_links":{"self":[{"href":"https:\/\/www.iceagetv.com\/radiosite\/wp-json\/wp\/v2\/posts\/35520","targetHints":{"allow":["GET"]}}],"collection":[{"href":"https:\/\/www.iceagetv.com\/radiosite\/wp-json\/wp\/v2\/posts"}],"about":[{"href":"https:\/\/www.iceagetv.com\/radiosite\/wp-json\/wp\/v2\/types\/post"}],"author":[{"embeddable":true,"href":"https:\/\/www.iceagetv.com\/radiosite\/wp-json\/wp\/v2\/users\/2"}],"replies":[{"embeddable":true,"href":"https:\/\/www.iceagetv.com\/radiosite\/wp-json\/wp\/v2\/comments?post=35520"}],"version-history":[{"count":1,"href":"https:\/\/www.iceagetv.com\/radiosite\/wp-json\/wp\/v2\/posts\/35520\/revisions"}],"predecessor-version":[{"id":35523,"href":"https:\/\/www.iceagetv.com\/radiosite\/wp-json\/wp\/v2\/posts\/35520\/revisions\/35523"}],"wp:featuredmedia":[{"embeddable":true,"href":"https:\/\/www.iceagetv.com\/radiosite\/wp-json\/wp\/v2\/media\/35522"}],"wp:attachment":[{"href":"https:\/\/www.iceagetv.com\/radiosite\/wp-json\/wp\/v2\/media?parent=35520"}],"wp:term":[{"taxonomy":"category","embeddable":true,"href":"https:\/\/www.iceagetv.com\/radiosite\/wp-json\/wp\/v2\/categories?post=35520"},{"taxonomy":"post_tag","embeddable":true,"href":"https:\/\/www.iceagetv.com\/radiosite\/wp-json\/wp\/v2\/tags?post=35520"}],"curies":[{"name":"wp","href":"https:\/\/api.w.org\/{rel}","templated":true}]}}