{"id":35533,"date":"2025-06-04T17:58:25","date_gmt":"2025-06-04T15:58:25","guid":{"rendered":"https:\/\/www.iceagetv.com\/radiosite\/?p=35533"},"modified":"2025-06-04T17:58:30","modified_gmt":"2025-06-04T15:58:30","slug":"deprogrammation-cstar-bouleverse-son-prime-en-derniere-minute-ce-soir-pour-rendre-hommage-au-journaliste-philippe-labro","status":"publish","type":"post","link":"https:\/\/www.iceagetv.com\/radiosite\/deprogrammation-cstar-bouleverse-son-prime-en-derniere-minute-ce-soir-pour-rendre-hommage-au-journaliste-philippe-labro\/","title":{"rendered":"D\u00e9programmation : CStar bouleverse son prime en derni\u00e8re minute ce soir pour rendre hommage au journaliste Philippe Labro"},"content":{"rendered":"\n<p class=\"\">Ce mercredi 4 juin 2025, CStar devait diffuser la com\u00e9die \u00ab\u00a0Le M\u00e9decin imaginaire\u00a0\u00bb, mais la chaine du groupe Canal+ a pris la d\u00e9cision de changer de film pour rendre hommage \u00e0 Philippe Labro. C&rsquo;est L&rsquo;H\u00e9ritier, r\u00e9alis\u00e9 par le journaliste, qui sera diffus\u00e9 sur la 17.Une figure des m\u00e9dias nous a quitt\u00e9s. Ce mercredi 4 juin 2025,&nbsp;<a href=\"https:\/\/www.ozap.com\/actu\/philippe-labro-rtl-c8-est-mort-a-lage-de-88-ans\/650209\">on a appris le d\u00e9c\u00e8s de l&rsquo;\u00e9crivain et journaliste Philippe Labro<\/a>. \u00ab\u00a0<em>C&rsquo;est une immense figure de RTL qui dispara\u00eet et notre maison ce matin est travers\u00e9e par une tr\u00e8s grande \u00e9motion<\/em>\u00ab\u00a0, a d\u00e9clar\u00e9 Herv\u00e9 Beroud, directeur de l&rsquo;information du groupe M6-RTL, au micro de RTL, radio sur laquelle le d\u00e9funt a occup\u00e9 les fonctions de vice-pr\u00e9sident aux c\u00f4t\u00e9s de Jacques Rigaud et de directeur des programmes entre 1985 et 2000.<\/p>\n\n\n\n<p class=\"\">D\u00e9c\u00e9d\u00e9 d&rsquo;un cancer \u00e0 l&rsquo;\u00e2ge de 88 ans,&nbsp;<a href=\"https:\/\/www.ozap.com\/personnalite\/philippe-labro_e1420\">Philippe Labro<\/a>&nbsp;avait \u00e9galement travaill\u00e9 pour Antenne 2, CNews, et il a lanc\u00e9 la cha\u00eene Direct 8, qui a ensuite \u00e9t\u00e9 renomm\u00e9e D8 et C8,&nbsp;<a href=\"https:\/\/www.ozap.com\/actu\/-l-essentiel-chez-labro-le-nouveau-rendez-vous-de-philippe-labro-debute-le-dimanche-9-mai-sur-c8\/603831\">o\u00f9 il officiait toujours avant sa fermeture en f\u00e9vrier<\/a>, en pr\u00e9sentant l&rsquo;\u00e9mission litt\u00e9raire \u00ab\u00a0L&rsquo;essentiel chez Labro\u00a0\u00bb tous les dimanches.&nbsp;<a href=\"https:\/\/www.ozap.com\/actu\/nen-deplaise-aux-jeteurs-de-sort-pour-sa-derniere-sur-c8-philippe-labro-revisite-une-celebre-chanson-de-georges-brassens\/648913\">Pour sa derni\u00e8re sur la cha\u00eene, il avait d&rsquo;ailleurs amus\u00e9 et \u00e9mu tout le monde en revisitant une c\u00e9l\u00e8bre chanson de Georges Brassens<\/a>.<\/p>\n\n\n\n<p class=\"\">CStar rend hommage \u00e0 Philippe Labro<\/p>\n\n\n\n<p class=\"\"><a href=\"https:\/\/www.ozap.com\/personnalite\/maxime-saada_e545108\">Maxime Saada<\/a>, pr\u00e9sident du directoire du groupe Canal+, a \u00e9videmment r\u00e9agit \u00e0 sa disparition en publiant un touchant message sur X, anciennement Twitter. \u00ab\u00a0<em>Profonde tristesse ce matin \u00e0 l\u2019annonce de la disparition de l\u2019immense Philippe Labro. Journaliste puis patron m\u00e9dia avec RTL qu\u2019il a marqu\u00e9 de son empreinte, \u00e0 l\u2019origine de Direct 8 puis figure cl\u00e9 de C8, grand \u00e9crivain et cin\u00e9aste, ami fid\u00e8le si proche des plus grands de Melville \u00e0 Hallyday, grand connaisseur et conteur de l\u2019Am\u00e9rique, il a travers\u00e9 le si\u00e8cle comme personne, curieux de tout, profond\u00e9ment libre. Tendres pens\u00e9es \u00e0 son \u00e9pouse Fran\u00e7oise, ses enfants et petits-enfants qu\u2019il aimait plus que tout. Son regard, son amiti\u00e9, son parler vrai manqueront \u00e0 beaucoup d\u2019entre nous<\/em>\u00ab\u00a0, a-t-il \u00e9crit.Le groupe Canal+ a donc logiquement pris la d\u00e9cision de lui rendre hommage. Ce mercredi 4 juin 2025, CStar, devait diffuser la com\u00e9die d&rsquo;Ahmed Hamidi, \u00ab\u00a0Le M\u00e9decin imaginaire\u00a0\u00bb, avec Alban Ivanov, Fatsah Bouyahmed et Clotilde Courau, mais la chaine a d\u00e9cid\u00e9 de bouleverser sa programmation pour proposer le film \u00ab\u00a0L&rsquo;H\u00e9ritier\u00a0\u00bb, r\u00e9alis\u00e9 par Philippe Labro. \u00ab\u00a0<em>CStar rend hommage \u00e0 Philippe Labro et modifie son prime du mercredi 4 juin. Le film L&rsquo;H\u00e9ritier, r\u00e9alis\u00e9 par Philippe Labro avec Jean-Paul Belmondo, Charles Denner, Carla Gravina et Jean Rochefort<\/em>\u00ab\u00a0, peut-on lire dans un communiqu\u00e9.<br><br><\/p>\n","protected":false},"excerpt":{"rendered":"<p>Ce mercredi 4 juin 2025, CStar devait diffuser la com\u00e9die \u00ab\u00a0Le M\u00e9decin imaginaire\u00a0\u00bb, mais la chaine du groupe Canal+ a pris la d\u00e9cision de changer de film pour rendre hommage \u00e0 Philippe Labro. C&rsquo;est L&rsquo;H\u00e9ritier, r\u00e9alis\u00e9 par le journaliste, qui sera diffus\u00e9 sur la 17.Une figure des m\u00e9dias nous a quitt\u00e9s. Ce mercredi 4 juin [&hellip;]<\/p>\n","protected":false},"author":2,"featured_media":35522,"comment_status":"open","ping_status":"open","sticky":false,"template":"","format":"standard","meta":{"_jetpack_memberships_contains_paid_content":false,"footnotes":"","jetpack_publicize_message":"","jetpack_publicize_feature_enabled":true,"jetpack_social_post_already_shared":true,"jetpack_social_options":{"image_generator_settings":{"template":"highway","default_image_id":0,"enabled":true,"token":"eyJpbWciOiJodHRwczpcL1wvd3d3LmljZWFnZXR2LmNvbVwvcmFkaW9zaXRlXC93cC1jb250ZW50XC91cGxvYWRzXC8yMDI1XC8wNlwvQ2FwdHVyZS1kZWNyYW4tMjAyNS0wNi0wNC0wODQ3MzAucG5nIiwidHh0IjoiRFx1MDBlOXByb2dyYW1tYXRpb24gOiBDU3RhciBib3VsZXZlcnNlIHNvbiBwcmltZSBlbiBkZXJuaVx1MDBlOHJlIG1pbnV0ZSBjZSBzb2lyIHBvdXIgcmVuZHJlIGhvbW1hZ2UgYXUgam91cm5hbGlzdGUgUGhpbGlwcGUgTGFicm8iLCJ0ZW1wbGF0ZSI6ImhpZ2h3YXkiLCJibG9nX2lkIjoxMTEwMTY0NjF9.fXjowjMXeoCjjnGLUdYTQjnR3EU-6I70fhQ9VVjiaIwMQ"},"version":2},"_wpas_customize_per_network":false},"categories":[68],"tags":[],"class_list":["post-35533","post","type-post","status-publish","format-standard","has-post-thumbnail","hentry","category-actu-culturelle"],"jetpack_publicize_connections":[],"jetpack_featured_media_url":"https:\/\/i0.wp.com\/www.iceagetv.com\/radiosite\/wp-content\/uploads\/2025\/06\/Capture-decran-2025-06-04-084730.png?fit=652%2C310&ssl=1","jetpack_sharing_enabled":true,"_links":{"self":[{"href":"https:\/\/www.iceagetv.com\/radiosite\/wp-json\/wp\/v2\/posts\/35533","targetHints":{"allow":["GET"]}}],"collection":[{"href":"https:\/\/www.iceagetv.com\/radiosite\/wp-json\/wp\/v2\/posts"}],"about":[{"href":"https:\/\/www.iceagetv.com\/radiosite\/wp-json\/wp\/v2\/types\/post"}],"author":[{"embeddable":true,"href":"https:\/\/www.iceagetv.com\/radiosite\/wp-json\/wp\/v2\/users\/2"}],"replies":[{"embeddable":true,"href":"https:\/\/www.iceagetv.com\/radiosite\/wp-json\/wp\/v2\/comments?post=35533"}],"version-history":[{"count":1,"href":"https:\/\/www.iceagetv.com\/radiosite\/wp-json\/wp\/v2\/posts\/35533\/revisions"}],"predecessor-version":[{"id":35534,"href":"https:\/\/www.iceagetv.com\/radiosite\/wp-json\/wp\/v2\/posts\/35533\/revisions\/35534"}],"wp:featuredmedia":[{"embeddable":true,"href":"https:\/\/www.iceagetv.com\/radiosite\/wp-json\/wp\/v2\/media\/35522"}],"wp:attachment":[{"href":"https:\/\/www.iceagetv.com\/radiosite\/wp-json\/wp\/v2\/media?parent=35533"}],"wp:term":[{"taxonomy":"category","embeddable":true,"href":"https:\/\/www.iceagetv.com\/radiosite\/wp-json\/wp\/v2\/categories?post=35533"},{"taxonomy":"post_tag","embeddable":true,"href":"https:\/\/www.iceagetv.com\/radiosite\/wp-json\/wp\/v2\/tags?post=35533"}],"curies":[{"name":"wp","href":"https:\/\/api.w.org\/{rel}","templated":true}]}}